{"id":79906,"date":"2020-03-23T15:18:03","date_gmt":"2020-03-23T19:18:03","guid":{"rendered":"https:\/\/linitiative.ca\/International\/covid-19-maroc-les-editeurs-de-journaux-et-de-publications-en-papier-appeles-a-suspendre-leur-parution\/"},"modified":"2020-03-23T15:18:03","modified_gmt":"2020-03-23T19:18:03","slug":"covid-19-maroc-les-editeurs-de-journaux-et-de-publications-en-papier-appeles-a-suspendre-leur-parution","status":"publish","type":"post","link":"https:\/\/linitiative.ca\/International\/covid-19-maroc-les-editeurs-de-journaux-et-de-publications-en-papier-appeles-a-suspendre-leur-parution\/","title":{"rendered":"Covid-19\/Maroc : Les \u00e9diteurs de journaux et de publications en papier appel\u00e9s \u00e0 suspendre leur parution"},"content":{"rendered":"<div readability=\"32\">\n<p>Publi\u00e9 le 23.03.2020 \u00e0 20h18 par APA News<\/p>\n<\/div>\n<div readability=\"93\">\n<p>Le minist\u00e8re marocain de la Culture a appel\u00e9 tous les \u00e9diteurs de journaux \u00e0 suspendre la publication et la distribution de la presse papier \u00e0 partir de dimanche et jusqu\u2019\u00e0 nouvel ordre.Cet appel intervient dans le cadre de l\u2019\u00e9tat d\u2019urgence sanitaire en vigueur au Maroc et de la mise en \u0153uvre des mesures prises pour lutter contre la propagation du coronavirus, indique le minist\u00e8re dans un communiqu\u00e9.<\/p>\n<p>\u00ab En consid\u00e9ration des r\u00f4les importants et vitaux qu\u2019accomplit la presse nationale, le minist\u00e8re exhorte toutes les institutions de presse concern\u00e9es \u00e0 continuer de fournir du contenu en des moyens alternatifs et de contribuer, avec l\u2019ensemble des m\u00e9dias nationaux, aux efforts d\u2019information et de sensibilisation des citoyens \u00bb, ajoute la m\u00eame source.<\/p>\n<p>A ce jour, le Maroc a enregistr\u00e9 143 cas contamination par le virus de Covid-19, dont trois morts de cinq personnes r\u00e9tablies enti\u00e8rement du virus, a annonc\u00e9 lundi le Directeur de la direction de l\u2019\u00e9pid\u00e9miologie et de lutte contre les maladies, Mohamed Lyoubi.<\/p>\n<p>Sur ce nombre total, le minist\u00e8re fait \u00e9tat de quatre d\u00e9c\u00e8s et de cinq autres gu\u00e9ris enti\u00e8rement de la maladie, a-t-il fait savoir lors d\u2019une d\u00e9claration de presse.<\/p>\n<p>Par r\u00e9gions, F\u00e8s-Mekn\u00e8s se trouve en t\u00eate des r\u00e9gions touch\u00e9es par l\u2019\u00e9pid\u00e9mie avec 35 cas, suivie des r\u00e9gions de Casablanca-Settat (34 cas), Rabat-Sal\u00e9-K\u00e9nitra (32), Marrakech-Safi (15 cas), Tanger-T\u00e9touan-Al Hoceima (9 cas), l\u2019Oriental avec 7 cas, Souss-Massa (6 cas), Beni-Mellal-Khenifra (3 cas) et les r\u00e9gion Draa-Tafilalet et Guelmim-Oued Noun 1 cas chacune, pr\u00e9cise le responsable sanitaire.<\/p>\n<p>Selon le directeur de l\u2019\u00e9pid\u00e9miologie, le nombre total de cas contacts suivis est de 2.798 dont 2.117 sont toujours sous la surveillance sanitaire des \u00e9quipes du minist\u00e8re de la sant\u00e9.<\/p>\n<p>Un total de 582 personnes a termin\u00e9 sa p\u00e9riode de suivi sans pr\u00e9senter de sympt\u00f4mes. Mais parmi ces personnes, 60 personnes \u00e9taient suspectes dont 22 ont finalement \u00e9t\u00e9 test\u00e9es positives au Covid-19.<\/p>\n<p>Pour limiter la propagation du virus, le minist\u00e8re de la sant\u00e9 appelle la population \u00e0 respecter les consignes d\u2019hygi\u00e8ne et de s\u00e9curit\u00e9 sanitaire, ainsi que les mesures pr\u00e9ventives prises par les autorit\u00e9s marocaines, en faisant preuve de responsabilit\u00e9 et de sens du patriotisme.<\/p>\n<p>Les autorit\u00e9s publiques ont pris des mesures drastiques pour enrayer la propagation du virus. Ainsi, un \u00e9tat d\u2019urgence sanitaire a \u00e9t\u00e9 d\u00e9cr\u00e9t\u00e9 depuis vendredi 20 mars et jusqu\u2019au 20 avril prochain.<\/p>\n<\/div>\n<p>Auteur: APA News<br \/>\n<a href=\"https:\/\/www.journalducameroun.com\/covid-19-maroc-les-editeurs-de-journaux-et-de-publications-en-papier-appeles-a-suspendre-leur-parution\/\">Cliquez ici pour lire l&rsquo;article depuis sa source.<\/a><\/p>\n","protected":false},"excerpt":{"rendered":"<p>Publi\u00e9 le 23.03.2020 \u00e0 20h18 par APA News Le minist\u00e8re marocain de la Culture a appel\u00e9 tous les \u00e9diteurs de journaux \u00e0 suspendre la publication et la distribution de la presse papier \u00e0 partir de dimanche et jusqu\u2019\u00e0 nouvel ordre.Cet appel intervient dans le cadre de l\u2019\u00e9tat d\u2019urgence sanitaire en vigueur au Maroc et de [&hellip;]<\/p>\n","protected":false},"author":1965,"featured_media":0,"comment_status":"closed","ping_status":"closed","sticky":false,"template":"","format":"standard","meta":{"fifu_image_url":"","fifu_image_alt":"","footnotes":""},"categories":[73,82],"tags":[],"class_list":["post-79906","post","type-post","status-publish","format-standard","hentry","category-actualite","category-cameroun"],"_links":{"self":[{"href":"https:\/\/linitiative.ca\/International\/wp-json\/wp\/v2\/posts\/79906","targetHints":{"allow":["GET"]}}],"collection":[{"href":"https:\/\/linitiative.ca\/International\/wp-json\/wp\/v2\/posts"}],"about":[{"href":"https:\/\/linitiative.ca\/International\/wp-json\/wp\/v2\/types\/post"}],"author":[{"embeddable":true,"href":"https:\/\/linitiative.ca\/International\/wp-json\/wp\/v2\/users\/1965"}],"replies":[{"embeddable":true,"href":"https:\/\/linitiative.ca\/International\/wp-json\/wp\/v2\/comments?post=79906"}],"version-history":[{"count":0,"href":"https:\/\/linitiative.ca\/International\/wp-json\/wp\/v2\/posts\/79906\/revisions"}],"wp:attachment":[{"href":"https:\/\/linitiative.ca\/International\/wp-json\/wp\/v2\/media?parent=79906"}],"wp:term":[{"taxonomy":"category","embeddable":true,"href":"https:\/\/linitiative.ca\/International\/wp-json\/wp\/v2\/categories?post=79906"},{"taxonomy":"post_tag","embeddable":true,"href":"https:\/\/linitiative.ca\/International\/wp-json\/wp\/v2\/tags?post=79906"}],"curies":[{"name":"wp","href":"https:\/\/api.w.org\/{rel}","templated":true}]}}