{"id":79907,"date":"2020-03-23T17:19:48","date_gmt":"2020-03-23T21:19:48","guid":{"rendered":"https:\/\/linitiative.ca\/International\/cameroun-covid-19-pas-de-confinement-total-a-douala-et-yaounde\/"},"modified":"2020-03-23T17:19:48","modified_gmt":"2020-03-23T21:19:48","slug":"cameroun-covid-19-pas-de-confinement-total-a-douala-et-yaounde","status":"publish","type":"post","link":"https:\/\/linitiative.ca\/International\/cameroun-covid-19-pas-de-confinement-total-a-douala-et-yaounde\/","title":{"rendered":"Cameroun- Covid-19 : pas de confinement total \u00e0 Douala et Yaound\u00e9"},"content":{"rendered":"<div readability=\"32\">\n<p>Publi\u00e9 le 23.03.2020 \u00e0 22h19 par Christian Djimadeu<\/p>\n<\/div>\n<div readability=\"57\">\n<h2 class=\"c3\">Le ministre de la Sant\u00e9 publique, le Dr Manaouda Malachie d\u00e9ment la rumeur annon\u00e7ant une d\u00e9cision de confinement des Camerounais dans leurs domiciles.<\/h2>\n<p class=\"c4\">Durant\u00a0 le week-end \u00e9coul\u00e9, les r\u00e9seaux sociaux ont \u00e9t\u00e9 abond\u00e9s\u00a0 d\u2019informations de toutes sortes. Au rang desquelles, celle faisant allusion \u00e0 une r\u00e9union secr\u00e8te qui se serait tenue au Premier minist\u00e8re, et dont la principale conclusion aurait \u00e9t\u00e9 de demander aux citoyens des villes de Douala et Yaound\u00e9, de rester cloitr\u00e9s chez eux,\u00a0 d\u00e8s mercredi 25 mars\u00a0 prochain, Dans l\u2019optique de limiter la propagation du Covid-19.<\/p>\n<p class=\"c4\">Il n\u2019en est rien, d\u00e9ment le ministre de la Sant\u00e9 publique. Dans un\u00a0 tweet (\u00e0 voir ci-dessous) post\u00e9 ce 23 mars,\u00a0 \u00a0le Dr Manaouada Malachie indique qu\u2019il s\u2019agit d\u2019une affabulation.<\/p>\n<p class=\"c4\"><img loading=\"lazy\" decoding=\"async\" class=\"alignnone size-medium wp-image-360537\" src=\"https:\/\/www.journalducameroun.com\/wp-content\/uploads\/2020\/03\/IMG-20200323-WA0081-191x300.jpg\" alt=\"\" width=\"191\" height=\"300\" srcset=\"https:\/\/www.journalducameroun.com\/wp-content\/uploads\/2020\/03\/IMG-20200323-WA0081-191x300.jpg 191w, https:\/\/www.journalducameroun.com\/wp-content\/uploads\/2020\/03\/IMG-20200323-WA0081-650x1024.jpg 650w, https:\/\/www.journalducameroun.com\/wp-content\/uploads\/2020\/03\/IMG-20200323-WA0081-279x440.jpg 279w, https:\/\/www.journalducameroun.com\/wp-content\/uploads\/2020\/03\/IMG-20200323-WA0081-600x945.jpg 600w, https:\/\/www.journalducameroun.com\/wp-content\/uploads\/2020\/03\/IMG-20200323-WA0081.jpg 686w\" sizes=\"auto, (max-width: 191px) 100vw, 191px\"\/><\/p>\n<p class=\"c4\">La clarification du ministre vient certainement tuer la psychose qui a fait son lit dans certains\u00a0 esprits. Car suite \u00e0 cette rumeur,\u00a0 des habitants des deux capitales, politique et \u00e9conomique, ont commenc\u00e9 faire des provisions dans l\u2019attente du d\u00e9cret restrictif annonc\u00e9.<\/p>\n<p>Le tweet du Minsant\u00e9 arrive au moment o\u00f9 les pays comme la C\u00f4te d\u2019Ivoire et le S\u00e9n\u00e9gal viennent de d\u00e9cr\u00e9ter l\u2019\u00c9tat d\u2019urgence dans leurs territoires respectifs. Du fait de la m\u00eame pand\u00e9mie.<\/p>\n<\/div>\n<p>Auteur: Christian DJIMADEU<br \/>\n<a href=\"https:\/\/www.journalducameroun.com\/cameroun-covid-19-pas-de-confinement-total-a-douala-et-yaounde\/\">Cliquez ici pour lire l&rsquo;article depuis sa source.<\/a><\/p>\n","protected":false},"excerpt":{"rendered":"<p>Publi\u00e9 le 23.03.2020 \u00e0 22h19 par Christian Djimadeu Le ministre de la Sant\u00e9 publique, le Dr Manaouda Malachie d\u00e9ment la rumeur annon\u00e7ant une d\u00e9cision de confinement des Camerounais dans leurs domiciles. Durant\u00a0 le week-end \u00e9coul\u00e9, les r\u00e9seaux sociaux ont \u00e9t\u00e9 abond\u00e9s\u00a0 d\u2019informations de toutes sortes. Au rang desquelles, celle faisant allusion \u00e0 une r\u00e9union secr\u00e8te [&hellip;]<\/p>\n","protected":false},"author":1965,"featured_media":79908,"comment_status":"closed","ping_status":"closed","sticky":false,"template":"","format":"standard","meta":{"fifu_image_url":"","fifu_image_alt":"","footnotes":""},"categories":[73,82],"tags":[],"class_list":["post-79907","post","type-post","status-publish","format-standard","has-post-thumbnail","hentry","category-actualite","category-cameroun"],"_links":{"self":[{"href":"https:\/\/linitiative.ca\/International\/wp-json\/wp\/v2\/posts\/79907","targetHints":{"allow":["GET"]}}],"collection":[{"href":"https:\/\/linitiative.ca\/International\/wp-json\/wp\/v2\/posts"}],"about":[{"href":"https:\/\/linitiative.ca\/International\/wp-json\/wp\/v2\/types\/post"}],"author":[{"embeddable":true,"href":"https:\/\/linitiative.ca\/International\/wp-json\/wp\/v2\/users\/1965"}],"replies":[{"embeddable":true,"href":"https:\/\/linitiative.ca\/International\/wp-json\/wp\/v2\/comments?post=79907"}],"version-history":[{"count":0,"href":"https:\/\/linitiative.ca\/International\/wp-json\/wp\/v2\/posts\/79907\/revisions"}],"wp:featuredmedia":[{"embeddable":true,"href":"https:\/\/linitiative.ca\/International\/wp-json\/"}],"wp:attachment":[{"href":"https:\/\/linitiative.ca\/International\/wp-json\/wp\/v2\/media?parent=79907"}],"wp:term":[{"taxonomy":"category","embeddable":true,"href":"https:\/\/linitiative.ca\/International\/wp-json\/wp\/v2\/categories?post=79907"},{"taxonomy":"post_tag","embeddable":true,"href":"https:\/\/linitiative.ca\/International\/wp-json\/wp\/v2\/tags?post=79907"}],"curies":[{"name":"wp","href":"https:\/\/api.w.org\/{rel}","templated":true}]}}