{"id":79919,"date":"2020-03-24T07:53:13","date_gmt":"2020-03-24T11:53:13","guid":{"rendered":"https:\/\/linitiative.ca\/International\/les-mesures-de-regulation-des-marches-foulees-au-pied\/"},"modified":"2020-03-24T07:53:13","modified_gmt":"2020-03-24T11:53:13","slug":"les-mesures-de-regulation-des-marches-foulees-au-pied","status":"publish","type":"post","link":"https:\/\/linitiative.ca\/International\/les-mesures-de-regulation-des-marches-foulees-au-pied\/","title":{"rendered":"Les mesures de r\u00e9gulation des march\u00e9s foul\u00e9es au pied"},"content":{"rendered":"<p>Les mesures\u00a0prises par le ministre du Commerce, Luc Magloire Mbarga Atangana, pour la gestion du flux dans les march\u00e9s visaient \u00e0 renforcer le syst\u00e8me de nettoyage, rendre plus fluide la circulation et la fr\u00e9quentation des march\u00e9s de la ville de Yaound\u00e9.\u00a0\u00a0La premi\u00e8re porte sur la r\u00e9organisation des march\u00e9s secteur par secteur afin d\u2019\u00e9viter les encombrements et les concentrations des personnes en un m\u00eame point. Un tour fait au march\u00e9 du Mfoundi, au march\u00e9 Acacias \u00e0 Biyem-Assi, ou encore au march\u00e9 Mvog-mbi, permet de constater que les encombrements et les embouteillages sont\u00a0encore une r\u00e9alit\u00e9. Les milliers de personnes vont et viennent. Les foules se bousculent, les personnes s\u2019embrassent, se saluent.\u00a0\u00a0Pour l\u2019instant, la r\u00e9gulation n\u2019est pas le maitre-mot.<\/p>\n<p>La deuxi\u00e8me recommandation concerne l\u2019ouverture et la fermeture des sites marchands. Le communiqu\u00e9 du Mincommerce fixe le nettoyage quotidien des march\u00e9s entre 7h et 9h pour la phase matinale et 16h-18h pour la phase de fin de journ\u00e9e.\u00a0\u00a0L\u2019ouverture des march\u00e9s au grand public est suppos\u00e9e se faire d\u00e8s 7h jusqu\u2019\u00e0 16h. Entre 18h et 5 h le march\u00e9 doit en principe rester ferm\u00e9. Sur les lieux,\u00a0les usagers attestent qu\u2019entre vendeurs et acheteurs, tr\u00e8s peu\u00a0respectent ces prescriptions. Venir t\u00f4t et rentrer tard est une habitude qui a la peau dure.<\/p>\n<p>La troisi\u00e8me mesure concerne l\u2019exposition des marchandises. Elle interdit de les exposer \u00e0 m\u00eame le sol. Malheureusement, la pratique n\u2019a pas recul\u00e9 d\u2019un pouce. La logique du \u00ab\u00a0on va faire comment\u00a0\u00bb est relev\u00e9e pour justifier l\u2019infraction. Past\u00e8ques, ananas, oignons, avocats, ignames, mangues et m\u00eames condiments, sont toujours \u00e0 m\u00eame le sol, flirtant avec la poussi\u00e8re ou la boue.<\/p>\n<p>Pour favoriser l\u2019ex\u00e9cution de ces mesures, les \u00e9l\u00e9ments de la brigade de contr\u00f4le et des r\u00e9pressions des fraudes du minist\u00e8re sont suppos\u00e9s \u00eatre pr\u00e9sents sur le terrain aux c\u00f4t\u00e9s des forces de l\u2019ordre, avec l\u2019appui des autorit\u00e9s locales. Ils doivent savoir qu\u2019\u00e0 cette heure, les march\u00e9s de la ville de Yaound\u00e9 demeurent dans le cafouillage habituel.<\/p>\n<div class=\"awac-wrapper awac widget posts-list-widget-13\">\n<h4 class=\"widget-title\">Recent Posts<\/h4>\n<\/div>\n<p>Auteur: Clovis Mbeng<br \/>\n<a href=\"https:\/\/ecomatin.net\/les-mesures-de-regulation-des-marches-foulees-au-pied\/\">Cliquez ici pour lire l&rsquo;article depuis sa source.<\/a><\/p>\n","protected":false},"excerpt":{"rendered":"<p>Les mesures\u00a0prises par le ministre du Commerce, Luc Magloire Mbarga Atangana, pour la gestion du flux dans les march\u00e9s visaient \u00e0 renforcer le syst\u00e8me de nettoyage, rendre plus fluide la circulation et la fr\u00e9quentation des march\u00e9s de la ville de Yaound\u00e9.\u00a0\u00a0La premi\u00e8re porte sur la r\u00e9organisation des march\u00e9s secteur par secteur afin d\u2019\u00e9viter les encombrements [&hellip;]<\/p>\n","protected":false},"author":1969,"featured_media":0,"comment_status":"closed","ping_status":"closed","sticky":false,"template":"","format":"standard","meta":{"fifu_image_url":"","fifu_image_alt":"","footnotes":""},"categories":[82,78],"tags":[],"class_list":["post-79919","post","type-post","status-publish","format-standard","hentry","category-cameroun","category-economie"],"_links":{"self":[{"href":"https:\/\/linitiative.ca\/International\/wp-json\/wp\/v2\/posts\/79919","targetHints":{"allow":["GET"]}}],"collection":[{"href":"https:\/\/linitiative.ca\/International\/wp-json\/wp\/v2\/posts"}],"about":[{"href":"https:\/\/linitiative.ca\/International\/wp-json\/wp\/v2\/types\/post"}],"author":[{"embeddable":true,"href":"https:\/\/linitiative.ca\/International\/wp-json\/wp\/v2\/users\/1969"}],"replies":[{"embeddable":true,"href":"https:\/\/linitiative.ca\/International\/wp-json\/wp\/v2\/comments?post=79919"}],"version-history":[{"count":0,"href":"https:\/\/linitiative.ca\/International\/wp-json\/wp\/v2\/posts\/79919\/revisions"}],"wp:attachment":[{"href":"https:\/\/linitiative.ca\/International\/wp-json\/wp\/v2\/media?parent=79919"}],"wp:term":[{"taxonomy":"category","embeddable":true,"href":"https:\/\/linitiative.ca\/International\/wp-json\/wp\/v2\/categories?post=79919"},{"taxonomy":"post_tag","embeddable":true,"href":"https:\/\/linitiative.ca\/International\/wp-json\/wp\/v2\/tags?post=79919"}],"curies":[{"name":"wp","href":"https:\/\/api.w.org\/{rel}","templated":true}]}}