{"id":79921,"date":"2020-03-24T06:44:45","date_gmt":"2020-03-24T10:44:45","guid":{"rendered":"https:\/\/linitiative.ca\/International\/politique-nationale\/"},"modified":"2020-03-24T06:44:45","modified_gmt":"2020-03-24T10:44:45","slug":"politique-nationale","status":"publish","type":"post","link":"https:\/\/linitiative.ca\/International\/politique-nationale\/","title":{"rendered":"POLITIQUE NATIONALE"},"content":{"rendered":"<div class=\"featured-area featured-area-inner\"><img loading=\"lazy\" decoding=\"async\" width=\"425\" height=\"397\" src=\"http:\/\/lepays.bf\/wp-content\/uploads\/2020\/03\/01-2-10.jpg\" class=\"attachment-jannah-image-post size-jannah-image-post wp-post-image\" alt=\"\" srcset=\"http:\/\/lepays.bf\/wp-content\/uploads\/2020\/03\/01-2-10.jpg 425w, http:\/\/lepays.bf\/wp-content\/uploads\/2020\/03\/01-2-10-300x280.jpg 300w\" sizes=\"auto, (max-width: 425px) 100vw, 425px\"\/><\/div>\n<div class=\"entry-content entry clearfix\" readability=\"60\">\n<div class=\"stream-item stream-item-above-post-content\">\n<p><noscript><\/p>\n<p><a href=\"\/\/www3.smartadserver.com\/ac?jump=1&amp;nwid=2136&amp;siteid=240610&amp;pgname=rg&amp;fmtid=49046&amp;visit=m&amp;tmstp=[timestamp]&amp;out=nonrich\" target=\"_blank\" rel=\"noopener noreferrer\"><img decoding=\"async\" src=\"http:\/\/www3.smartadserver.com\/ac?out=nonrich&amp;nwid=2136&amp;siteid=240610&amp;pgname=rg&amp;fmtid=49046&amp;visit=m&amp;tmstp=[timestamp]\" border=\"0\" alt=\"\"\/><\/a><\/p>\n<p><\/noscript><\/div>\n<p class=\"c3\"><strong><em>Les premiers responsables du Rassemblement pour le Burkina (RPB) ont anim\u00e9 leur premi\u00e8re conf\u00e9rence de presse le 20 mars 2020, pour le pr\u00e9senter \u00e0 l\u2019opinion nationale.<\/em><\/strong><\/p>\n<p class=\"c3\"><em>C\u2019est d\u00e9sormais au sein du Rassemblement pour le Burkina (RPB) que Louis Armand Ouali veut continuer \u00e0 animer la vie politique au pays des Hommes int\u00e8gres. Le parti a \u00e9t\u00e9 officiellement pr\u00e9sent\u00e9 \u00e0 la presse le 20 mars dernier \u00e0 son si\u00e8ge, \u00e0 Ouagadougou. De ce face-\u00e0 -face avec les Hommes des m\u00e9dias, on retient que le RPB soutient le pr\u00e9sident du Faso, Roch Marc Christian Kabor\u00e9, m\u00eame s\u2019il pr\u00e9sentera des candidats aux \u00e9lections l\u00e9gislatives et municipales \u00e0 venir. Et ce, par la cr\u00e9dibilit\u00e9 de ses responsables. &lt;&lt; Le Rassemblement pour le Burkina entend persuader, convaincre par l\u2019exemplarit\u00e9 de sa conduite&gt;&gt;, a laiss\u00e9 entendre Louis Armand Ouali, pr\u00e9sident du RPB. A l\u2019en croire, le RPB a pour ambition de rassembler les Burkinab\u00e8 autour de l\u2019essentiel, dans un contexte difficile caract\u00e9ris\u00e9 par de multiples adversit\u00e9s. L\u2019embl\u00e8me du RPB est constitu\u00e9 d\u2019une carte du Burkina Faso symbolisant l\u2019unit\u00e9 nationale. Un baobab est plac\u00e9 au centre, symbolisant la r\u00e9silience, l\u2019arbre \u00e0 palabre sous lequel les Burkinab\u00e8 discuteront et r\u00e9gleront leurs contradictions selon leurs valeurs culturelles. Le tout est dans un fond jaune repr\u00e9sentant la richesse du pays avec une bordure rouge circulaire qui repr\u00e9sente le sacrifice \u00e0 consentir pour sauvegarder les int\u00e9r\u00eats sup\u00e9rieurs de la Nation. La devise de ce nouveau parti est unit\u00e9- d\u00e9mocratie-solidarit\u00e9. Pour le pr\u00e9sident de cette formation politique, celle-ci a \u00e9t\u00e9 cr\u00e9\u00e9e pour apporter sa contribution \u00e0 la recherche de solutions endog\u00e8nes pour relever victorieusement tous les d\u00e9fis car, estime-t-il, le d\u00e9veloppement \u00e0 partir de Ouagadougou, \u00ab je n\u2019y crois pas \u00bb.\u00a0<\/em> <em>En rappel, Louis Armand Ouali avait \u00e9t\u00e9 d\u00e9chu de son mandat de d\u00e9put\u00e9 en 2010 parce qu\u2019il \u00e9tait \u00e9lu sous la banni\u00e8re du Rassemblement pour le d\u00e9veloppement du Burkina (RDB) de la province du Poni, alors qu\u2019il \u00e9tait \u00e9galement le secr\u00e9taire g\u00e9n\u00e9ral adjoint charg\u00e9 des affaires politiques de l\u2019Union pour le progr\u00e8s et le changement (UPC) en 2010. Il a \u00e9galement \u00e9t\u00e9 exclu de l\u2019UPC en mai 2016, pour avoir critiqu\u00e9 publiquement la d\u00e9cision du parti de ne pas rejoindre la majorit\u00e9 pr\u00e9sidentielle. Il est conseiller sp\u00e9cial du pr\u00e9sident du Faso, charg\u00e9 des affaires politiques et diplomatiques, depuis juillet 2018.<\/em><\/p>\n<p><strong><em>Issa SIGUIRE<\/em><\/strong><\/p>\n<\/div>\n<p>Auteur: Le Pays<br \/>\n<a href=\"http:\/\/lepays.bf\/politique-nationale\/\">Cliquez ici pour lire l&rsquo;article depuis sa source.<\/a><\/p>\n","protected":false},"excerpt":{"rendered":"<p>Les premiers responsables du Rassemblement pour le Burkina (RPB) ont anim\u00e9 leur premi\u00e8re conf\u00e9rence de presse le 20 mars 2020, pour le pr\u00e9senter \u00e0 l\u2019opinion nationale. C\u2019est d\u00e9sormais au sein du Rassemblement pour le Burkina (RPB) que Louis Armand Ouali veut continuer \u00e0 animer la vie politique au pays des Hommes int\u00e8gres. Le parti a [&hellip;]<\/p>\n","protected":false},"author":1813,"featured_media":79930,"comment_status":"closed","ping_status":"closed","sticky":false,"template":"","format":"standard","meta":{"fifu_image_url":"","fifu_image_alt":"","footnotes":""},"categories":[73,81],"tags":[],"class_list":["post-79921","post","type-post","status-publish","format-standard","has-post-thumbnail","hentry","category-actualite","category-burkina-faso"],"_links":{"self":[{"href":"https:\/\/linitiative.ca\/International\/wp-json\/wp\/v2\/posts\/79921","targetHints":{"allow":["GET"]}}],"collection":[{"href":"https:\/\/linitiative.ca\/International\/wp-json\/wp\/v2\/posts"}],"about":[{"href":"https:\/\/linitiative.ca\/International\/wp-json\/wp\/v2\/types\/post"}],"author":[{"embeddable":true,"href":"https:\/\/linitiative.ca\/International\/wp-json\/wp\/v2\/users\/1813"}],"replies":[{"embeddable":true,"href":"https:\/\/linitiative.ca\/International\/wp-json\/wp\/v2\/comments?post=79921"}],"version-history":[{"count":0,"href":"https:\/\/linitiative.ca\/International\/wp-json\/wp\/v2\/posts\/79921\/revisions"}],"wp:featuredmedia":[{"embeddable":true,"href":"https:\/\/linitiative.ca\/International\/wp-json\/"}],"wp:attachment":[{"href":"https:\/\/linitiative.ca\/International\/wp-json\/wp\/v2\/media?parent=79921"}],"wp:term":[{"taxonomy":"category","embeddable":true,"href":"https:\/\/linitiative.ca\/International\/wp-json\/wp\/v2\/categories?post=79921"},{"taxonomy":"post_tag","embeddable":true,"href":"https:\/\/linitiative.ca\/International\/wp-json\/wp\/v2\/tags?post=79921"}],"curies":[{"name":"wp","href":"https:\/\/api.w.org\/{rel}","templated":true}]}}