{"id":79922,"date":"2020-03-23T14:24:07","date_gmt":"2020-03-23T18:24:07","guid":{"rendered":"https:\/\/linitiative.ca\/International\/covid-19-28-nouveaux-cas-confirmes-au-maroc-143-au-total\/"},"modified":"2020-03-23T14:24:07","modified_gmt":"2020-03-23T18:24:07","slug":"covid-19-28-nouveaux-cas-confirmes-au-maroc-143-au-total","status":"publish","type":"post","link":"https:\/\/linitiative.ca\/International\/covid-19-28-nouveaux-cas-confirmes-au-maroc-143-au-total\/","title":{"rendered":"Covid-19: 28 nouveaux cas confirm\u00e9s au Maroc, 143 au total"},"content":{"rendered":"<div class=\"single-featured\"><img alt=\"\" data-src=\"http:\/\/www.mapmarrakech.ma\/map\/uploads\/2020\/03\/Mohamed-El-Youbi-copier.jpg\"\/><\/div>\n<div class=\"single-post-excerpt post-excerpt-bc\" readability=\"38\">\n<p>Rabat \u2013 Vingt-huit (28) nouveaux cas d\u2019infection au coronavirus ont \u00e9t\u00e9 confirm\u00e9s au Maroc depuis dimanche, portant \u00e0 143 le nombre total de cas test\u00e9s positifs au laboratoire, a annonc\u00e9 lundi le directeur de l\u2019\u00e9pid\u00e9miologie et de la lutte contre les maladies au minist\u00e8re de la Sant\u00e9, Mohamed El Youbi.<\/p>\n<\/div>\n<div class=\"entry-content clearfix single-post-content\" readability=\"67\">\n<p>A ce jour, le nombre de d\u00e9c\u00e8s dus au virus s\u2019\u00e9l\u00e8ve \u00e0 quatre, dont deux dans la r\u00e9gion Casablanca-Settat, un \u00e0 Rabat-Sal\u00e9-K\u00e9nitra et un autre \u00e0 B\u00e9ni Mellal-Kh\u00e9nitra, a pr\u00e9cis\u00e9 M. El Youbi dans une d\u00e9claration retransmise par la MAP sur sa chaine M24 et RIM RADIO, ajoutant que cinq personnes infect\u00e9es au virus ont gu\u00e9ri.<\/p>\n<p>Le responsable a en outre indiqu\u00e9 que sur un total de 2.798 personnes plac\u00e9es sous surveillance m\u00e9dicale dans le cadre du plan de veille \u00e9pid\u00e9miologique, 643 cas ont \u00e9t\u00e9 exclus suite \u00e0 des tests n\u00e9gatifs effectu\u00e9s au laboratoire.<\/p>\n<p>En outre, 2.117 sont toujours plac\u00e9s sous contr\u00f4le sanitaire, alors que 582 autres ont achev\u00e9 la p\u00e9riode de surveillance, a relev\u00e9 le directeur, notant que 22 personnes contacts ont \u00e9t\u00e9 test\u00e9es positives.<\/p>\n<p>C\u00f4t\u00e9 r\u00e9partition r\u00e9gionale, Fes-Meknes arrive en t\u00eate des r\u00e9gions touch\u00e9es par le virus avec 35 cas, suivie de Casablanca-Settat (34) et Rabat-Sal\u00e9-K\u00e9nitra (32).<\/p>\n<p>Viennent ensuite la r\u00e9gion de Marrakech-Safi avec 15 cas, Tanger-T\u00e9touan-Al Hoceima 09 cas, l\u2019Oriental 07, Souss-Massa (06), Beni Mellal-Khenifra (03), un seul cas dans la r\u00e9gion de Draa Tafilalet et la r\u00e9gion de Guelmim-Oued Noun.<\/p>\n<\/div>\n<p>Auteur: Meriem IGASS<br \/>\n<a href=\"http:\/\/www.mapmarrakech.ma\/fr\/covid-19-143-cas-confirmes-au-maroc-jusqua-present\/\">Cliquez ici pour lire l&rsquo;article depuis sa source.<\/a><\/p>\n","protected":false},"excerpt":{"rendered":"<p>Rabat \u2013 Vingt-huit (28) nouveaux cas d\u2019infection au coronavirus ont \u00e9t\u00e9 confirm\u00e9s au Maroc depuis dimanche, portant \u00e0 143 le nombre total de cas test\u00e9s positifs au laboratoire, a annonc\u00e9 lundi le directeur de l\u2019\u00e9pid\u00e9miologie et de la lutte contre les maladies au minist\u00e8re de la Sant\u00e9, Mohamed El Youbi. A ce jour, le nombre [&hellip;]<\/p>\n","protected":false},"author":1788,"featured_media":79927,"comment_status":"closed","ping_status":"closed","sticky":false,"template":"","format":"standard","meta":{"fifu_image_url":"","fifu_image_alt":"","footnotes":""},"categories":[54,76],"tags":[],"class_list":["post-79922","post","type-post","status-publish","format-standard","has-post-thumbnail","hentry","category-maroc","category-regions"],"_links":{"self":[{"href":"https:\/\/linitiative.ca\/International\/wp-json\/wp\/v2\/posts\/79922","targetHints":{"allow":["GET"]}}],"collection":[{"href":"https:\/\/linitiative.ca\/International\/wp-json\/wp\/v2\/posts"}],"about":[{"href":"https:\/\/linitiative.ca\/International\/wp-json\/wp\/v2\/types\/post"}],"author":[{"embeddable":true,"href":"https:\/\/linitiative.ca\/International\/wp-json\/wp\/v2\/users\/1788"}],"replies":[{"embeddable":true,"href":"https:\/\/linitiative.ca\/International\/wp-json\/wp\/v2\/comments?post=79922"}],"version-history":[{"count":0,"href":"https:\/\/linitiative.ca\/International\/wp-json\/wp\/v2\/posts\/79922\/revisions"}],"wp:featuredmedia":[{"embeddable":true,"href":"https:\/\/linitiative.ca\/International\/wp-json\/"}],"wp:attachment":[{"href":"https:\/\/linitiative.ca\/International\/wp-json\/wp\/v2\/media?parent=79922"}],"wp:term":[{"taxonomy":"category","embeddable":true,"href":"https:\/\/linitiative.ca\/International\/wp-json\/wp\/v2\/categories?post=79922"},{"taxonomy":"post_tag","embeddable":true,"href":"https:\/\/linitiative.ca\/International\/wp-json\/wp\/v2\/tags?post=79922"}],"curies":[{"name":"wp","href":"https:\/\/api.w.org\/{rel}","templated":true}]}}