{"id":79931,"date":"2020-03-24T07:22:03","date_gmt":"2020-03-24T11:22:03","guid":{"rendered":"https:\/\/linitiative.ca\/International\/soft-tech-offre-10-millions-de-masques\/"},"modified":"2020-03-24T07:22:03","modified_gmt":"2020-03-24T11:22:03","slug":"soft-tech-offre-10-millions-de-masques","status":"publish","type":"post","link":"https:\/\/linitiative.ca\/International\/soft-tech-offre-10-millions-de-masques\/","title":{"rendered":"Soft tech offre 10 millions de masques"},"content":{"rendered":"<div class=\"body\">\n<div class=\"field field-name-body field-type-text-with-summary field-label-hidden\">\n<div class=\"field-items\" readability=\"11.5\">\n<div class=\"field-item even\" property=\"content:encoded\" readability=\"18\">\n<p class=\"rtejustify\">Soft Tech, filiale de la holding Softgroup, a\u00a0 d\u00e9cid\u00e9 de produire 10 millions de masques qui seront mis gracieusement \u00e0 la disposition du minist\u00e8re de l\u2019Int\u00e9rieur et autres institutions d\u2019utilit\u00e9 publique. Sp\u00e9cialis\u00e9e dans la production int\u00e9gr\u00e9e des tissus techniques, Soft Tech, a relev\u00e9 le d\u00e9fi en un temps record, de transformer son outil de fabrication pour pouvoir produire ces masques en p\u00e9nurie dans le monde, afin d\u2019alimenter le stock du Royaume. Softgroup qui emploie 4.000 personnes dans diff\u00e9rents secteurs d\u2019activit\u00e9s, a mobilis\u00e9 les 300 collaborateurs de Soft Tech qui se relaient 24 heures sur 24 et 7\/7 sur le lieu de production, pour assurer la fabrication industrielle de ces masques.<\/p>\n<p><em>A.E.<\/em><\/p>\n<\/div>\n<\/div>\n<\/div>\n<\/div>\n<div class=\"eco-conseil\">\n<div class=\"view view-eco-conseil-16 view-id-eco_conseil_16 view-display-id-cookies view-dom-id-bbfcdbf7902841144a2f9844d80783f7\">\n<div class=\"view-content\">\n<div id=\"views-bootstrap-grid-1\" class=\"views-bootstrap-grid-plugin-style\">\n<div class=\"row\">\n<div class=\" col-xs-12 col-lg-4\">\n<div class=\"row\">\n<div class=\"col col-xs-12 col-lg-12\">\n<div class=\"field-content\"><a href=\"\/article\/1059291-afriquia-gaz-performe\"><img loading=\"lazy\" decoding=\"async\" class=\"img-responsive\" typeof=\"foaf:Image\" src=\"https:\/\/www.leconomiste.com\/sites\/default\/files\/eco7\/public\/styles\/800x400\/public\/default_images\/default_une.jpg?itok=4jZlgnIZ\" width=\"660\" height=\"330\" alt=\"\"\/><\/a><\/div>\n<\/div>\n<div class=\" title_suite_2 col col-xs-12 col-lg-12\"> <a href=\"\/article\/1059291-afriquia-gaz-performe\"\/><span class=\"field-content\">Afriquia Gaz performe<\/span><\/div>\n<\/div>\n<\/div>\n<div class=\" col-xs-12 col-lg-4\">\n<div class=\"row\">\n<div class=\"col col-xs-12 col-lg-12\">\n<div class=\"field-content\"><a href=\"\/article\/1059290-le-e-learning-operationnel-pour-les-etudiants-de-l-ump\"><img loading=\"lazy\" decoding=\"async\" class=\"img-responsive\" typeof=\"foaf:Image\" src=\"https:\/\/www.leconomiste.com\/sites\/default\/files\/eco7\/public\/styles\/800x400\/public\/default_images\/default_une.jpg?itok=4jZlgnIZ\" width=\"660\" height=\"330\" alt=\"\"\/><\/a><\/div>\n<\/div>\n<div class=\" title_suite_2 col col-xs-12 col-lg-12\"> <a href=\"\/article\/1059290-le-e-learning-operationnel-pour-les-etudiants-de-l-ump\"\/><span class=\"field-content\">Le E-learning op\u00e9rationnel pour les \u00e9tudiants de l\u2019UMP<\/span><\/div>\n<\/div>\n<\/div>\n<div class=\" col-xs-12 col-lg-4\">\n<div class=\"row\">\n<div class=\"col col-xs-12 col-lg-12\">\n<div class=\"field-content\"><a href=\"\/article\/1059289-annulation-du-festival-du-rai\"><img loading=\"lazy\" decoding=\"async\" class=\"img-responsive\" typeof=\"foaf:Image\" src=\"https:\/\/www.leconomiste.com\/sites\/default\/files\/eco7\/public\/styles\/800x400\/public\/default_images\/default_une.jpg?itok=4jZlgnIZ\" width=\"660\" height=\"330\" alt=\"\"\/><\/a><\/div>\n<\/div>\n<div class=\" title_suite_2 col col-xs-12 col-lg-12\"> <a href=\"\/article\/1059289-annulation-du-festival-du-rai\"\/><span class=\"field-content\">Annulation du festival du rai<\/span><\/div>\n<\/div>\n<\/div>\n<\/div>\n<\/div>\n<\/div>\n<\/div>\n<\/div>\n<p>Auteur: hlafriqi<br \/>\n<a href=\"https:\/\/www.leconomiste.com\/article\/1059287-soft-tech-offre-10-millions-de-masques\">Cliquez ici pour lire l&rsquo;article depuis sa source.<\/a><\/p>\n","protected":false},"excerpt":{"rendered":"<p>Soft Tech, filiale de la holding Softgroup, a\u00a0 d\u00e9cid\u00e9 de produire 10 millions de masques qui seront mis gracieusement \u00e0 la disposition du minist\u00e8re de l\u2019Int\u00e9rieur et autres institutions d\u2019utilit\u00e9 publique. Sp\u00e9cialis\u00e9e dans la production int\u00e9gr\u00e9e des tissus techniques, Soft Tech, a relev\u00e9 le d\u00e9fi en un temps record, de transformer son outil de fabrication [&hellip;]<\/p>\n","protected":false},"author":1763,"featured_media":0,"comment_status":"closed","ping_status":"closed","sticky":false,"template":"","format":"standard","meta":{"fifu_image_url":"","fifu_image_alt":"","footnotes":""},"categories":[78,54],"tags":[],"class_list":["post-79931","post","type-post","status-publish","format-standard","hentry","category-economie","category-maroc"],"_links":{"self":[{"href":"https:\/\/linitiative.ca\/International\/wp-json\/wp\/v2\/posts\/79931","targetHints":{"allow":["GET"]}}],"collection":[{"href":"https:\/\/linitiative.ca\/International\/wp-json\/wp\/v2\/posts"}],"about":[{"href":"https:\/\/linitiative.ca\/International\/wp-json\/wp\/v2\/types\/post"}],"author":[{"embeddable":true,"href":"https:\/\/linitiative.ca\/International\/wp-json\/wp\/v2\/users\/1763"}],"replies":[{"embeddable":true,"href":"https:\/\/linitiative.ca\/International\/wp-json\/wp\/v2\/comments?post=79931"}],"version-history":[{"count":0,"href":"https:\/\/linitiative.ca\/International\/wp-json\/wp\/v2\/posts\/79931\/revisions"}],"wp:attachment":[{"href":"https:\/\/linitiative.ca\/International\/wp-json\/wp\/v2\/media?parent=79931"}],"wp:term":[{"taxonomy":"category","embeddable":true,"href":"https:\/\/linitiative.ca\/International\/wp-json\/wp\/v2\/categories?post=79931"},{"taxonomy":"post_tag","embeddable":true,"href":"https:\/\/linitiative.ca\/International\/wp-json\/wp\/v2\/tags?post=79931"}],"curies":[{"name":"wp","href":"https:\/\/api.w.org\/{rel}","templated":true}]}}