{"id":79932,"date":"2020-03-24T06:36:45","date_gmt":"2020-03-24T10:36:45","guid":{"rendered":"https:\/\/linitiative.ca\/International\/ctm-leger-repli-du-chiffre-daffaires-en-2019\/"},"modified":"2020-03-24T06:36:45","modified_gmt":"2020-03-24T10:36:45","slug":"ctm-leger-repli-du-chiffre-daffaires-en-2019","status":"publish","type":"post","link":"https:\/\/linitiative.ca\/International\/ctm-leger-repli-du-chiffre-daffaires-en-2019\/","title":{"rendered":"CTM : l\u00e9ger repli du chiffre d\u2019affaires en 2019"},"content":{"rendered":"<p><strong>Le groupe CTM a termin\u00e9 l\u2019exercice 2019 avec des b\u00e9n\u00e9fices en baisse de 4,2%.<\/strong> Le chiffre d\u2019affaires est aussi en repli.<\/p>\n<div class=\"c10\"\/>\n<p><strong>CTM<\/strong> a boucl\u00e9 l\u2019exercice 2019 sur un r\u00e9sultat net part du groupe\u00a0 en baisse de 4,2% \u00e0 63 millions de DH (par rapport \u00e0 2018). \u00a0Le top management attribue cette performance \u00e0 la baisse du r\u00e9sultat d\u2019exploitation, qui\u00a0 affiche un repli de 1,2% \u00e0 83 millions de DH \u00e0 fin 2019 et ce, malgr\u00e9 une ma\u00eetrise des charges d\u2019exploitation qui ont diminu\u00e9 de 1,5 million de DH.<\/p>\n<p>Lire aussi: <a href=\"https:\/\/www.challenge.ma\/fonds-special-covid-19-la-dgi-consacre-la-deductibilite-des-contributions-133932\/\">Fonds Sp\u00e9cial Covid-19 : La DGI consacre la d\u00e9ductibilit\u00e9 des contributions<\/a><\/p>\n<p>Notons que le chiffre d\u2019affaires s\u2019est \u00e9tabli, quant \u00e0 lui, \u00e0 655 millions de DH, en l\u00e9g\u00e8re baisse de 2 millions de DH (-0,3%), par rapport \u00e0 l\u2019ann\u00e9e pr\u00e9c\u00e9dente, suite au repli de l\u2019activit\u00e9 interurbaine et internationale.En termes de perspectives, la CTM a indiqu\u00e9 qu\u2019elle continuera de suivre de pr\u00e8s l\u2019\u00e9volution de la situation actuelle pour mener tous les ajustements n\u00e9cessaires dict\u00e9s par ledit contexte.<\/p>\n<div class=\"c17\">\n<fieldset class=\"c16\">\n<legend><strong><span class=\"c11\">Challenge<\/span><span class=\"c12\">news<\/span><\/strong><\/legend>\n<div class=\"c15\">Le meilleur de Challenge s\u00e9lectionn\u00e9 par la r\u00e9daction :<\/p>\n<\/div>\n<\/fieldset>\n<\/div>\n<p>Auteur: challenge<br \/>\n<a href=\"https:\/\/www.challenge.ma\/ctm-leger-repli-du-chiffre-daffaires-en-2019-133983\/\">Cliquez ici pour lire l&rsquo;article depuis sa source.<\/a><\/p>\n","protected":false},"excerpt":{"rendered":"<p>Le groupe CTM a termin\u00e9 l\u2019exercice 2019 avec des b\u00e9n\u00e9fices en baisse de 4,2%. Le chiffre d\u2019affaires est aussi en repli. CTM a boucl\u00e9 l\u2019exercice 2019 sur un r\u00e9sultat net part du groupe\u00a0 en baisse de 4,2% \u00e0 63 millions de DH (par rapport \u00e0 2018). \u00a0Le top management attribue cette performance \u00e0 la baisse [&hellip;]<\/p>\n","protected":false},"author":1787,"featured_media":0,"comment_status":"closed","ping_status":"closed","sticky":false,"template":"","format":"standard","meta":{"fifu_image_url":"","fifu_image_alt":"","footnotes":""},"categories":[78,54],"tags":[],"class_list":["post-79932","post","type-post","status-publish","format-standard","hentry","category-economie","category-maroc"],"_links":{"self":[{"href":"https:\/\/linitiative.ca\/International\/wp-json\/wp\/v2\/posts\/79932","targetHints":{"allow":["GET"]}}],"collection":[{"href":"https:\/\/linitiative.ca\/International\/wp-json\/wp\/v2\/posts"}],"about":[{"href":"https:\/\/linitiative.ca\/International\/wp-json\/wp\/v2\/types\/post"}],"author":[{"embeddable":true,"href":"https:\/\/linitiative.ca\/International\/wp-json\/wp\/v2\/users\/1787"}],"replies":[{"embeddable":true,"href":"https:\/\/linitiative.ca\/International\/wp-json\/wp\/v2\/comments?post=79932"}],"version-history":[{"count":0,"href":"https:\/\/linitiative.ca\/International\/wp-json\/wp\/v2\/posts\/79932\/revisions"}],"wp:attachment":[{"href":"https:\/\/linitiative.ca\/International\/wp-json\/wp\/v2\/media?parent=79932"}],"wp:term":[{"taxonomy":"category","embeddable":true,"href":"https:\/\/linitiative.ca\/International\/wp-json\/wp\/v2\/categories?post=79932"},{"taxonomy":"post_tag","embeddable":true,"href":"https:\/\/linitiative.ca\/International\/wp-json\/wp\/v2\/tags?post=79932"}],"curies":[{"name":"wp","href":"https:\/\/api.w.org\/{rel}","templated":true}]}}