{"id":79933,"date":"2020-03-24T07:18:05","date_gmt":"2020-03-24T11:18:05","guid":{"rendered":"https:\/\/linitiative.ca\/International\/coronavirus-et-necrologie-a-la-une-de-la-presse-congolaise\/"},"modified":"2020-03-24T07:18:05","modified_gmt":"2020-03-24T11:18:05","slug":"coronavirus-et-necrologie-a-la-une-de-la-presse-congolaise","status":"publish","type":"post","link":"https:\/\/linitiative.ca\/International\/coronavirus-et-necrologie-a-la-une-de-la-presse-congolaise\/","title":{"rendered":"Coronavirus et n\u00e9crologie \u00e0 la \u00ab Une \u00bb de la presse congolaise"},"content":{"rendered":"<div readability=\"32\">\n<p>Publi\u00e9 le 24.03.2020 \u00e0 12h18 par APA News<\/p>\n<\/div>\n<div readability=\"96\">\n<p>Les journaux congolaise parvenus \u00e0 APA reviennent sur les dispositions prises par le gouvernement congolais pour contrer la pand\u00e9mie du Coronavirus (Covid-19) et l\u2019hommage au \u00ab Roi du Soukous \u00bb Aurlus Mab\u00e9l\u00e9 d\u00e9c\u00e9d\u00e9 \u00e0 Paris \u00e0 cause du Coronavirus.\u00ab Que votre c\u0153ur ne se trouble pas, \u00a0croyez en Dieu, et croyez en moi (JN14,1),titre \u00e0 sa \u2018\u2019Une\u00a0\u00bb le bihebdomadaire catholique La Semaine Africaine qui fait \u00e9cho de la d\u00e9claration de la conf\u00e9rence \u00e9piscopale du Congo au sujet de la pand\u00e9mie du COVID-19 qui s\u2019appuie sur les \u00e9critures saintes.<\/p>\n<p>Selon la publication s\u2019appuyant la conf\u00e9rence \u00e9piscopale du Congo, \u00ab toutes ces mesures d\u2019hygi\u00e8ne et de pr\u00e9caution, ne suffisent pas sans une \u00a0pri\u00e8re fervente et pers\u00e9v\u00e9rante \u00e0 laquelle elle invite instamment le \u00a0peuple congolais(\u2026) afin que Dieu sauve l\u2019humanit\u00e9 de cette pand\u00e9mie. \u00bb<\/p>\n<p>Pendant ce temps le quotidien Les d\u00e9p\u00eaches de Brazzaville, annonce une campagne de sensibilisation de la population aux gestes de pr\u00e9vention contre le Covid-19, initi\u00e9e par des jeunes congolais \u00e0 travers les r\u00e9seaux sociaux.<\/p>\n<p>Ce m\u00eame quotidien relaie l\u2019appel de l\u2019intersyndicale des transporteurs en commun du Congo \u00e0 l\u2019endroit de ses membres, afin que ces derniers (transporteurs) puissent r\u00e9duire le nombre de passagers pour \u00e9viter la propagation de la pand\u00e9mie dans le pays.<\/p>\n<p>Cependant Le Nouveau regard met l\u2019accent sur les commer\u00e7ants qui\u00a0:\u00a0\u00ab\u00a0d\u00e9plorent le manque \u00e0 gagner avec la fermeture ordonn\u00e9e par le gouvernement des bars-dancing, bo\u00eetes de nuit, caves et autres lieux de jouissance \u00e0 cause du COVID-19\u00a0\u00bb.<\/p>\n<p>La presse congolaise \u00e0 l\u2019instar du Nouveau regard, La Semaine Africaine et \u00a0Les d\u00e9p\u00eaches de Brazzaville, rapportent la d\u00e9claration de la F\u00e9d\u00e9ration de l\u2019opposition congolaise lue par sa pr\u00e9sidente Claudine Munari qui appelle \u00ab les congolais \u00e0 la solidarit\u00e9 nationale face \u00e0 la pand\u00e9mie du COVID-19 et les exhorte \u00e0 suivre les consignes d\u2019hygi\u00e8ne annonc\u00e9es par le gouvernement. \u00bb<\/p>\n<p>Les parutions du jour rendent un hommage du musicien congolais, Aur\u00e9lien Miatsonama dit Aurlus Mab\u00e9l\u00e9 \u00ab\u00a0Roi du souskous\u00a0\u00bb dans les ann\u00e9es 80 -90, d\u00e9c\u00e9d\u00e9 \u00e0 l\u2019\u00e2ge de 67 ans, le jeudi 19 mars en r\u00e9gion parisienne (France) \u00e0 cause du coronavirus.<\/p>\n<p>\u00a0\u00ab Avec ses amis Diblo Dibala et Mav Cacharel, Aurlus Mab\u00e9l\u00e9 fonde le groupe Loketo en 1986. Il parcourt le monde entier avec son groupe, dont les succ\u00e8s les plus connus sont , \u201cAfrica Mousso\u201d, \u201cFemme ivoirienne\u201d, \u201cEmbargo\u201d, \u201cBetty\u201d, \u201cAsta De\u201d,\u201dLoketo\u201d, \u201cVacances aux Antilles\u201d, Zebola\u201d, \u201cEbouka\u201d, \u201cSans fronti\u00e8res\u201d, ou \u201cWaka Waka\u201d \u00bb,rappellent ces journaux.<\/p>\n<\/div>\n<p>Auteur: APA News<br \/>\n<a href=\"https:\/\/www.journalducameroun.com\/coronavirus-et-necrologie-a-la-une-de-la-presse-congolaise\/\">Cliquez ici pour lire l&rsquo;article depuis sa source.<\/a><\/p>\n","protected":false},"excerpt":{"rendered":"<p>Publi\u00e9 le 24.03.2020 \u00e0 12h18 par APA News Les journaux congolaise parvenus \u00e0 APA reviennent sur les dispositions prises par le gouvernement congolais pour contrer la pand\u00e9mie du Coronavirus (Covid-19) et l\u2019hommage au \u00ab Roi du Soukous \u00bb Aurlus Mab\u00e9l\u00e9 d\u00e9c\u00e9d\u00e9 \u00e0 Paris \u00e0 cause du Coronavirus.\u00ab Que votre c\u0153ur ne se trouble pas, \u00a0croyez [&hellip;]<\/p>\n","protected":false},"author":1965,"featured_media":0,"comment_status":"closed","ping_status":"closed","sticky":false,"template":"","format":"standard","meta":{"fifu_image_url":"","fifu_image_alt":"","footnotes":""},"categories":[73,82],"tags":[],"class_list":["post-79933","post","type-post","status-publish","format-standard","hentry","category-actualite","category-cameroun"],"_links":{"self":[{"href":"https:\/\/linitiative.ca\/International\/wp-json\/wp\/v2\/posts\/79933","targetHints":{"allow":["GET"]}}],"collection":[{"href":"https:\/\/linitiative.ca\/International\/wp-json\/wp\/v2\/posts"}],"about":[{"href":"https:\/\/linitiative.ca\/International\/wp-json\/wp\/v2\/types\/post"}],"author":[{"embeddable":true,"href":"https:\/\/linitiative.ca\/International\/wp-json\/wp\/v2\/users\/1965"}],"replies":[{"embeddable":true,"href":"https:\/\/linitiative.ca\/International\/wp-json\/wp\/v2\/comments?post=79933"}],"version-history":[{"count":0,"href":"https:\/\/linitiative.ca\/International\/wp-json\/wp\/v2\/posts\/79933\/revisions"}],"wp:attachment":[{"href":"https:\/\/linitiative.ca\/International\/wp-json\/wp\/v2\/media?parent=79933"}],"wp:term":[{"taxonomy":"category","embeddable":true,"href":"https:\/\/linitiative.ca\/International\/wp-json\/wp\/v2\/categories?post=79933"},{"taxonomy":"post_tag","embeddable":true,"href":"https:\/\/linitiative.ca\/International\/wp-json\/wp\/v2\/tags?post=79933"}],"curies":[{"name":"wp","href":"https:\/\/api.w.org\/{rel}","templated":true}]}}