{"id":79935,"date":"2020-03-24T06:52:27","date_gmt":"2020-03-24T10:52:27","guid":{"rendered":"https:\/\/linitiative.ca\/International\/urbain-yameogo-conseiller-special-du-president-du-faso\/"},"modified":"2020-03-24T06:52:27","modified_gmt":"2020-03-24T10:52:27","slug":"urbain-yameogo-conseiller-special-du-president-du-faso","status":"publish","type":"post","link":"https:\/\/linitiative.ca\/International\/urbain-yameogo-conseiller-special-du-president-du-faso\/","title":{"rendered":"URBAIN YAMEOGO, CONSEILLER SPECIAL DU PRESIDENT DU FASO"},"content":{"rendered":"<div class=\"stream-item stream-item-above-post-content\">\n<p><noscript><\/p>\n<p><a href=\"\/\/www3.smartadserver.com\/ac?jump=1&amp;nwid=2136&amp;siteid=240610&amp;pgname=rg&amp;fmtid=49046&amp;visit=m&amp;tmstp=[timestamp]&amp;out=nonrich\" target=\"_blank\" rel=\"noopener noreferrer\"><img decoding=\"async\" src=\"http:\/\/www3.smartadserver.com\/ac?out=nonrich&amp;nwid=2136&amp;siteid=240610&amp;pgname=rg&amp;fmtid=49046&amp;visit=m&amp;tmstp=[timestamp]\" border=\"0\" alt=\"\"\/><\/a><\/p>\n<p><\/noscript><\/div>\n<p class=\"c3\"><strong><em>Il s\u2019appelle Urbain Yam\u00e9ogo. Il est actuellement enseignant-chercheur et directeur du programme Environnement de l\u2019Universit\u00e9 Aube\u00a0Nouvelle. L\u00e0-bas, il est aussi directeur du master en management de l\u2019Environnement et du d\u00e9veloppement durable. Il est biologiste et titulaire d\u2019un Doctorat en \u00e9cologie en 2005 \u00e0 l\u2019Universit\u00e9 d\u2019Orl\u00e9ans en France. Cadre du Mouvement du peuple pour le progr\u00e8s (MPP), Urbain Yam\u00e9ogo, originaire du Boulkiemd\u00e9, occupe un poste de conseiller sp\u00e9cial aupr\u00e8s du pr\u00e9sident Roch Marc Christian Kabor\u00e9. Il est l\u2019invit\u00e9 de \u00ab\u00a0Mardi Politique\u00a0\u00bb de ce jour\u00a0!<\/em><\/strong><\/p>\n<p class=\"c3\"><strong><em>\u00ab\u00a0Le Pays\u00a0\u00bb\u00a0: Vous \u00eates enseignant-chercheur et on vous retrouve sur le terrain politique. Dites-nous comment vous parvenez \u00e0 concilier ces deux domaines.<\/em><\/strong><\/p>\n<p class=\"c3\"><em>Urbain Yam\u00e9ogo\u00a0: En tant que patriote, j\u2019ai toujours \u00e9t\u00e9 sur le terrain politique en tant que militant engag\u00e9 avant d\u2019\u00eatre enseignant-chercheur. J\u2019ai particip\u00e9 aux grandes luttes d\u00e9mocratiques de notre pays dont les plus r\u00e9centes furent\u00a0: la lutte contre la modification de l\u2019article 37 de la Constitution et la mise en \u00e9chec du coup d\u2019Etat du G\u00e9n\u00e9ral Diend\u00e9r\u00e9. Et puis, ce nouveau statut d\u2019enseignant-chercheur est r\u00e9cent. Actuellement, je n\u2019ai pas de probl\u00e8me pour la conduite des activit\u00e9s universitaires, particuli\u00e8rement les enseignements et mes activit\u00e9s politiques. C\u2019est vrai, je ne suis pas toujours dans les m\u00e9dias. Je ne suis pas toujours en premi\u00e8re ligne dans\u00a0les combats. J\u2019ai toujours donn\u00e9 ma contribution sur le plan conceptuel, organisationnel et op\u00e9rationnel sans forc\u00e9ment me faire voir.<\/em><\/p>\n<p class=\"c3\"><strong><em>Pourquoi \u00eatre sur le terrain politique et vouloir rester dans l\u2019ombre\u00a0?<\/em><\/strong><\/p>\n<p class=\"c3\"><em>(Sourire) \u2026 Apr\u00e8s tout ce que je viens de vous dire, je ne suis pas un homme qui veut rester dans l\u2019ombre. Toutefois, j\u2019ai un parcours de militant et pour moi, dans une organisation politique, ce qui est essentiel, c\u2019est la discipline militante qui commande d\u2019agir dans le cadre du parti et dans la ligne politique du parti. C\u2019est pour cela qu\u2019\u00e0 chaque sollicitation, je r\u00e9ponds toujours pr\u00e9sent et j\u2019ex\u00e9cute les missions qui me sont confi\u00e9es. Pour moi, la m\u00e9diatisation des hommes politiques constitue une certaine vedettisation de l\u2019homme politique pour vendre son image. L\u2019objectif ici \u00e9tant de toucher, conqu\u00e9rir et de fid\u00e9liser une certaine opinion pour des besoins d\u2019audience. C\u2019est une recherche de popularit\u00e9. C\u2019est aussi cela, l\u2019un des aspects de la politique. Les m\u00e9dias sont \u00e0 f\u00e9liciter pour le travail qu\u2019ils abattent pour la visibilit\u00e9 des hommes politiques. En ce qui me concerne, le format politique dans lequel j\u2019ai \u00e9volu\u00e9, fait de moi d\u2019abord un serviteur de mon pays. En tant que serviteur de mon peuple, je ne suis pas \u00e0 la recherche d\u2019une popularit\u00e9 \u00e0 titre personnel. Pour moi, un politique qui est soucieux de sa popularit\u00e9 est un politicien \u00e0 vis\u00e9e \u00e9lectorale. Je n\u2019ai pas de vision \u00e9lectoraliste. Du reste, je pense que le bien n\u2019aime pas le bruit et le bruit n\u2019aime pas le bien. J\u2019ai choisi l\u2019efficacit\u00e9 dans la discr\u00e9tion. Il y a des gens qui m\u00e9diatisent leur moindre bienfait. Moi je ne suis pas dans cette logique.<\/em><\/p>\n<p class=\"c3\"><strong><em>Et pourtant, vous avez besoin de poste politique et cela passe par la visibilit\u00e9 de vos actions\u00a0!<\/em><\/strong><\/p>\n<p class=\"c3\"><em>Je ne suis pas venu en politique parce que je veux des postes. J\u2019y suis sur la base de mes convictions. Et ces convictions, je les partage avec des camarades. Nous avons des convictions communes, collectives et individuelles sur des questions politiques. Pour preuve, je viens de vous dire plus haut que j\u2019ai \u00e9t\u00e9 \u00e9lu d\u00e9put\u00e9 et juste apr\u00e8s la validation de mon mandat \u00e0 l\u2019h\u00e9micycle, j\u2019ai c\u00e9d\u00e9 mon poste de d\u00e9put\u00e9 \u00e0 mon suppl\u00e9ant. Depuis lors, je n\u2019ai \u00e9t\u00e9 nomm\u00e9 nulle part si ce n\u2019est r\u00e9cemment, le 5 f\u00e9vrier 2020, que j\u2019ai \u00e9t\u00e9 appel\u00e9 aupr\u00e8s du Chef de l\u2019Etat. Durant cette p\u00e9riode de 4 ans, mon militantisme n\u2019a jamais \u00e9t\u00e9 \u00e9branl\u00e9. Et c\u2019est d\u2019ailleurs pour moi l\u2019occasion de dire \u00e0 la jeune g\u00e9n\u00e9ration que l\u2019engagement politique doit aller au-del\u00e0 des ambitions personnelles. Nous d\u00e9fendons des valeurs et des principes de m\u00eame qu\u2019une cause commune. Pour cet engagement politique, on n\u2019a pas besoin d\u2019\u00eatre \u00e0 un poste\u00a0pour servir la cause \u00e0 d\u00e9fendre.<\/em><\/p>\n<p class=\"c3\"><strong><em>Vous \u00eates conseiller sp\u00e9cial du Pr\u00e9sident du Faso. Comment appr\u00e9hendez-vous votre poste\u00a0?<\/em><\/strong><\/p>\n<p class=\"c3\"><em>Effectivement, j\u2019ai eu l\u2019honneur d\u2019\u00eatre nomm\u00e9 par Son Excellence Monsieur le Pr\u00e9sident du Faso comme conseiller sp\u00e9cial en mati\u00e8re d\u2019environnement et de d\u00e9veloppement durable. Dans ces domaines bien pr\u00e9cis et dans bien d\u2019autres, je me consid\u00e8re comme celui qui d\u00e9tient une torche pour \u00e9clairer la voie pour le Pr\u00e9sident. Elle doit permettre au Pr\u00e9sident du Faso d\u2019avancer sur certaines questions pr\u00e9cises et je suis l\u00e0 pour que cette torche ne s\u2019\u00e9teigne pas.<\/em><\/p>\n<p class=\"c3\"><strong><em>Parlez-nous bri\u00e8vement de votre parcours politique\u00a0!<\/em><\/strong><\/p>\n<p class=\"c3\"><em>Mon parcours politique n\u2019a rien d\u2019exceptionnel. Je suis initi\u00e9 \u00e0 la politique depuis mon secondaire, en militant tout d\u2019abord dans les associations de scolaires, ensuite estudiantines. A l\u2019universit\u00e9, je fais partie de ceux qui ont eu la chance d\u2019avoir des a\u00een\u00e9s qui \u00e9taient soucieux de notre encadrement politique \u00e0 travers les veill\u00e9es-d\u00e9bats dans des cercles ou cellules politiques. Nous avons ainsi \u00e9volu\u00e9 avec ces camarades tout d\u2019abord dans la clandestinit\u00e9, puis la semi-clandestinit\u00e9 surtout avec le Groupe communiste burkinab\u00e8 (GCB) et enfin au grand jour. Le leitmotiv \u00e9tait que nous devions \u00eatre utiles \u00e0 notre pays en \u00e9tant des cadres techniquement comp\u00e9tents et politiquement avertis. Par la suite, avec ces m\u00eames a\u00een\u00e9s, j\u2019ai milit\u00e9 dans le GCB, dont une fraction conduite par Salif Diallo, qui, avec d\u2019autres organisations de la m\u00eame ob\u00e9dience, ont cr\u00e9\u00e9, le 19 avril 1989, l\u2019Organisation pour la d\u00e9mocratie populaire, Mouvement du travail (ODP\/MT). L\u2019ODP\/MT a fusionn\u00e9, le 5 f\u00e9vrier 1996, avec d\u2019autres partis (soit 10 partis) se r\u00e9clamant de la social-d\u00e9mocratie, pour cr\u00e9er le Congr\u00e8s pour la d\u00e9mocratie et le progr\u00e8s (CDP). Je me suis \u00e9cart\u00e9 et je suis rest\u00e9 en marge du CDP, parce que la vision politique \u00e9tait conforme \u00e0 la social-d\u00e9mocratie mais la pratique \u00e9tait plut\u00f4t n\u00e9o-lib\u00e9rale. N\u00e9anmoins, j\u2019\u00e9tais solidaire de mes camarades qui \u00e9taient dans ce parti et qui pensaient qu\u2019ils pouvaient changer les choses de l\u2019int\u00e9rieur. Vous connaissez comment cette aventure s\u2019est achev\u00e9e les 30 et 31 octobre 2014 avec l\u2019insurrection populaire. Les camarades ayant pris conscience de la situation de chaos qui guettait notre pays, ont repris les contacts avec les uns et les autres pour constituer une force politique avec une offre politique \u00e0 notre peuple. C\u2019est ainsi qu\u2019est n\u00e9 le Mouvement du peuple pour le progr\u00e8s (MPP). Je me suis engag\u00e9 avec les camarades pour cette cause commune.<\/em><\/p>\n<p class=\"c3\"><strong><em>\u00ab\u00a0Aujourd\u2019hui, les anciens doivent travailler pour pr\u00e9parer la rel\u00e8ve\u00a0\u00bb<\/em><\/strong><\/p>\n<p class=\"c3\"><strong><em>Vous \u00eates du Centre-Ouest. D\u2019apr\u00e8s ce que certains disent, les a\u00een\u00e9s ne feraient pas assez pour faciliter l\u2019int\u00e9gration des jeunes sur la sc\u00e8ne politique. Qu\u2019en dites-vous\u00a0?<\/em><\/strong><\/p>\n<p class=\"c3\"><em>Personnellement, je vois aujourd\u2019hui, une volont\u00e9 des jeunes de s\u2019affranchir de toutes les contraintes pour leur \u00e9panouissement. Cela est l\u00e9gitime et l\u2019a \u00e9t\u00e9 de tous les temps. Seulement, cette volont\u00e9 est souvent construite sans aucune consid\u00e9ration, sans \u00e9gard des valeurs collectives communes. Faisant ici appel \u00e0 ce que j\u2019ai dit plus haut sur le sens de l\u2019engagement politique, les jeunes doivent accepter de se former et de se faire coacher politiquement pour une bonne maturit\u00e9 afin de bien agir. G\u00e9n\u00e9ralement, les jeunes s\u2019opposent \u00e0 tout ce qui est ancien et veulent les changements tout de suite, ici et maintenant, souvent sans tenir compte de certaines r\u00e9alit\u00e9s politiques du terrain. Les jeunes pensent qu\u2019il faut aller vite\u00a0; et souvent, ils ne tiennent pas compte de certaines valeurs morales, notamment le respect des anciens, la consid\u00e9ration des comp\u00e9tences, la prise en compte des valeurs d\u2019int\u00e9grit\u00e9,\u2026 Pour certains jeunes, la fin justifie les moyens. Les jeunes ne doivent pas \u00eatre dans un nihilisme politique. Autrement dit, ils ne doivent pas nier la v\u00e9rit\u00e9 morale, les valeurs collectives communes et la hi\u00e9rarchie dans une soci\u00e9t\u00e9.<\/em><\/p>\n<p class=\"c3\"><strong><em>Voulez-vous dire que les jeunes sont tr\u00e8s press\u00e9s\u00a0?<\/em><\/strong><\/p>\n<p class=\"c3\"><em>C\u2019est normal, ma conviction est qu\u2019une nation dans laquelle la jeunesse n\u2019est pas press\u00e9e, est une nation qui n\u2019est pas viable et va se scl\u00e9roser. La jeunesse est une source de vitalit\u00e9 et de dynamisme qu\u2019il faut savoir canaliser et utiliser \u00e0 bon escient. C\u2019est pourquoi je parlais tant\u00f4t de maturit\u00e9 politique. Certains sont tr\u00e8s press\u00e9s. Je pense qu\u2019en politique, il n\u2019y a pas de g\u00e9n\u00e9ration spontan\u00e9e. La politique est avant tout, une science et un art que l\u2019on apprend. C\u2019est pourquoi, aujourd\u2019hui, les anciens doivent travailler pour pr\u00e9parer la rel\u00e8ve. Et il faut que les jeunes acceptent d\u2019\u00eatre encadr\u00e9s pour assurer une bonne rel\u00e8ve. Les jeunes ont besoin des anciens et les anciens ont besoin des jeunes.<\/em><\/p>\n<p class=\"c3\"><strong><em>En quoi le Centre-Ouest constitue un enjeu \u00e9lectoral pour votre parti, le MPP, en novembre 2020\u00a0?<\/em><\/strong><\/p>\n<p class=\"c3\"><em>Depuis les ind\u00e9pendances, le Centre-Ouest a toujours \u00e9t\u00e9 un enjeu \u00e9lectoral pour ce pays. A la date d\u2019aujourd\u2019hui, au niveau du Centre-Ouest qui compte quatre provinces (Boulkiemd\u00e9, Sangui\u00e9, Ziro, Sissili), on a dix postes de d\u00e9put\u00e9s. Donc, en mati\u00e8re \u00e9lectorale, cette zone est importante. Nous ne perdons pas cela de vue.<\/em><\/p>\n<p class=\"c3\"><strong><em>Pour certains, les \u00e9lections de 2020 sont \u00e0 redouter, au regard du contexte actuel. Qu\u2019en pensez-vous\u00a0?<\/em><\/strong><\/p>\n<p class=\"c3\"><em>Le fait d\u2019avoir exerc\u00e9 le pouvoir de 2016 \u00e0 nos jours, nous donne des avantages comme des inconv\u00e9nients. Mais nous allons aborder ces \u00e9lections avec s\u00e9r\u00e9nit\u00e9, tout d\u2019abord avec le bilan du programme pr\u00e9sidentiel. Nous avons des acquis \u00e9normes que nous allons pr\u00e9senter aux Burkinab\u00e8 \u00e0 tous les niveaux. Nous allons expliquer \u00e0 la population ce que nous avons r\u00e9ussi \u00e0 faire dans le contexte que vous connaissez, c\u2019est cela la redevabilit\u00e9, et indiquer ce que nous sommes en mesure de r\u00e9aliser encore pour les cinq prochaines ann\u00e9es. Pour moi, ce n\u2019est pas un inconv\u00e9nient, c\u2019est beaucoup plus un atout parce que nous avons montr\u00e9 une capacit\u00e9 de r\u00e9silience et notre farouche volont\u00e9 de progresser, de faire avancer le Burkina Faso malgr\u00e9 tous les b\u00e2tons qu\u2019on a pu mettre dans nos roues.<\/em><\/p>\n<p class=\"c3\"><strong><em>Pensez-vous donc que des b\u00e2tons ont \u00e9t\u00e9 mis dans vos roues\u00a0?<\/em><\/strong><\/p>\n<p class=\"c3\"><em>Les terroristes ont attaqu\u00e9 le pays deux semaines apr\u00e8s l\u2019investiture du pr\u00e9sident Roch Marc Christian Kabor\u00e9. Ce ne sont pas des b\u00e2tons dans les roues, mais plut\u00f4t des canons plac\u00e9s sous nos pieds, avec pour objectif de mettre le pays \u00e0 terre. Et depuis ce temps, on est dans cette situation d\u2019attaques tous azimuts. Dans un premier temps, on attaquait tout autour du Burkina Faso au niveau des fronti\u00e8res. Ensuite, ils sont rentr\u00e9s \u00e0 l\u2019int\u00e9rieur du pays. Ils s\u2019attaquaient aux FDS. Maintenant, ils s\u2019en prennent \u00e0 nos populations. Les civils sont actuellement les principales cibles, dont des femmes et des enfants. C\u2019est clair que cela n\u2019est pas pour nous faciliter la t\u00e2che. Au contraire, c\u2019est pour nous emp\u00eacher de gouverner tranquillement.<\/em><\/p>\n<p class=\"c3\"><strong><em>Pensez-vous que quelqu\u2019un en veut au r\u00e9gime tout particuli\u00e8rement\u00a0?<\/em><\/strong><\/p>\n<p class=\"c3\"><em>Les terroristes nous en veulent. Maintenant, qui sont ces terroristes\u00a0? Nous cherchons \u00e0 le d\u00e9couvrir. Celui qui tire n\u2019est pas le seul terroriste. C\u2019est aussi celui qui l\u2019a arm\u00e9 et lui a fourni les moyens logistiques pour commettre les crimes. Ceux qui tirent sur nos FDS et nos populations, ont des ma\u00eetres \u00e0 penser. Ils ont des commanditaires que nous souhaitons conna\u00eetre, face \u00e0 face. Mais ils nous attaquent l\u00e2chement, cagoul\u00e9s\u00a0; il n\u2019y a pas meilleure fa\u00e7on de nous emp\u00eacher de gouverner.<\/em><\/p>\n<p class=\"c3\"><strong><em>Comment explique-t-on, selon vous, cette capacit\u00e9 \u00e0 se r\u00e9g\u00e9n\u00e9rer des terroristes\u00a0?<\/em><\/strong><\/p>\n<p class=\"c3\"><em>Je fais mon analyse \u00e0 plusieurs niveaux. Les terroristes qui nous attaquent ne sont pas venus du n\u00e9ant. Ceux qui sont les plus visibles aujourd\u2019hui, ce sont les partisans de Iyad Ag\u00a0Ghali qui ont v\u00e9cu au Burkina Faso, ici avec nous. Certains \u00e9taient avec les r\u00e9fugi\u00e9s au niveau de nos fronti\u00e8res. Ils sont rest\u00e9s dans notre pays pendant plusieurs ann\u00e9es et aujourd\u2019hui, ils ont retourn\u00e9 leurs armes contre le Burkina Faso. Quand vous remontez dans leur histoire, \u00e0 la r\u00e9bellion touareg, bon nombre de ces hommes qui ont combattu pour la zone de l\u2019Azawad pour l\u2019occupation de territoires au Mali, Niger et Burkina, font partie actuellement des terroristes. Apr\u00e8s avoir \u00e9chou\u00e9 dans leurs ambitions, ces combattants touaregs ont \u00e9t\u00e9 cantonn\u00e9s en Libye par le Colonel Kadhafi. Ils constituaient la l\u00e9gion islamiste de Kadhafi avec un effectif d\u2019au moins 20 mille hommes qui assuraient m\u00eame la s\u00e9curit\u00e9 de Kadhafi. C\u2019\u00e9tait la garde pr\u00e9torienne du Guide libyen. Cette l\u00e9gion, constitu\u00e9e de Touaregs et d\u2019autres groupes similaires, avait \u00e9galement \u00e0 sa t\u00eate un g\u00e9n\u00e9ral qui \u00e9tait lui aussi Touareg. D\u00e8s lors que la communaut\u00e9 internationale a avalis\u00e9 la d\u00e9stabilisation de la Libye, et qu\u2019un service apr\u00e8s-vente n\u2019a pas \u00e9t\u00e9 assur\u00e9 apr\u00e8s la mort de Kadhafi, ces milliers d\u2019hommes, tels des essaims d\u2019abeilles lib\u00e9r\u00e9es d\u2019une ruche, ont, ainsi, disparu dans la nature avec une grande quantit\u00e9 d\u2019armement. C\u2019\u00e9tait la d\u00e9bandade. Plus tard, ces m\u00eames combattants ont exhum\u00e9 leur d\u00e9sir de conqu\u00eate d\u2019un territoire. Ils font croire qu\u2019ils d\u00e9fendent des valeurs mais en r\u00e9alit\u00e9, c\u2019est une question de territoire. Aujourd\u2019hui, ils mettent \u00e0 mal l\u2019int\u00e9grit\u00e9 territoriale du Mali, du Burkina et du Niger, essentiellement. Pourquoi ces Touaregs ne s\u2019attaquent-ils pas \u00e0 la Mauritanie ou \u00e0 l\u2019Alg\u00e9rie\u00a0si c\u2019\u00e9tait une question de religion ? Parce qu\u2019ils estiment n\u2019avoir pas de territoire dans ces pays. Ce n\u2019est donc pas une guerre contre le r\u00e9gime actuel, mais une guerre d\u2019occupation du territoire. Ils utilisent seulement le manteau de la religion pour arriver \u00e0 leurs fins. Cette guerre est men\u00e9e par des terroristes mais aussi par des narcotrafiquants et des bandits de tout acabit.<\/em><\/p>\n<p class=\"c3\"><strong><em>Pensez-vous que ceux qui critiquent l\u2019incapacit\u00e9 du pouvoir \u00e0 faire face \u00e0 la situation, font dans l\u2019exag\u00e9ration\u00a0?<\/em><\/strong><\/p>\n<p class=\"c3\"><em>Il y a des gens qui font semblant de ne pas conna\u00eetre l\u2019histoire de notre pays ou de notre arm\u00e9e. Le Burkina Faso revient de tr\u00e8s loin.\u00a0<\/em> <em>Nos diff\u00e9rents Etats, apr\u00e8s l\u2019ind\u00e9pendance, n\u2019ont pas form\u00e9 des arm\u00e9es de guerre. Mais plut\u00f4t des arm\u00e9es de d\u00e9veloppement. La preuve, vous avez la malheureuse guerre Burkina-Mali, les gens \u00e9taient vite essouffl\u00e9s. Mieux, si on parlait de l\u2019arm\u00e9e \u00e0 l\u2019\u00e9poque, c\u2019\u00e9tait pour la d\u00e9fense de l\u2019int\u00e9grit\u00e9 territoriale. Or, la mission des arm\u00e9es des puissances qui nous assistent dans l\u2019encadrement et la formation de nos \u00e9lites militaires et de nos troupes, ne se r\u00e9sume pas seulement dans la d\u00e9fense de l\u2019int\u00e9grit\u00e9 territoriale. Elle int\u00e8gre aussi de la d\u00e9fense des infrastructures et de l\u2019\u00e9conomie de leurs pays respectifs m\u00eame au-del\u00e0 de leurs fronti\u00e8res. Mais nous, nous nous contentons de la rengaine \u00ab d\u00e9fense de l\u2019int\u00e9grit\u00e9 territoriale du pays, des biens et des personnes \u00bb. Cela s\u2019est d\u00e9teint sur la qualit\u00e9 nos arm\u00e9es et leur sous-\u00e9quipement aussi. Aujourd\u2019hui, vous ne trouverez aucun partenaire qui vous aidera \u00e0 acheter des armes parce qu\u2019on estime que c\u2019est une question de souverainet\u00e9. Mais curieusement, lorsque vous \u00e9laborez un budget qui vous permet de vous \u00e9quiper militairement, on vous refuse l\u2019aide au d\u00e9veloppement au pr\u00e9texte que vous pourriez utiliser l\u2019essentiel de vos ressources pour vous constituer un arsenal militaire. On fait tout pour que vous ne deveniez pas de puissances militaires qui puissent porter ombrage.<\/em> <em>Le Burkina Faso, sous la R\u00e9volution, avait commenc\u00e9 \u00e0 travailler pour sa souverainet\u00e9 militaire, \u00e0 se construire une arm\u00e9e. Des \u00e9quipements \u00e9taient acquis, des formations organis\u00e9es pour que notre arm\u00e9e soit v\u00e9ritablement une arm\u00e9e combattante. L\u00e0 aussi, \u00e0 la fin de la r\u00e9volution, cette vision de faire du Burkina un Etat militairement fort s\u2019est \u00e9mouss\u00e9e \u00e0 partir du moment o\u00f9 Blaise Compaor\u00e9 \u00e9tait en train de perdurer au pouvoir. Il avait la phobie des coups d\u2019Etat et pour cette raison, il a pr\u00e9f\u00e9r\u00e9 se doter d\u2019une garde pr\u00e9torienne. A un moment donn\u00e9, l\u2019arm\u00e9e burkinab\u00e8 \u00e9tait abandonn\u00e9e \u00e0 son propre sort, au point qu\u2019on pouvait s\u2019interroger si les soldats \u00e9taient normalement recrut\u00e9s et form\u00e9s comme il se doit. Certains bons soldats \u00e9taient aussi envoy\u00e9s dans les missions onusiennes. De m\u00eame, depuis la crise de 2011, nos militaires n\u2019avaient plus d\u2019armes qui avaient \u00e9t\u00e9 r\u00e9cup\u00e9r\u00e9es et cantonn\u00e9es quelque part. Cela a perdur\u00e9 jusqu\u2019en 2014. On nous a laiss\u00e9 une arm\u00e9e qu\u2019il fallait totalement reconstituer et reconstruire. Aujourd\u2019hui, nous sommes sur la bonne voie et cela se voit au niveau des r\u00e9sultats dans la lutte contre le terrorisme.<\/em><\/p>\n<p class=\"c3\"><strong><em>\u00ab\u00a0Aujourd\u2019hui, un magistrat en d\u00e9but de carri\u00e8re peut se retrouver avec au moins 600\u00a0000 F CFA comme indemnit\u00e9s et autres avantages et primes. Avec de tels avantages, on peut quand m\u00eame, en tant que patriote, c\u00e9der un minimum pour contribuer \u00e0 la construction du pays\u00a0\u00bb<\/em><\/strong><\/p>\n<p class=\"c3\"><strong><em>Lors du dernier congr\u00e8s du MPP, Simon Compaor\u00e9 est pass\u00e9 de pr\u00e9sident par int\u00e9rim \u00e0 pr\u00e9sident du parti. Cette \u00ab\u00a0promotion\u00a0\u00bb n\u2019est-elle qu\u2019une \u00e9vidence\u00a0?<\/em><\/strong><\/p>\n<p class=\"c3\"><em>Je ne parlerais pas de promotion. L\u2019histoire du MPP est incarn\u00e9e par ses trois principaux porte- drapeaux que sont Roch Marc Christian Kabor\u00e9, feu Salifou Diallo et Simon Compaor\u00e9. Roch Kabor\u00e9 est devenu Pr\u00e9sident du Faso, c\u00e9dant ainsi sa place \u00e0 Salifou Diallo. Malheureusement, ce dernier est d\u00e9c\u00e9d\u00e9 en plein combat. Naturellement, s\u2019il y a une personne qui a la l\u00e9gitimit\u00e9 politique pour diriger aujourd\u2019hui le parti, c\u2019est bien Simon Compaor\u00e9. Le congr\u00e8s n\u2019a fait qu\u2019ent\u00e9riner une \u00e9vidence. La politique n\u2019est pas une affaire de g\u00e9n\u00e9ration spontan\u00e9e mais rev\u00eat une grande consid\u00e9ration de l\u00e9gitimit\u00e9 politique.<\/em><\/p>\n<p class=\"c3\"><strong><em>N\u2019y avait-il pas d\u2019autres personnes pour postuler \u00e0 la pr\u00e9sidence du MPP\u00a0?<\/em><\/strong><\/p>\n<p class=\"c3\"><em>Il n\u2019y a eu aucune initiative pour \u00e9touffer quoi que ce soit. Cela n\u2019a jamais exist\u00e9 dans le parti. Dans tous les cas, comment \u00eatre candidat face \u00e0 une personnalit\u00e9 de la dimension de Simon Compaor\u00e9 dont la l\u00e9gitimit\u00e9 politique ne souffre d\u2019aucun d\u00e9bat\u00a0 quelconque? Le MPP est un parti de gauche qui d\u00e9fend des valeurs et des principes et quand vous les appr\u00e9hendez, notamment en ces aspects relatifs au militantisme, au parcours et \u00e0 l\u2019engagement en politique, vos ambitions sont assur\u00e9ment mesur\u00e9es.<\/em><\/p>\n<p class=\"c3\"><strong><em>Peut-on dire qu\u2019il y a une coh\u00e9sion au sein du MPP, quand on voit les frustrations dues \u00e0 plusieurs raisons, notamment la distribution des postes\u00a0?<\/em><\/strong><\/p>\n<p class=\"c3\"><em>Il y a plusieurs raisons de venir en politique. Certains viennent en politique parce que leur grand-fr\u00e8re, leur ami, oncle, est \u00e0 la t\u00eate du parti ou est dans le parti. Il y en a qui viennent en politique parce qu\u2019ils pensent que c\u2019est une passerelle pour avoir une promotion sociale. Toutes ces raisons sont aussi valables, les unes que les autres. C\u2019est cela l\u2019ambition. Quand vous \u00eates dans un parti comme le MPP, vous devez savoir qu\u2019il y a des principes et des textes \u00e0 respecter. Vos ambitions sont assujetties \u00e0 celles du parti. Ce sont les ambitions du parti qui priment. Vous ne pouvez pas imposer des choses au parti. C\u2019est au parti de juger du m\u00e9rite des militants et c\u2019est lui qui planifie la promotion des uns et des autres dans la gestion des cadres. Vous ne devez pas estimer que, parce que vous avez fait telle ou telle chose, l\u2019on devrait vous nommer \u00e0 un tel poste. Ceux qui r\u00e9clament des postes \u00e0 tout va, sans avoir fait leurs preuves et laisser le parti juger des apports, sont des opportunistes, des arrivistes qui ne militent que pour leurs int\u00e9r\u00eats bassement mat\u00e9rialistes. Cette impatience est un manque de maturit\u00e9 politique. Ce ne sont pas des militants engag\u00e9s. Ce sont des militants alimentaires.<\/em><\/p>\n<p class=\"c3\"><strong><em>Les syndicats des agents publics sont en guerre contre l\u2019IUTS. Comment analysez-vous cette r\u00e9action des syndicats sur cette question de l\u2019IUTS\u00a0?<\/em><\/strong><\/p>\n<p class=\"c3\"><em>Cette fronde contre l\u2019IUTS est dans la norme des choses. Le syndicat, par principe, d\u00e9fend les int\u00e9r\u00eats mat\u00e9riels et moraux de ses militants. Aujourd\u2019hui, l\u2019IUTS qui est querell\u00e9, doit toucher les revenus des travailleurs et par principe, vous ne trouverez pas un syndicat au monde qui va donner son accord \u00e0 un gouvernant de toucher au revenu d\u2019un travailleur. Sinon ce syndicat n\u2019a plus sa raison d\u2019\u00eatre. Donc, les syndicats sont dans une lutte de principe. L\u2019IUTS a une histoire et ce, depuis le temps de Marc Garango, alors ministre en charge des finances. Le texte pris \u00e0 l\u2019\u00e9poque, s\u2019applique au public et au priv\u00e9. Seulement, la disposition n\u2019a pu \u00eatre effective au niveau des agents publics, tout simplement parce que les indemnit\u00e9s servies \u00e9taient faibles au niveau du secteur public. J\u2019ai \u00e9t\u00e9 directeur et mon indemnit\u00e9 de fonction \u00e9tait de 10\u00a0000 F CFA. Mon indemnit\u00e9 de logement \u00e9tait insignifiante. Mais depuis 2015, les textes qui ont \u00e9t\u00e9 pris, accordent des avantages \u00e9normes. A tire d\u2019exemple, aujourd\u2019hui, un magistrat en d\u00e9but de carri\u00e8re peut se retrouver avec au moins 600\u00a0000 F CFA comme indemnit\u00e9s et autres avantages et primes. Avec de tels avantages, on peut quand m\u00eame, en tant que patriote, c\u00e9der un minimum pour contribuer \u00e0 la construction du pays. La CGT-B avait demand\u00e9 la suppression pure et simple de l\u2019IUTS. Un Etat fonctionne sur la base de ses ressources propres. L\u2019IUTS, tel que pens\u00e9 \u00e0 l\u2019\u00e9poque, servait \u00e0 constituer des ressources propres \u00e0 l\u2019Etat pour l\u2019investissement public. Cet esprit est toujours d\u2019actualit\u00e9. Dans les d\u00e9bats, le priv\u00e9 a trouv\u00e9 avantageux que l\u2019on supprime l\u2019IUTS. Dans ces conditions, le gouvernement ne pouvait, non plus, accepter l\u2019id\u00e9e de suppression de l\u2019IUTS parce qu\u2019il se priverait lui-m\u00eame d\u2019une grande partie de ses ressources propres. Pour l\u2019\u00e9quit\u00e9 au moins et n\u2019ayant pas d\u2019autres possibilit\u00e9s pour combler une \u00e9ventuelle suppression de l\u2019IUTS, le gouvernement a d\u00e9cid\u00e9 de l\u2019appliquer aux agents du secteur public. Il ne faut pas oublier non plus que le priv\u00e9 est en droit de demander des remboursements si toutefois l\u2019Etat d\u00e9cidait de la suppression de l\u2019IUTS. D\u2019ailleurs, il faut remarquer, que depuis plusieurs d\u00e9cennies, l\u2019IUTS sur les indemnit\u00e9s, primes et autres avantages, est appliqu\u00e9 aux agents du secteur priv\u00e9 sans qu\u2019aucun syndicat ne demande sa suppression, ne serait-ce qu\u2019au nom de l\u2019\u00e9quit\u00e9 sociale et de l\u2019\u00e9galit\u00e9 des travailleurs devant la loi.<\/em><\/p>\n<p class=\"c3\"><strong><em>N\u2019est-ce pas une option suicidaire pour le gouvernement\u00a0? Etes-vous pr\u00eats \u00e0 en supporter les cons\u00e9quences\u00a0?<\/em><\/strong><\/p>\n<p class=\"c3\"><em>Je ne vois pas o\u00f9 se situe le suicide. J\u2019ai la conviction que m\u00eame si on reportait cette application en 2021 ou 2022, on aurait exactement la m\u00eame fronde syndicale. Quant aux cons\u00e9quences, elles ne sont qu\u2019avantageuses. Car, on augmente ici l\u2019assiette fiscale de l\u2019Etat. En politique, c\u2019est une question de courage et d\u2019audace. Dans notre pays, quelle que soit la r\u00e9forme qu\u2019on voudra engager, il y aura toujours un braquage. Comment voulez-vous qu\u2019on avance si on ne peut pas faire de r\u00e9formes apr\u00e8s une \u00e9valuation de nos efforts\u00a0? Tout ce qu\u2019on entreprend pour faire avancer le pays, on nous dit d\u2019arr\u00eater. Quel pays a pu progresser sans le moindre sacrifice de son peuple\u00a0?<\/em><\/p>\n<p class=\"c3\"><strong><em>Comment entrevoyez-vous l\u2019issue de cette crise n\u00e9e de l\u2019affaire de l\u2019IUTS\u00a0?<\/em><\/strong><\/p>\n<p class=\"c3\"><em>Le gouvernement, dans sa logique, est ouvert au dialogue. Depuis 2016, le front social est toujours en \u00e9bullition. Des gr\u00e8ves, des sit-in, des appels au boycott, etc. Le Conseil d\u2019Etat a \u00e9t\u00e9 sollicit\u00e9 pour dire le droit et a d\u00e9clar\u00e9 ill\u00e9gaux certains actes comme le sit-in, les boycotts des actes administratifs, etc. Malgr\u00e9 tout, certains syndicats et leurs militants persistent dans cette situation d\u2019ill\u00e9galit\u00e9 flagrante. Notamment, la CGT-B continue d\u2019appeler les travailleurs \u00e0 faire ce qui est ill\u00e9gal. Maintenant, j\u2019esp\u00e8re que l\u2019Etat qui est l\u2019employeur, va appliquer la loi rigoureusement, dans l\u2019int\u00e9r\u00eat du pays. Nous parlons de l\u2019int\u00e9r\u00eat g\u00e9n\u00e9ral du pays. Donc, de tous les Burkinab\u00e8. La CGT-B, elle, parle de l\u2019int\u00e9r\u00eat des fonctionnaires.<\/em><\/p>\n<p class=\"c3\"><strong><em>Des partis politiques demandent au r\u00e9gime de surseoir \u00e0 l\u2019application de l\u2019IUTS. Qu\u2019en pensez-vous\u00a0?<\/em><\/strong><\/p>\n<p class=\"c3\"><em>C\u2019est de la politique politicienne. En r\u00e9alit\u00e9, c\u2019est de l\u2019in\u00e9l\u00e9gance politique. Tout acte qui peut mettre \u00e0 mal la gouvernance du MPP, qui peut braquer l\u2019opinion contre le MPP et qui peut jouer n\u00e9gativement sur le MPP aux \u00e9lections, vous ne pouvez pas demander \u00e0 nos adversaires de se mettre en marge. Ils ne peuvent que jeter de l\u2019huile sur le feu. C\u2019est de bonne guerre. Je comprends ces partis, mais c\u2019est politiquement incorrect de leur part. A la place du MPP, ils n\u2019auraient jamais accept\u00e9 cette situation. Dans tous les cas, ils demandent de surseoir \u00e0 l\u2019application de l\u2019IUTS, donc juste ajourner ou reporter le probl\u00e8me mais pas de supprimer. Les travailleurs ont s\u00fbrement compris le message de ces partis politiques.<\/em><\/p>\n<p class=\"c3\"><strong><em>D\u2019aucuns pensent que la fronde sociale a des vis\u00e9es politiques. Qu\u2019en dites-vous\u00a0?<\/em><\/strong><\/p>\n<p class=\"c3\"><em>Je ne peux qu\u2019adh\u00e9rer \u00e0 cela. C\u2019est la lecture politique qu\u2019il faut avoir. Dans un premier temps, c\u2019\u00e9tait des revendications syndicales pr\u00e9cises et qui r\u00e9pondaient \u00e0 un cahier de dol\u00e9ances. Aujourd\u2019hui, on est pass\u00e9 \u00e0 une revendication politique \u00e0 travers le discours sur la gouvernance. Mais si les syndicats s\u2019engagent sur la lutte politique, ils vont nous trouver sur le terrain.<\/em><\/p>\n<p class=\"c3\"><strong><em>Le malheur n\u2019arrivant pas seul, le Burkina Faso est touch\u00e9 par le Covid-19. Quel regard portez-vous sur les diff\u00e9rentes mesures prises par le gouvernement\u00a0?<\/em><\/strong><\/p>\n<p class=\"c3\"><em>Le gouvernement est \u00e0 f\u00e9liciter parce que les dispositions avaient d\u00e9j\u00e0 \u00e9t\u00e9 prises avant que la maladie ne contamine le Burkina Faso. D\u00e8s que notre pays a \u00e9t\u00e9 touch\u00e9, on n\u2019a fait qu\u2019activer les leviers du plan de riposte \u00e9labor\u00e9. Les mesures actuelles prises par le gouvernement, sont en fonction de l\u2019\u00e9volution de la pand\u00e9mie dans notre pays. Nos pays sont tr\u00e8s sociaux mais avec cette maladie, il faut que nos comportements changent. Comme on le dit, le virus ne circule pas. C\u2019est nous qui circulons et croisons le virus. Chacun doit prendre les dispositions par la distanciation sociale pour \u00e9viter de propager le virus.<\/em><\/p>\n<p><strong><em>Le Burkina Faso a-t-il les moyens de supporter le co\u00fbt \u00e9conomique de cette pand\u00e9mie\u00a0?<\/em><\/strong><\/p>\n<p class=\"c3\"><em>Nous sommes en train de r\u00e9fl\u00e9chir d\u00e9j\u00e0 sur la question au niveau du parti. Un groupe de r\u00e9flexion y travaille. Maintenant, dire que le Burkina pourra supporter l\u2019impact \u00e9conomique de cette pand\u00e9mie, je pense que ce ne serait pas juste. D\u00e9j\u00e0, des pays comme la Chine, la France, l\u2019Italie, auront des difficult\u00e9s pour supporter les cons\u00e9quences de cette pand\u00e9mie. Ce n\u2019est donc pas un pays comme le Burkina Faso qui pourra le faire. Nous devons d\u00e9j\u00e0 imaginer comment faire fonctionner notre \u00e9conomie et les autres secteurs\u00a0: social, politique.<\/em><\/p>\n<p class=\"c3\"><strong><em>Avez-vous un message particulier \u00e0 faire passer\u00a0?<\/em><\/strong><\/p>\n<p class=\"c3\"><em>Le Burkina Faso vit une double \u00e9preuve. Au terrorisme est venue s\u2019ajouter la pand\u00e9mie du Covid-19. Pour y faire face, cela va demander beaucoup de courage \u00e0 notre peuple, une capacit\u00e9 de r\u00e9silience et de d\u00e9passement de soi. C\u2019est \u00e0 travers ces \u00e9preuves que tous les pays se construisent et nous devons sortir de ces \u00e9preuves, renforc\u00e9s \u00e0 tous les niveaux. En ce moment pr\u00e9cis, il faut plus de responsabilit\u00e9. Je ne peux pas comprendre qu\u2019en cette p\u00e9riode de coronavirus, o\u00f9 des grandes puissances n\u2019arrivent pas \u00e0 s\u2019en sortir, un collectif, soit-il syndical, menace de lancer des mots d\u2019ordre de gr\u00e8ve sans service minimum. Notre peuple n\u2019acceptera pas une telle posture de suicide collectif. Il faut comprendre que, quand la Nation est en danger, nous tous sommes tous concern\u00e9s. Les agents de sant\u00e9 doivent se mobiliser autour des premiers responsables de l\u2019Etat pour faire face \u00e0 la situation de crise sanitaire. Deuxi\u00e8me \u00e9l\u00e9ment, nous ne devons pas baisser la garde car les terroristes continuent de nous attaquer. Nous devons rester vigilants sur ces deux fronts de la sant\u00e9 et de la s\u00e9curit\u00e9 et continuer \u00e0 soutenir nos FDS.<\/em><\/p>\n<p class=\"c3\"><strong><em>Interview r\u00e9alis\u00e9e par Michel NANA<\/em><\/strong><\/p>\n<p class=\"c3\"><strong><em>Quel est le parcours de Urbain Gnour\u00e8gma Yam\u00e9ogo\u00a0?<\/em><\/strong><\/p>\n<p class=\"c3\"><em>\u00ab\u00a0Sur le plan acad\u00e9mique, je suis biologiste titulaire d\u2019un Doctorat en \u00e9cologie, obtenu en 2005, \u00e0 l\u2019Universit\u00e9 d\u2019Orl\u00e9ans en France. Sur le plan professionnel, j\u2019ai \u00e9t\u00e9 admis \u00e0 la Fonction publique burkinab\u00e8 en 1989 comme Inspecteur des eaux et for\u00eats. Actuellement, je suis Inspecteur dans le corps des eaux et for\u00eats. Dans mon parcours professionnel, j\u2019ai fait l\u2019expertise depuis les ann\u00e9es 1996 dans les domaines des \u00e9valuations environnementales, du d\u00e9veloppement durable et la gestion des ressources naturelles, du transport\/routes, de l\u2019eau, de l\u2019\u00e9nergie, l\u2019am\u00e9nagement du territoire, habitat, etc. Les travaux d\u2019expertise m\u2019ont conduit aussi bien dans les r\u00e9gions du Burkina Faso et dans la sous-r\u00e9gion ouest africaine (Niger, B\u00e9nin, Togo, Mali, Ghana, C\u00f4te-d\u2019Ivoire, Guin\u00e9e Bissau) qu\u2019en Afrique Centrale et Australe (Cameroun, Tchad, Burundi et Rwanda). Toujours sur le plan professionnel, et dans un d\u00e9sir de partager ma petite exp\u00e9rience avec la jeune g\u00e9n\u00e9ration, j\u2019ai mis fin \u00e0 mon statut de fonctionnaire en 2018 pour embrasser une carri\u00e8re universitaire. Ainsi donc, je suis actuellement enseignant-chercheur, directeur du programme Environnement de l\u2019Universit\u00e9 Aube Nouvelle. Je suis \u00e9galement le directeur du Master en management de l\u2019Environnement et du d\u00e9veloppement durable. Dans le domaine de l\u2019expertise, j\u2019ai eu l\u2019honneur d\u2019\u00eatre appel\u00e9, depuis le 5 f\u00e9vrier 2020, par SEM Pr\u00e9sident du Faso, pour servir aupr\u00e8s de lui en tant que Conseiller sp\u00e9cial charg\u00e9 de l\u2019environnement et du d\u00e9veloppement durable. Sur le plan politique, je suis membre fondateur du MPP. Depuis sa cr\u00e9ation, je suis membre du Bureau politique National et secr\u00e9taire national charg\u00e9 de l\u2019environnement et du D\u00e9veloppement Durable au sein du Bureau ex\u00e9cutif national du parti. A ce titre, j\u2019ai \u00e9t\u00e9 directeur de campagne des \u00e9lections pr\u00e9sidentielle et l\u00e9gislatives de 2015 dans la province du Boulkiemd\u00e9. J\u2019ai \u00e9t\u00e9 t\u00eate de liste de mon parti et \u00e9lu d\u00e9put\u00e9 pour, par la suite, c\u00e9der mon poste \u00e0 Mme Fofana Ass\u00e9tou qui si\u00e8ge actuellement \u00e0 l\u2019Assembl\u00e9e nationale\u00a0\u00bb.<\/em><\/p>\n<p>Auteur: Le Pays<br \/>\n<a href=\"http:\/\/lepays.bf\/urbain-yameogo-conseiller-special-du-president-du-faso\/\">Cliquez ici pour lire l&rsquo;article depuis sa source.<\/a><\/p>\n","protected":false},"excerpt":{"rendered":"<p>Il s\u2019appelle Urbain Yam\u00e9ogo. Il est actuellement enseignant-chercheur et directeur du programme Environnement de l\u2019Universit\u00e9 Aube\u00a0Nouvelle. L\u00e0-bas, il est aussi directeur du master en management de l\u2019Environnement et du d\u00e9veloppement durable. Il est biologiste et titulaire d\u2019un Doctorat en \u00e9cologie en 2005 \u00e0 l\u2019Universit\u00e9 d\u2019Orl\u00e9ans en France. Cadre du Mouvement du peuple pour le progr\u00e8s [&hellip;]<\/p>\n","protected":false},"author":1813,"featured_media":0,"comment_status":"closed","ping_status":"closed","sticky":false,"template":"","format":"standard","meta":{"fifu_image_url":"","fifu_image_alt":"","footnotes":""},"categories":[73,81],"tags":[],"class_list":["post-79935","post","type-post","status-publish","format-standard","hentry","category-actualite","category-burkina-faso"],"_links":{"self":[{"href":"https:\/\/linitiative.ca\/International\/wp-json\/wp\/v2\/posts\/79935","targetHints":{"allow":["GET"]}}],"collection":[{"href":"https:\/\/linitiative.ca\/International\/wp-json\/wp\/v2\/posts"}],"about":[{"href":"https:\/\/linitiative.ca\/International\/wp-json\/wp\/v2\/types\/post"}],"author":[{"embeddable":true,"href":"https:\/\/linitiative.ca\/International\/wp-json\/wp\/v2\/users\/1813"}],"replies":[{"embeddable":true,"href":"https:\/\/linitiative.ca\/International\/wp-json\/wp\/v2\/comments?post=79935"}],"version-history":[{"count":0,"href":"https:\/\/linitiative.ca\/International\/wp-json\/wp\/v2\/posts\/79935\/revisions"}],"wp:attachment":[{"href":"https:\/\/linitiative.ca\/International\/wp-json\/wp\/v2\/media?parent=79935"}],"wp:term":[{"taxonomy":"category","embeddable":true,"href":"https:\/\/linitiative.ca\/International\/wp-json\/wp\/v2\/categories?post=79935"},{"taxonomy":"post_tag","embeddable":true,"href":"https:\/\/linitiative.ca\/International\/wp-json\/wp\/v2\/tags?post=79935"}],"curies":[{"name":"wp","href":"https:\/\/api.w.org\/{rel}","templated":true}]}}