{"id":79936,"date":"2020-03-23T16:10:19","date_gmt":"2020-03-23T20:10:19","guid":{"rendered":"https:\/\/linitiative.ca\/International\/la-fondation-jardin-majorelle-adhere-aux-efforts-contre-covid-19\/"},"modified":"2020-03-23T16:10:19","modified_gmt":"2020-03-23T20:10:19","slug":"la-fondation-jardin-majorelle-adhere-aux-efforts-contre-covid-19","status":"publish","type":"post","link":"https:\/\/linitiative.ca\/International\/la-fondation-jardin-majorelle-adhere-aux-efforts-contre-covid-19\/","title":{"rendered":"La Fondation Jardin Majorelle adh\u00e8re aux efforts contre Covid-19"},"content":{"rendered":"<div class=\"single-featured\"><img alt=\"\" data-src=\"http:\/\/www.mapmarrakech.ma\/map\/uploads\/2020\/03\/fondation-majorelle-copier-1.jpg\"\/><\/div>\n<div class=\"single-post-excerpt post-excerpt-bc\" readability=\"36\">\n<p>Marrakech \u2013 La Fondation Jardin Majorelle, qui assure la gouvernance du Jardin Majorelle ainsi que des Mus\u00e9es Berb\u00e8re et Yves Saint Laurent Marrakech, s\u2019engage \u00e0 soutenir et mettre en \u0153uvre les mesures adopt\u00e9es par le Royaume pour lutter contre le coronavirus (COVID-19).<\/p>\n<\/div>\n<div class=\"entry-content clearfix single-post-content\" readability=\"57\">\n<p>En signe de solidarit\u00e9 avec ses 200 hommes et femmes employ\u00e9s, la Fondation Jardin Majorelle s\u2019engage \u00e0 soutenir et mettre en oeuvre les actions du gouvernement marocain dans la lutte contre le coronavirus (COVID-19), indique un communiqu\u00e9 de ladite Fondation.<\/p>\n<p>Et de poursuivre que chacun de ses employ\u00e9s sera pris en charge pendant cette p\u00e9riode difficile, m\u00eame si les Jardins et les deux Mus\u00e9es restent ferm\u00e9s au public conform\u00e9ment aux consignes des autorit\u00e9s comp\u00e9tentes.<\/p>\n<p>La Fondation maintiendra \u00e9galement au cours de cette ann\u00e9e toutes ses obligations, non seulement envers ses employ\u00e9s, mais aussi envers plus de 30 associations et programmes \u0153uvrant\u00a0dans les domaines de l\u2019\u00e9ducation, de la sant\u00e9 et de la culture, souligne la m\u00eame source.<\/p>\n<p>En outre, la Fondation versera une contribution, au nom de ses 200 employ\u00e9s, au\u00a0Fonds sp\u00e9cial d\u00e9di\u00e9 \u00e0 la gestion de la pand\u00e9mie du nouveau coronavirus (Covid-19), mis en place sur Hautes Instructions de Sa Majest\u00e9 le Roi Mohammed VI.<\/p>\n<\/div>\n<p>Auteur: Meriem IGASS<br \/>\n<a href=\"http:\/\/www.mapmarrakech.ma\/fr\/la-fondation-jardin-majorelle-adhere-aux-efforts-contre-covid-19\/\">Cliquez ici pour lire l&rsquo;article depuis sa source.<\/a><\/p>\n","protected":false},"excerpt":{"rendered":"<p>Marrakech \u2013 La Fondation Jardin Majorelle, qui assure la gouvernance du Jardin Majorelle ainsi que des Mus\u00e9es Berb\u00e8re et Yves Saint Laurent Marrakech, s\u2019engage \u00e0 soutenir et mettre en \u0153uvre les mesures adopt\u00e9es par le Royaume pour lutter contre le coronavirus (COVID-19). En signe de solidarit\u00e9 avec ses 200 hommes et femmes employ\u00e9s, la Fondation [&hellip;]<\/p>\n","protected":false},"author":1788,"featured_media":79945,"comment_status":"closed","ping_status":"closed","sticky":false,"template":"","format":"standard","meta":{"fifu_image_url":"","fifu_image_alt":"","footnotes":""},"categories":[54,76],"tags":[],"class_list":["post-79936","post","type-post","status-publish","format-standard","has-post-thumbnail","hentry","category-maroc","category-regions"],"_links":{"self":[{"href":"https:\/\/linitiative.ca\/International\/wp-json\/wp\/v2\/posts\/79936","targetHints":{"allow":["GET"]}}],"collection":[{"href":"https:\/\/linitiative.ca\/International\/wp-json\/wp\/v2\/posts"}],"about":[{"href":"https:\/\/linitiative.ca\/International\/wp-json\/wp\/v2\/types\/post"}],"author":[{"embeddable":true,"href":"https:\/\/linitiative.ca\/International\/wp-json\/wp\/v2\/users\/1788"}],"replies":[{"embeddable":true,"href":"https:\/\/linitiative.ca\/International\/wp-json\/wp\/v2\/comments?post=79936"}],"version-history":[{"count":0,"href":"https:\/\/linitiative.ca\/International\/wp-json\/wp\/v2\/posts\/79936\/revisions"}],"wp:featuredmedia":[{"embeddable":true,"href":"https:\/\/linitiative.ca\/International\/wp-json\/"}],"wp:attachment":[{"href":"https:\/\/linitiative.ca\/International\/wp-json\/wp\/v2\/media?parent=79936"}],"wp:term":[{"taxonomy":"category","embeddable":true,"href":"https:\/\/linitiative.ca\/International\/wp-json\/wp\/v2\/categories?post=79936"},{"taxonomy":"post_tag","embeddable":true,"href":"https:\/\/linitiative.ca\/International\/wp-json\/wp\/v2\/tags?post=79936"}],"curies":[{"name":"wp","href":"https:\/\/api.w.org\/{rel}","templated":true}]}}