{"id":79937,"date":"2020-03-23T14:07:00","date_gmt":"2020-03-23T18:07:00","guid":{"rendered":"https:\/\/linitiative.ca\/International\/mesures-gouvernementales-dun-cout-de-2500-md\/"},"modified":"2020-03-23T14:07:00","modified_gmt":"2020-03-23T18:07:00","slug":"mesures-gouvernementales-dun-cout-de-2500-md","status":"publish","type":"post","link":"https:\/\/linitiative.ca\/International\/mesures-gouvernementales-dun-cout-de-2500-md\/","title":{"rendered":"<div>Mesures gouvernementales d&rsquo;un co\u00fbt de 2500 MD<\/div>"},"content":{"rendered":"<p>Le chef du gouvernement, Ely\u00e8s Fakhfakh, a annonc\u00e9, dans une adresse aux Tunisiens, diffus\u00e9e samedi soir, que le gouvernement a pris une s\u00e9rie de mesures exceptionnelles d&rsquo;un co\u00fbt de 2500 millions de Dinars (MD) pour prot\u00e9ger les Tunisiens et pr\u00e9server l&rsquo;\u00e9conomie de la Tunisie.<\/p>\n<p>Pour Fakhfakh, il s&rsquo;agit de ne laisser aucun Tunisien dans le besoin ou sans soutien dans cette situation, de pr\u00e9server les entreprises \u00e9conomiques et de prot\u00e9ger les salari\u00e9s.<\/p>\n<p>Ces mesures visent \u00e0 all\u00e9ger les impacts de la pand\u00e9mie du Covid-19, du confinement et du couvre-feu.<\/p>\n<p><strong>Mesures pour pr\u00e9server les postes d&#8217;emplois, garantir les revenus des travailleurs, salari\u00e9s et fonctionnaires, et r\u00e9duire la pression financi\u00e8re:<\/strong><\/p>\n<p>1- Ouverture d&rsquo;une ligne de financement de 300 MD pour soutenir les travailleurs au ch\u00f4mage technique.<\/p>\n<p>2- Cons\u00e9cration d&rsquo;une allocation de 150 MD sous forme de subventions au profit des cat\u00e9gories vuln\u00e9rables et \u00e0 faible revenu et les personnes \u00e0 besoins sp\u00e9cifiques.<\/p>\n<p>3- Report de remboursement des \u00e9ch\u00e9ances de cr\u00e9dits bancaires pour une p\u00e9riode de 6 mois au profit des personnes dont le revenu ne d\u00e9passe pas 1000 dinars.<\/p>\n<p><strong>Mesures pour les entreprises \u00e9conomiques, notamment les Petites et Moyennes Entreprises (PME), les op\u00e9rateurs \u00e9conomiques agissant pour leur propre compte, les professions lib\u00e9rales affect\u00e9es par la stagnation ou l&rsquo;arr\u00eat de leurs activit\u00e9s:<\/strong><\/p>\n<p>1- Report de 3 mois du paiement des imp\u00f4ts \u00e0 partir du mois d&rsquo;avril.<\/p>\n<p>2- Report du paiement des charges sociales du deuxi\u00e8me trimestre pour une p\u00e9riode de 3 mois.<\/p>\n<p>3- Report du paiement des dettes bancaires et des institutions financi\u00e8res pour une p\u00e9riode de 6 mois.<\/p>\n<p>4- R\u00e9\u00e9chelonnement des dettes fiscales et douani\u00e8res pour une p\u00e9riode de 7 ans.<\/p>\n<p>5- Mise en place d&rsquo;une ligne de garantie de 500 MD pour permettre aux entreprises l&rsquo;obtention de nouveaux cr\u00e9dits de gestion et pour les travaux.<\/p>\n<p>6- Permettre la r\u00e9cup\u00e9ration du cr\u00e9dit de la TVA, dans un d\u00e9lai maximum de un mois.<\/p>\n<p><strong>Mesures pour pr\u00e9server les entreprises et assurer leur reprise:<\/strong><\/p>\n<p>1- Cr\u00e9ation de fonds d&rsquo;investissement d&rsquo;un montant total de 700 MD pour la restructuration et capitalisation des entreprises concern\u00e9es.<\/p>\n<p>2- Permettre aux entreprises totalement exportatrices d&rsquo;\u00e9couler 50% de leur production totale sur le march\u00e9 local au lieu de 30%.<\/p>\n<p>3- Permettre aux entreprises de r\u00e9\u00e9valuer les biens b\u00e2tis et non b\u00e2tis inclus dans leur budget en fonction de leur valeur r\u00e9elle.<\/p>\n<p>4- Adoption d&rsquo;une amnistie fiscale et douani\u00e8res au profit de ceux qui disposent d&rsquo;imp\u00f4ts dus.<\/p>\n<p>5- Exon\u00e9ration des entreprises qui ont conclu des march\u00e9s publics et dont la r\u00e9alisation a \u00e9t\u00e9 bloqu\u00e9e par des p\u00e9nalit\u00e9s de retard pour une p\u00e9riode maximale de 6 mois.<\/p>\n<p><strong>Mesures pour le renforcement des r\u00e9serves strat\u00e9giques:<\/strong><\/p>\n<p>Fournir une enveloppe suppl\u00e9mentaire de 500 MD pour soutenir les r\u00e9serves strat\u00e9giques de m\u00e9dicaments, de produits alimentaires et des carburants.<\/p>\n<p><strong>Mesures judiciaires\u00a0:<\/strong><\/p>\n<p>Examen des amendements juridiques pour suspendre provisoirement les poursuites judiciaires dans le domaine du crime financier et \u0153uvrer \u00e0 l&rsquo;arr\u00eat des d\u00e9cisions de coupure de l&rsquo;eau, de l&rsquo;\u00e9lectricit\u00e9 et du t\u00e9l\u00e9phone, pendant une p\u00e9riode de deux mois.<\/p>\n<p>Rappelons que le pr\u00e9sident de la R\u00e9publique Ka\u00efs Sa\u00efed a annonc\u00e9, vendredi, le confinement total en Tunisie.<\/p>\n<p>Auteur: letemps1<br \/>\n<a href=\"http:\/\/www.letemps.com.tn\/article\/112090\/mesures-gouvernementales-dun-co%C3%BBt-de-2500-md\">Cliquez ici pour lire l&rsquo;article depuis sa source.<\/a><\/p>\n","protected":false},"excerpt":{"rendered":"<p>Le chef du gouvernement, Ely\u00e8s Fakhfakh, a annonc\u00e9, dans une adresse aux Tunisiens, diffus\u00e9e samedi soir, que le gouvernement a pris une s\u00e9rie de mesures exceptionnelles d&rsquo;un co\u00fbt de 2500 millions de Dinars (MD) pour prot\u00e9ger les Tunisiens et pr\u00e9server l&rsquo;\u00e9conomie de la Tunisie. Pour Fakhfakh, il s&rsquo;agit de ne laisser aucun Tunisien dans le [&hellip;]<\/p>\n","protected":false},"author":1773,"featured_media":0,"comment_status":"closed","ping_status":"closed","sticky":false,"template":"","format":"standard","meta":{"fifu_image_url":"","fifu_image_alt":"","footnotes":""},"categories":[73,55],"tags":[],"class_list":["post-79937","post","type-post","status-publish","format-standard","hentry","category-actualite","category-tunisie"],"_links":{"self":[{"href":"https:\/\/linitiative.ca\/International\/wp-json\/wp\/v2\/posts\/79937","targetHints":{"allow":["GET"]}}],"collection":[{"href":"https:\/\/linitiative.ca\/International\/wp-json\/wp\/v2\/posts"}],"about":[{"href":"https:\/\/linitiative.ca\/International\/wp-json\/wp\/v2\/types\/post"}],"author":[{"embeddable":true,"href":"https:\/\/linitiative.ca\/International\/wp-json\/wp\/v2\/users\/1773"}],"replies":[{"embeddable":true,"href":"https:\/\/linitiative.ca\/International\/wp-json\/wp\/v2\/comments?post=79937"}],"version-history":[{"count":0,"href":"https:\/\/linitiative.ca\/International\/wp-json\/wp\/v2\/posts\/79937\/revisions"}],"wp:attachment":[{"href":"https:\/\/linitiative.ca\/International\/wp-json\/wp\/v2\/media?parent=79937"}],"wp:term":[{"taxonomy":"category","embeddable":true,"href":"https:\/\/linitiative.ca\/International\/wp-json\/wp\/v2\/categories?post=79937"},{"taxonomy":"post_tag","embeddable":true,"href":"https:\/\/linitiative.ca\/International\/wp-json\/wp\/v2\/tags?post=79937"}],"curies":[{"name":"wp","href":"https:\/\/api.w.org\/{rel}","templated":true}]}}