{"id":79939,"date":"2020-03-24T05:13:14","date_gmt":"2020-03-24T09:13:14","guid":{"rendered":"https:\/\/linitiative.ca\/International\/cancer-et-covid-19-les-centres-doncologie-sont-au-front-aussi\/"},"modified":"2020-03-24T05:13:14","modified_gmt":"2020-03-24T09:13:14","slug":"cancer-et-covid-19-les-centres-doncologie-sont-au-front-aussi","status":"publish","type":"post","link":"https:\/\/linitiative.ca\/International\/cancer-et-covid-19-les-centres-doncologie-sont-au-front-aussi\/","title":{"rendered":"Cancer et Covid-19 : Les centres d\u2019oncologie sont au front aussi !"},"content":{"rendered":"<p><img decoding=\"async\" class=\"post_layout_5_img\" src=\"http:\/\/aujourdhui.ma\/wp-content\/uploads\/2020\/03\/Bloc-Operatoire.jpg?x29840\" alt=\"Cancer et Covid-19 : Les centres d&#x2019;oncologie sont au front aussi !\"\/><\/p>\n<p class=\"p1\"><span class=\"c4\"><strong><span class=\"s1\"><em>Au Maroc,\u00a0<\/em><\/span><span class=\"s1\"><em>les oncologues s\u2019aff\u00e8rent pour limiter les risques de contamination de personnes \u00e0 risques comme les malades<\/em><\/span><em>en cours de chimioth\u00e9rapie.<\/em><\/strong><\/span><span id=\"more-338093\"\/><\/p>\n<p class=\"p2\"><span class=\"s1\">La crise sanitaire bouscule les habitudes dans le monde. Pour les centres oncologiques aussi. Les recommandations de l\u2019OMS ont \u00e9t\u00e9 adress\u00e9es et chaque pays les adapte en fonction de ses moyens. Au Maroc, les oncologues s\u2019aff\u00e8rent pour limiter les risques de contamination de personnes \u00e0 risques comme les malades en cours de chimioth\u00e9rapie. Les d\u00e9tails.<\/span><\/p>\n<p class=\"p2\"><span class=\"s1\"><em>\u00abNotre priorit\u00e9 est de continuer \u00e0 traiter nos patients sans les exposer \u00e0 un quelconque risque\u00bb<\/em>, d\u00e9clare Dr Naoual Bouih, radio-oncologue au centre d\u2019oncologie Kindy. Des mesures draconiennes ont \u00e9t\u00e9 mises en place et les oncologues se r\u00e9unissent tr\u00e8s t\u00f4t le matin pour staffer (discuter les cas scientifiquement pour d\u00e9cider du protocole \u00e0 suivre) tous les patients qui sont en cours de traitement pour voir s\u2019ils peuvent ajuster leurs traitements.<\/span><\/p>\n<p class=\"p2\"><span class=\"s1\"><em>\u00abLe traitement curatif demeure mais on va essayer de limiter les chimioth\u00e9rapies les plus agressives car elles sont des immunod\u00e9presseurs. De m\u00eame pour la radioth\u00e9rapie qui se fait de mani\u00e8re journali\u00e8re, les protocoles sont chang\u00e9s dans la mesure du possible pour \u00e9viter les allers et venus des patients. Quand on peut augmenter les doses et diminuer le nombre de s\u00e9ances, on le fait\u00bb<\/em>, pr\u00e9cise l\u2019oncologue.<\/span><\/p>\n<p class=\"p2\"><span class=\"s1\">Les s\u00e9ances de radioth\u00e9rapie, aussi toxiques pour le corps, pourront ou non, selon l\u2019organe \u00e0 atteindre, \u00eatre condens\u00e9es (augmentation du temps d\u2019exposition aux rayons et diminution du nombre de s\u00e9ances) tout en respectant le protocole initial en fin de cure. <em>\u00abA titre d\u2019exemple, dans le cas du sein, la d\u00e9marche est tout \u00e0 fait possible sans aucun probl\u00e8me de toxicit\u00e9 alors que pour l\u2019appareil ORL, c\u2019est impossible de prolonger les s\u00e9ances de radioth\u00e9rapie\u00bb<\/em>, explique le m\u00e9decin sp\u00e9cialiste.<span class=\"Apple-converted-space\">\u00a0 \u00a0<\/span><\/span><\/p>\n<p class=\"p2\"><span class=\"s1\">Pour prot\u00e9ger les patients vuln\u00e9rables, en cours de traitement, plusieurs d\u00e9cisions ont \u00e9t\u00e9 prises dans le cadre de leur gestion quotidienne. <em>\u00abD\u00e9j\u00e0 tous les rendez-vous pour les contr\u00f4les m\u00e9dicaux ont \u00e9t\u00e9 arr\u00eat\u00e9s, ce qui fait que les salles d\u2019attente, a\u00e9r\u00e9es, sont presque vides. Elles sont uniquement r\u00e9serv\u00e9es aux urgences et aux patients en cours de traitement. Nous avons \u00e9galement espac\u00e9 les rendez-vous pour la radioth\u00e9rapie\u00bb<\/em>, poursuit le m\u00e9decin.<\/span><\/p>\n<p class=\"p2\"><span class=\"s1\">Autre mesure pour prot\u00e9ger les malades vuln\u00e9rables, l\u2019interdiction d\u2019accompagnateur<span class=\"Apple-converted-space\">\u00a0<\/span> \u00e0 l\u2019int\u00e9rieur des espaces de soins. Dans la m\u00eame logique, certaines portes d\u2019acc\u00e8s \u00e0 l\u2019\u00e9tablissement ont \u00e9t\u00e9 ferm\u00e9es pour canaliser les flux humains. Une seule porte o\u00f9 le patient est soumis au thermom\u00e8tre \u00e0 infra rouge. Si la temp\u00e9rature est normale, le malade rentre dans le circuit normal pour recevoir ses soins. Si au contraire, il a de la fi\u00e8vre, il sera install\u00e9 dans une salle d\u2019attente, adapt\u00e9e o\u00f9 un questionnaire envoy\u00e9 par les autorit\u00e9s lui sera administr\u00e9 pour suivre la proc\u00e9dure adopt\u00e9e dans le cas de cette pand\u00e9mie.<span class=\"Apple-converted-space\">\u00a0 \u00a0<\/span><\/span><\/p>\n<p class=\"p2\"><span class=\"s1\">Par ailleurs, les patients re\u00e7oivent tous des attestations de traitement pour pouvoir se rendre au centre oncologique et recevoir les soins mais ils doivent par la suite prendre les m\u00eames pr\u00e9cautions de confinement que le reste de la population. L\u2019oncologue attirera l\u2019attention sur cet aspect d\u00e9rogatoire qui ne doit pas laisser la libert\u00e9 aux patients d\u2019aller se promener apr\u00e8s leur cure de traitement.<\/span><\/p>\n<p class=\"p2\"><span class=\"s1\">Pour l\u2019heure les patients suivant leur traitement dans ce centre adh\u00e8rent compl\u00e8tement aux consignes. Car leur vie en d\u00e9pend.<\/span><\/p>\n<div class=\"base-box mom_box_sc_custom mom_box_sc clear c6\" readability=\"24\">\n<p class=\"p1\"><span class=\"c5\"><strong><span class=\"s1\">Les m\u00eames mesures qu\u2019en France \u2026<\/span><\/strong><\/span><\/p>\n<p class=\"p1\"><span class=\"s1\"><a href=\"http:\/\/aujourdhui.ma\/wp-content\/uploads\/2020\/03\/coronavirus-.jpg?x29840\"><img loading=\"lazy\" decoding=\"async\" class=\"wp-image-338096 alignleft\" src=\"http:\/\/aujourdhui.ma\/wp-content\/uploads\/2020\/03\/coronavirus-.jpg?x29840\" alt=\"\" width=\"411\" height=\"209\" srcset=\"http:\/\/aujourdhui.ma\/wp-content\/uploads\/2020\/03\/coronavirus-.jpg 746w, http:\/\/aujourdhui.ma\/wp-content\/uploads\/2020\/03\/coronavirus--300x153.jpg 300w\" sizes=\"auto, (max-width: 411px) 100vw, 411px\"\/><\/a>En France, les pratiques sont similaires. Pour \u00e9viter les contaminations surtout chez les personnes affaiblies sur le plan immunitaires, des mesures ont imm\u00e9diatement \u00e9t\u00e9 mises en place dans les centres oncologiques. Une \u00e9tude chinoise publi\u00e9e le 14 f\u00e9vrier dernier sur la revue scientifique Lancet Oncology a fait ressortir, en effet, que<span class=\"Apple-converted-space\">\u00a0<\/span> les malades de cancer infect\u00e9s par le Covid-19 auraient des complications respiratoires plus importantes surtout s\u2019ils ont subi une chimioth\u00e9rapie ou une chirurgie les mois pr\u00e9c\u00e9dents.<\/span><\/p>\n<p class=\"p1\"><span class=\"s1\">Le temps de brassage dans les salles d\u2019attente n\u2019existe presque plus. Les recommandations \u00e0 l\u2019Hexagone sont pour l\u2019administration des m\u00e9dicaments par voie orale quand cela s\u2019av\u00e8re possible. La voie intraveineuse exposant plus le malade. Les protocoles seront revus. C\u2019est bien dans ce sens que Pr Ivan Krakowski, l\u2019un des membres du groupe de travail (10 oncologues) au Haut conseil de la sant\u00e9 Publique en France, a affirm\u00e9 au magazine en ligne roseup que <em>\u00abdans des situations exceptionnelles avec une mise en tension des services on sera amen\u00e9 \u00e0 privil\u00e9gier un traitement plut\u00f4t qu\u2019un autre. Ces adaptations se feront au cas par cas en s\u2019assurant qu\u2019il n\u2019y a pas de perte de chance pour le patient. L\u2019id\u00e9e \u00e9tant qu\u2019entre deux risques, il faut choisir le moindre\u00bb<\/em>.<\/span><\/p>\n<\/div>\n<p>Auteur: Dounia Essabban<br \/>\n<a href=\"http:\/\/aujourdhui.ma\/societe\/cancer-et-covid-19-les-centres-doncologie-sont-au-front-aussi\">Cliquez ici pour lire l&rsquo;article depuis sa source.<\/a><\/p>\n","protected":false},"excerpt":{"rendered":"<p>Au Maroc,\u00a0les oncologues s\u2019aff\u00e8rent pour limiter les risques de contamination de personnes \u00e0 risques comme les maladesen cours de chimioth\u00e9rapie. La crise sanitaire bouscule les habitudes dans le monde. Pour les centres oncologiques aussi. Les recommandations de l\u2019OMS ont \u00e9t\u00e9 adress\u00e9es et chaque pays les adapte en fonction de ses moyens. Au Maroc, les oncologues [&hellip;]<\/p>\n","protected":false},"author":1759,"featured_media":0,"comment_status":"closed","ping_status":"closed","sticky":false,"template":"","format":"standard","meta":{"fifu_image_url":"","fifu_image_alt":"","footnotes":""},"categories":[73,54],"tags":[],"class_list":["post-79939","post","type-post","status-publish","format-standard","hentry","category-actualite","category-maroc"],"_links":{"self":[{"href":"https:\/\/linitiative.ca\/International\/wp-json\/wp\/v2\/posts\/79939","targetHints":{"allow":["GET"]}}],"collection":[{"href":"https:\/\/linitiative.ca\/International\/wp-json\/wp\/v2\/posts"}],"about":[{"href":"https:\/\/linitiative.ca\/International\/wp-json\/wp\/v2\/types\/post"}],"author":[{"embeddable":true,"href":"https:\/\/linitiative.ca\/International\/wp-json\/wp\/v2\/users\/1759"}],"replies":[{"embeddable":true,"href":"https:\/\/linitiative.ca\/International\/wp-json\/wp\/v2\/comments?post=79939"}],"version-history":[{"count":0,"href":"https:\/\/linitiative.ca\/International\/wp-json\/wp\/v2\/posts\/79939\/revisions"}],"wp:attachment":[{"href":"https:\/\/linitiative.ca\/International\/wp-json\/wp\/v2\/media?parent=79939"}],"wp:term":[{"taxonomy":"category","embeddable":true,"href":"https:\/\/linitiative.ca\/International\/wp-json\/wp\/v2\/categories?post=79939"},{"taxonomy":"post_tag","embeddable":true,"href":"https:\/\/linitiative.ca\/International\/wp-json\/wp\/v2\/tags?post=79939"}],"curies":[{"name":"wp","href":"https:\/\/api.w.org\/{rel}","templated":true}]}}