{"id":79940,"date":"2020-03-24T08:03:27","date_gmt":"2020-03-24T12:03:27","guid":{"rendered":"https:\/\/linitiative.ca\/International\/camair-co-ferme-sa-representation-a-paris\/"},"modified":"2020-03-24T08:03:27","modified_gmt":"2020-03-24T12:03:27","slug":"camair-co-ferme-sa-representation-a-paris","status":"publish","type":"post","link":"https:\/\/linitiative.ca\/International\/camair-co-ferme-sa-representation-a-paris\/","title":{"rendered":"Camair-Co ferme sa repr\u00e9sentation \u00e0 Paris"},"content":{"rendered":"<div id=\"the-post\">\n<div class=\"featured-area featured-area-inner\"><img loading=\"lazy\" decoding=\"async\" width=\"641\" height=\"470\" src=\"https:\/\/ecomatin.net\/wp-content\/uploads\/2020\/03\/camair-641x470.png\" class=\"attachment-jannah-image-post size-jannah-image-post wp-post-image\" alt=\"\" data-attachment-id=\"14139\" data-permalink=\"https:\/\/ecomatin.net\/le-transport-aerien-bat-de-laile\/camair\/\" data-orig-file=\"https:\/\/ecomatin.net\/wp-content\/uploads\/2020\/03\/camair.png\" data-orig-size=\"641,480\" data-comments-opened=\"0\" data-image-meta=\"{&quot;aperture&quot;:&quot;0&quot;,&quot;credit&quot;:&quot;&quot;,&quot;camera&quot;:&quot;&quot;,&quot;caption&quot;:&quot;&quot;,&quot;created_timestamp&quot;:&quot;0&quot;,&quot;copyright&quot;:&quot;&quot;,&quot;focal_length&quot;:&quot;0&quot;,&quot;iso&quot;:&quot;0&quot;,&quot;shutter_speed&quot;:&quot;0&quot;,&quot;title&quot;:&quot;&quot;,&quot;orientation&quot;:&quot;0&quot;}\" data-image-title=\"camair\" data-image-description=\"\" data-medium-file=\"https:\/\/ecomatin.net\/wp-content\/uploads\/2020\/03\/camair-300x225.png\" data-large-file=\"https:\/\/ecomatin.net\/wp-content\/uploads\/2020\/03\/camair.png\"\/><\/div>\n<div class=\"entry-content entry clearfix\" readability=\"48.4598130841\">\n<p>La Cameroon airlines corporation (Camair-Co) prend des mesures contre le Covid-19.\u00a0 \u00ab\u00a0Suspension des activit\u00e9s de la repr\u00e9sentation de la Camair-Co \u00e0 Paris\u00a0\u00bb. C\u2019est l\u2019objet du communiqu\u00e9 publi\u00e9 le 18 mars par la compagnie a\u00e9rienne nationale du Cameroun. Le directeur g\u00e9n\u00e9ral, Louis Njipendi explique que cette fermeture est due \u00e0 la pand\u00e9mie du Covid-19 qui s\u00e9vit dans le monde et \u00ab\u00a0au regard des mesures prises notamment le confinement total par les autorit\u00e9s fran\u00e7aises pour y faire face\u00a0\u00bb.<\/p>\n<p>Ainsi, depuis mercredi 18 mars 2020 et jusqu\u2019\u00e0 nouvel ordre, les services de la repr\u00e9sentation de Camair-Co dans la capitale fran\u00e7aise sont ferm\u00e9s. Au moment o\u00f9 la compagnie arr\u00eate ses activit\u00e9s \u00e0 Paris, il \u00e9tait pr\u00e9vu depuis 2019 qu\u2019elle reprenne ses vols vers la France, apr\u00e8s une requ\u00eate adress\u00e9e au minist\u00e8re des Transports.<\/p>\n<p>L\u2019autorit\u00e9 a\u00e9ronautique civile du Cameroun avait d\u00e9cid\u00e9 de suspendre les vols de la compagnie a\u00e9rienne surendett\u00e9e vers toute l\u2019Europe en 2016. Elle estimait que la compagnie n\u2019\u00e9tait pas pr\u00eate. \u00ab\u00a0La CCAA a notifi\u00e9 la suspension des vols de Camair-Co vers les a\u00e9roports de l\u2019Union europ\u00e9enne au motif que la documentation transmise \u00e0 l\u2019Agence europ\u00e9enne pour la s\u00e9curit\u00e9 a\u00e9rienne (Aesa) dans le cadre de la rencontre le 26 juillet avec cette institution \u00e0 Cologne serait incompl\u00e8te, et surtout du fait de l\u2019impr\u00e9paration de Camair-Co\u00a0\u00bb, avait indiqu\u00e9 la CCAA.\u00a0<\/p>\n<p>Avec le retrait de la certification IOSA, la compagnie camerounaise perdait automatiquement sa qualit\u00e9 de membre de l\u2019association. En c\u2019est le 9 d\u00e9cembre 2019, que Camair-Co a renou\u00e9 avec le trafic a\u00e9rien sur le ciel europ\u00e9en.\u00a0<\/p>\n<div class=\"awac-wrapper awac widget posts-list-widget-13\">\n<h4 class=\"widget-title\">Recent Posts<\/h4>\n<\/div>\n<\/div>\n<\/div>\n<div readability=\"31.5\">\n<div class=\"container-wrapper subscribe-widget widget-inner-wrap subscribe-widget-content\" id=\"post-newsletter\" readability=\"33\">\n<h4>With Product You Purchase<\/h4>\n<h3>Subscribe to our mailing list to get the new updates!<\/h3>\n<p>Lorem ipsum dolor sit amet, consectetur.<\/p>\n<\/div>\n<\/div>\n<p>Auteur: Clovis Mbeng<br \/>\n<a href=\"https:\/\/ecomatin.net\/camair-co-ferme-sa-representation-a-paris\/\">Cliquez ici pour lire l&rsquo;article depuis sa source.<\/a><\/p>\n","protected":false},"excerpt":{"rendered":"<p>La Cameroon airlines corporation (Camair-Co) prend des mesures contre le Covid-19.\u00a0 \u00ab\u00a0Suspension des activit\u00e9s de la repr\u00e9sentation de la Camair-Co \u00e0 Paris\u00a0\u00bb. C\u2019est l\u2019objet du communiqu\u00e9 publi\u00e9 le 18 mars par la compagnie a\u00e9rienne nationale du Cameroun. Le directeur g\u00e9n\u00e9ral, Louis Njipendi explique que cette fermeture est due \u00e0 la pand\u00e9mie du Covid-19 qui s\u00e9vit [&hellip;]<\/p>\n","protected":false},"author":1969,"featured_media":79947,"comment_status":"closed","ping_status":"closed","sticky":false,"template":"","format":"standard","meta":{"fifu_image_url":"","fifu_image_alt":"","footnotes":""},"categories":[82,78],"tags":[],"class_list":["post-79940","post","type-post","status-publish","format-standard","has-post-thumbnail","hentry","category-cameroun","category-economie"],"_links":{"self":[{"href":"https:\/\/linitiative.ca\/International\/wp-json\/wp\/v2\/posts\/79940","targetHints":{"allow":["GET"]}}],"collection":[{"href":"https:\/\/linitiative.ca\/International\/wp-json\/wp\/v2\/posts"}],"about":[{"href":"https:\/\/linitiative.ca\/International\/wp-json\/wp\/v2\/types\/post"}],"author":[{"embeddable":true,"href":"https:\/\/linitiative.ca\/International\/wp-json\/wp\/v2\/users\/1969"}],"replies":[{"embeddable":true,"href":"https:\/\/linitiative.ca\/International\/wp-json\/wp\/v2\/comments?post=79940"}],"version-history":[{"count":0,"href":"https:\/\/linitiative.ca\/International\/wp-json\/wp\/v2\/posts\/79940\/revisions"}],"wp:featuredmedia":[{"embeddable":true,"href":"https:\/\/linitiative.ca\/International\/wp-json\/"}],"wp:attachment":[{"href":"https:\/\/linitiative.ca\/International\/wp-json\/wp\/v2\/media?parent=79940"}],"wp:term":[{"taxonomy":"category","embeddable":true,"href":"https:\/\/linitiative.ca\/International\/wp-json\/wp\/v2\/categories?post=79940"},{"taxonomy":"post_tag","embeddable":true,"href":"https:\/\/linitiative.ca\/International\/wp-json\/wp\/v2\/tags?post=79940"}],"curies":[{"name":"wp","href":"https:\/\/api.w.org\/{rel}","templated":true}]}}