{"id":79941,"date":"2020-03-24T07:23:16","date_gmt":"2020-03-24T11:23:16","guid":{"rendered":"https:\/\/linitiative.ca\/International\/vivo-energy-contribue-au-fonds-de-solidarite\/"},"modified":"2020-03-24T07:23:16","modified_gmt":"2020-03-24T11:23:16","slug":"vivo-energy-contribue-au-fonds-de-solidarite","status":"publish","type":"post","link":"https:\/\/linitiative.ca\/International\/vivo-energy-contribue-au-fonds-de-solidarite\/","title":{"rendered":"Vivo Energy contribue au Fonds de solidarit\u00e9"},"content":{"rendered":"<div class=\"author\" readability=\"5.79310344828\">Par <a href=\"\/content\/amin-rboub\">Amin RBOUB<\/a> <a href=\"\/node\/\"> <\/a> | Edition N\u00b0:5725 Le 24\/03\/2020 | Partager <\/div>\n<div class=\"body\">\n<div class=\"field field-name-body field-type-text-with-summary field-label-hidden\">\n<div class=\"field-items\" readability=\"9\">\n<div class=\"field-item even\" property=\"content:encoded\" readability=\"13\">\n<p class=\"rtejustify\">Vivo Energy Maroc, l\u2019entreprise en charge de la distribution et de la commercialisation de carburants et lubrifiants de marque Shell au Maroc, et de Gaz de p\u00e9trole liqu\u00e9fi\u00e9\u00a0 de marque Butagaz, apporte sa contribution au profit du Fonds de solidarit\u00e9 pour la gestion de la pand\u00e9mie de Coronavirus. Une contribution suppl\u00e9mentaire sera \u00e9galement d\u00e9ploy\u00e9e par Vivo Energy Maroc pour renforcer son soutien \u00e0 ses partenaires associatifs qui \u0153uvrent dans le domaine de la sant\u00e9. L\u2019entreprise continuera d\u2019apporter son appui aux communaut\u00e9s locales en vue de limiter les cons\u00e9quences socio-\u00e9conomiques de cette pand\u00e9mie et favoriser \u00e0 terme la reprise \u00e9conomique.<em> <\/em><\/p>\n<p class=\"rtejustify\"><em>A.R.<\/em><\/p>\n<p class=\"rtejustify\">\u00a0<\/p>\n<\/div>\n<\/div>\n<\/div>\n<\/div>\n<div class=\"eco-conseil\">\n<div class=\"view view-eco-conseil-16 view-id-eco_conseil_16 view-display-id-cookies view-dom-id-8267e289c42b8371e354c0eceb8039ef\">\n<div class=\"view-content\">\n<div id=\"views-bootstrap-grid-1\" class=\"views-bootstrap-grid-plugin-style\">\n<div class=\"row\">\n<div class=\" col-xs-12 col-lg-4\">\n<div class=\"row\">\n<div class=\"col col-xs-12 col-lg-12\">\n<div class=\"field-content\"><a href=\"\/article\/1059291-afriquia-gaz-performe\"><img loading=\"lazy\" decoding=\"async\" class=\"img-responsive\" typeof=\"foaf:Image\" src=\"https:\/\/www.leconomiste.com\/sites\/default\/files\/eco7\/public\/styles\/800x400\/public\/default_images\/default_une.jpg?itok=4jZlgnIZ\" width=\"660\" height=\"330\" alt=\"\"\/><\/a><\/div>\n<\/div>\n<div class=\" title_suite_2 col col-xs-12 col-lg-12\"> <a href=\"\/article\/1059291-afriquia-gaz-performe\"\/><span class=\"field-content\">Afriquia Gaz performe<\/span><\/div>\n<\/div>\n<\/div>\n<div class=\" col-xs-12 col-lg-4\">\n<div class=\"row\">\n<div class=\"col col-xs-12 col-lg-12\">\n<div class=\"field-content\"><a href=\"\/article\/1059290-le-e-learning-operationnel-pour-les-etudiants-de-l-ump\"><img loading=\"lazy\" decoding=\"async\" class=\"img-responsive\" typeof=\"foaf:Image\" src=\"https:\/\/www.leconomiste.com\/sites\/default\/files\/eco7\/public\/styles\/800x400\/public\/default_images\/default_une.jpg?itok=4jZlgnIZ\" width=\"660\" height=\"330\" alt=\"\"\/><\/a><\/div>\n<\/div>\n<div class=\" title_suite_2 col col-xs-12 col-lg-12\"> <a href=\"\/article\/1059290-le-e-learning-operationnel-pour-les-etudiants-de-l-ump\"\/><span class=\"field-content\">Le E-learning op\u00e9rationnel pour les \u00e9tudiants de l\u2019UMP<\/span><\/div>\n<\/div>\n<\/div>\n<div class=\" col-xs-12 col-lg-4\">\n<div class=\"row\">\n<div class=\"col col-xs-12 col-lg-12\">\n<div class=\"field-content\"><a href=\"\/article\/1059289-annulation-du-festival-du-rai\"><img loading=\"lazy\" decoding=\"async\" class=\"img-responsive\" typeof=\"foaf:Image\" src=\"https:\/\/www.leconomiste.com\/sites\/default\/files\/eco7\/public\/styles\/800x400\/public\/default_images\/default_une.jpg?itok=4jZlgnIZ\" width=\"660\" height=\"330\" alt=\"\"\/><\/a><\/div>\n<\/div>\n<div class=\" title_suite_2 col col-xs-12 col-lg-12\"> <a href=\"\/article\/1059289-annulation-du-festival-du-rai\"\/><span class=\"field-content\">Annulation du festival du rai<\/span><\/div>\n<\/div>\n<\/div>\n<\/div>\n<\/div>\n<\/div>\n<\/div>\n<\/div>\n<p>Auteur: hlafriqi<br \/>\n<a href=\"https:\/\/www.leconomiste.com\/article\/1059288-vivo-energy-contribue-au-fonds-de-solidarite\">Cliquez ici pour lire l&rsquo;article depuis sa source.<\/a><\/p>\n","protected":false},"excerpt":{"rendered":"<p>Par Amin RBOUB | Edition N\u00b0:5725 Le 24\/03\/2020 | Partager Vivo Energy Maroc, l\u2019entreprise en charge de la distribution et de la commercialisation de carburants et lubrifiants de marque Shell au Maroc, et de Gaz de p\u00e9trole liqu\u00e9fi\u00e9\u00a0 de marque Butagaz, apporte sa contribution au profit du Fonds de solidarit\u00e9 pour la gestion de la [&hellip;]<\/p>\n","protected":false},"author":1763,"featured_media":0,"comment_status":"closed","ping_status":"closed","sticky":false,"template":"","format":"standard","meta":{"fifu_image_url":"","fifu_image_alt":"","footnotes":""},"categories":[78,54],"tags":[],"class_list":["post-79941","post","type-post","status-publish","format-standard","hentry","category-economie","category-maroc"],"_links":{"self":[{"href":"https:\/\/linitiative.ca\/International\/wp-json\/wp\/v2\/posts\/79941","targetHints":{"allow":["GET"]}}],"collection":[{"href":"https:\/\/linitiative.ca\/International\/wp-json\/wp\/v2\/posts"}],"about":[{"href":"https:\/\/linitiative.ca\/International\/wp-json\/wp\/v2\/types\/post"}],"author":[{"embeddable":true,"href":"https:\/\/linitiative.ca\/International\/wp-json\/wp\/v2\/users\/1763"}],"replies":[{"embeddable":true,"href":"https:\/\/linitiative.ca\/International\/wp-json\/wp\/v2\/comments?post=79941"}],"version-history":[{"count":0,"href":"https:\/\/linitiative.ca\/International\/wp-json\/wp\/v2\/posts\/79941\/revisions"}],"wp:attachment":[{"href":"https:\/\/linitiative.ca\/International\/wp-json\/wp\/v2\/media?parent=79941"}],"wp:term":[{"taxonomy":"category","embeddable":true,"href":"https:\/\/linitiative.ca\/International\/wp-json\/wp\/v2\/categories?post=79941"},{"taxonomy":"post_tag","embeddable":true,"href":"https:\/\/linitiative.ca\/International\/wp-json\/wp\/v2\/tags?post=79941"}],"curies":[{"name":"wp","href":"https:\/\/api.w.org\/{rel}","templated":true}]}}