{"id":79943,"date":"2020-03-24T02:49:00","date_gmt":"2020-03-24T06:49:00","guid":{"rendered":"https:\/\/linitiative.ca\/International\/lengagement-de-zohra-driss-contre-le-covid-19-fera-t-il-des-emules\/"},"modified":"2020-03-24T02:49:00","modified_gmt":"2020-03-24T06:49:00","slug":"lengagement-de-zohra-driss-contre-le-covid-19-fera-t-il-des-emules","status":"publish","type":"post","link":"https:\/\/linitiative.ca\/International\/lengagement-de-zohra-driss-contre-le-covid-19-fera-t-il-des-emules\/","title":{"rendered":"L\u2019engagement de Zohra Driss contre le Covid-19 fera-t-il des \u00e9mules ?"},"content":{"rendered":"<p>Mettre \u00e0 la disposition des h\u00f4pitaux publics des \u00e9quipements m\u00e9dicaux manquants et leur offrir repas et linge au profit des \u00e9tablissements sanitaires\u00a0: Zohra Driss le fait spontan\u00e9ment. Son geste vient conforter l\u2019effort national de lutte contre le Covid-19. La toute premi\u00e8re attention \u00e0 apporter est aux soignants, m\u00e9decins, param\u00e9dicaux, ambulanciers et autres. Mais, aussi, leur fournir le mat\u00e9riel n\u00e9cessaire. Tr\u00e8s engag\u00e9e dans cette solidarit\u00e9 n\u00e9cessaire et salutaire, Zohra Driss suscitera sans doute des \u00e9mules.<\/p>\n<p>Sur un autre registre, l\u2019h\u00f4teli\u00e8re n\u2019a pas manqu\u00e9, d\u2019accorder un cong\u00e9 pay\u00e9 \u00e0 ses 1000 employ\u00e9s, y compris les contractuels, tout en leur assurant le versement int\u00e9gral de leurs salaires dans les d\u00e9lais.<\/p>\n<p>Un double bel exemple.<br \/>\u00a0<\/p>\n<p>Auteur:<br \/>\n<a href=\"https:\/\/www.leaders.com.tn\/article\/29458-l-engagement-de-zohra-driss-contre-le-covid-19-fera-t-il-et-pour-ses-salaries-des-emules\">Cliquez ici pour lire l&rsquo;article depuis sa source.<\/a><\/p>\n","protected":false},"excerpt":{"rendered":"<p>Mettre \u00e0 la disposition des h\u00f4pitaux publics des \u00e9quipements m\u00e9dicaux manquants et leur offrir repas et linge au profit des \u00e9tablissements sanitaires\u00a0: Zohra Driss le fait spontan\u00e9ment. Son geste vient conforter l\u2019effort national de lutte contre le Covid-19. La toute premi\u00e8re attention \u00e0 apporter est aux soignants, m\u00e9decins, param\u00e9dicaux, ambulanciers et autres. Mais, aussi, leur [&hellip;]<\/p>\n","protected":false},"author":1772,"featured_media":0,"comment_status":"closed","ping_status":"closed","sticky":false,"template":"","format":"standard","meta":{"fifu_image_url":"","fifu_image_alt":"","footnotes":""},"categories":[73,55],"tags":[],"class_list":["post-79943","post","type-post","status-publish","format-standard","hentry","category-actualite","category-tunisie"],"_links":{"self":[{"href":"https:\/\/linitiative.ca\/International\/wp-json\/wp\/v2\/posts\/79943","targetHints":{"allow":["GET"]}}],"collection":[{"href":"https:\/\/linitiative.ca\/International\/wp-json\/wp\/v2\/posts"}],"about":[{"href":"https:\/\/linitiative.ca\/International\/wp-json\/wp\/v2\/types\/post"}],"author":[{"embeddable":true,"href":"https:\/\/linitiative.ca\/International\/wp-json\/wp\/v2\/users\/1772"}],"replies":[{"embeddable":true,"href":"https:\/\/linitiative.ca\/International\/wp-json\/wp\/v2\/comments?post=79943"}],"version-history":[{"count":0,"href":"https:\/\/linitiative.ca\/International\/wp-json\/wp\/v2\/posts\/79943\/revisions"}],"wp:attachment":[{"href":"https:\/\/linitiative.ca\/International\/wp-json\/wp\/v2\/media?parent=79943"}],"wp:term":[{"taxonomy":"category","embeddable":true,"href":"https:\/\/linitiative.ca\/International\/wp-json\/wp\/v2\/categories?post=79943"},{"taxonomy":"post_tag","embeddable":true,"href":"https:\/\/linitiative.ca\/International\/wp-json\/wp\/v2\/tags?post=79943"}],"curies":[{"name":"wp","href":"https:\/\/api.w.org\/{rel}","templated":true}]}}