{"id":79949,"date":"2020-03-24T07:24:18","date_gmt":"2020-03-24T11:24:18","guid":{"rendered":"https:\/\/linitiative.ca\/International\/annulation-du-festival-du-rai\/"},"modified":"2020-03-24T07:24:18","modified_gmt":"2020-03-24T11:24:18","slug":"annulation-du-festival-du-rai","status":"publish","type":"post","link":"https:\/\/linitiative.ca\/International\/annulation-du-festival-du-rai\/","title":{"rendered":"Annulation du festival du rai"},"content":{"rendered":"<div class=\"body\">\n<div class=\"field field-name-body field-type-text-with-summary field-label-hidden\">\n<div class=\"field-items\" readability=\"9\">\n<div class=\"field-item even\" property=\"content:encoded\" readability=\"13\">\n<p class=\"rtejustify\">L\u2019Association Oujda arts, organisatrice du festival international du Rai d\u2019Oujda (FIRO) vient d\u2019annuler la 14e \u00e9dition du FIRO, pour des raisons se rapportant \u00e0 la lutte contre le Coronavirus Covid-19.\u00a0 Le festival de cette ann\u00e9e devrait avoir lieu du 23 au 25 Juillet 2020. Aux risques de propagation de la pand\u00e9mie, le FIRO est confront\u00e9 \u00e0 des difficult\u00e9s d\u2019ordre financier et n\u2019arrive plus \u00e0 regrouper les meilleures vedettes de la mouvance rai depuis deux ann\u00e9es.<\/p>\n<p><em>A.K.<\/em><\/p>\n<\/div>\n<\/div>\n<\/div>\n<\/div>\n<div class=\"eco-conseil\">\n<div class=\"view view-eco-conseil-16 view-id-eco_conseil_16 view-display-id-cookies view-dom-id-6f330b41b6f315dcf5fea9970429ab46\">\n<div class=\"view-content\">\n<div id=\"views-bootstrap-grid-1\" class=\"views-bootstrap-grid-plugin-style\">\n<div class=\"row\">\n<div class=\" col-xs-12 col-lg-4\">\n<div class=\"row\">\n<div class=\"col col-xs-12 col-lg-12\">\n<div class=\"field-content\"><a href=\"\/article\/1059291-afriquia-gaz-performe\"><img loading=\"lazy\" decoding=\"async\" class=\"img-responsive\" typeof=\"foaf:Image\" src=\"https:\/\/www.leconomiste.com\/sites\/default\/files\/eco7\/public\/styles\/800x400\/public\/default_images\/default_une.jpg?itok=4jZlgnIZ\" width=\"660\" height=\"330\" alt=\"\"\/><\/a><\/div>\n<\/div>\n<div class=\" title_suite_2 col col-xs-12 col-lg-12\"> <a href=\"\/article\/1059291-afriquia-gaz-performe\"\/><span class=\"field-content\">Afriquia Gaz performe<\/span><\/div>\n<\/div>\n<\/div>\n<div class=\" col-xs-12 col-lg-4\">\n<div class=\"row\">\n<div class=\"col col-xs-12 col-lg-12\">\n<div class=\"field-content\"><a href=\"\/article\/1059290-le-e-learning-operationnel-pour-les-etudiants-de-l-ump\"><img loading=\"lazy\" decoding=\"async\" class=\"img-responsive\" typeof=\"foaf:Image\" src=\"https:\/\/www.leconomiste.com\/sites\/default\/files\/eco7\/public\/styles\/800x400\/public\/default_images\/default_une.jpg?itok=4jZlgnIZ\" width=\"660\" height=\"330\" alt=\"\"\/><\/a><\/div>\n<\/div>\n<div class=\" title_suite_2 col col-xs-12 col-lg-12\"> <a href=\"\/article\/1059290-le-e-learning-operationnel-pour-les-etudiants-de-l-ump\"\/><span class=\"field-content\">Le E-learning op\u00e9rationnel pour les \u00e9tudiants de l\u2019UMP<\/span><\/div>\n<\/div>\n<\/div>\n<div class=\" col-xs-12 col-lg-4\">\n<div class=\"row\">\n<div class=\"col col-xs-12 col-lg-12\">\n<div class=\"field-content\"><a href=\"\/article\/1059288-vivo-energy-contribue-au-fonds-de-solidarite\"><img loading=\"lazy\" decoding=\"async\" class=\"img-responsive\" typeof=\"foaf:Image\" src=\"https:\/\/www.leconomiste.com\/sites\/default\/files\/eco7\/public\/styles\/800x400\/public\/default_images\/default_une.jpg?itok=4jZlgnIZ\" width=\"660\" height=\"330\" alt=\"\"\/><\/a><\/div>\n<\/div>\n<div class=\" title_suite_2 col col-xs-12 col-lg-12\"> <a href=\"\/article\/1059288-vivo-energy-contribue-au-fonds-de-solidarite\"\/><span class=\"field-content\">Vivo Energy contribue au Fonds de solidarit\u00e9<\/span><\/div>\n<\/div>\n<\/div>\n<\/div>\n<\/div>\n<\/div>\n<\/div>\n<\/div>\n<p>Auteur: hlafriqi<br \/>\n<a href=\"https:\/\/www.leconomiste.com\/article\/1059289-annulation-du-festival-du-rai\">Cliquez ici pour lire l&rsquo;article depuis sa source.<\/a><\/p>\n","protected":false},"excerpt":{"rendered":"<p>L\u2019Association Oujda arts, organisatrice du festival international du Rai d\u2019Oujda (FIRO) vient d\u2019annuler la 14e \u00e9dition du FIRO, pour des raisons se rapportant \u00e0 la lutte contre le Coronavirus Covid-19.\u00a0 Le festival de cette ann\u00e9e devrait avoir lieu du 23 au 25 Juillet 2020. Aux risques de propagation de la pand\u00e9mie, le FIRO est confront\u00e9 [&hellip;]<\/p>\n","protected":false},"author":1763,"featured_media":0,"comment_status":"closed","ping_status":"closed","sticky":false,"template":"","format":"standard","meta":{"fifu_image_url":"","fifu_image_alt":"","footnotes":""},"categories":[78,54],"tags":[],"class_list":["post-79949","post","type-post","status-publish","format-standard","hentry","category-economie","category-maroc"],"_links":{"self":[{"href":"https:\/\/linitiative.ca\/International\/wp-json\/wp\/v2\/posts\/79949","targetHints":{"allow":["GET"]}}],"collection":[{"href":"https:\/\/linitiative.ca\/International\/wp-json\/wp\/v2\/posts"}],"about":[{"href":"https:\/\/linitiative.ca\/International\/wp-json\/wp\/v2\/types\/post"}],"author":[{"embeddable":true,"href":"https:\/\/linitiative.ca\/International\/wp-json\/wp\/v2\/users\/1763"}],"replies":[{"embeddable":true,"href":"https:\/\/linitiative.ca\/International\/wp-json\/wp\/v2\/comments?post=79949"}],"version-history":[{"count":0,"href":"https:\/\/linitiative.ca\/International\/wp-json\/wp\/v2\/posts\/79949\/revisions"}],"wp:attachment":[{"href":"https:\/\/linitiative.ca\/International\/wp-json\/wp\/v2\/media?parent=79949"}],"wp:term":[{"taxonomy":"category","embeddable":true,"href":"https:\/\/linitiative.ca\/International\/wp-json\/wp\/v2\/categories?post=79949"},{"taxonomy":"post_tag","embeddable":true,"href":"https:\/\/linitiative.ca\/International\/wp-json\/wp\/v2\/tags?post=79949"}],"curies":[{"name":"wp","href":"https:\/\/api.w.org\/{rel}","templated":true}]}}