{"id":79952,"date":"2020-03-24T07:18:29","date_gmt":"2020-03-24T11:18:29","guid":{"rendered":"https:\/\/linitiative.ca\/International\/conseil-communal-de-nouvelles-mesures-preventives\/"},"modified":"2020-03-24T07:18:29","modified_gmt":"2020-03-24T11:18:29","slug":"conseil-communal-de-nouvelles-mesures-preventives","status":"publish","type":"post","link":"https:\/\/linitiative.ca\/International\/conseil-communal-de-nouvelles-mesures-preventives\/","title":{"rendered":"Conseil communal: De nouvelles mesures pr\u00e9ventives"},"content":{"rendered":"<div readability=\"36\">\n<p>Essaouira \u2013 Le Conseil communal d\u2019Essaouira a tenu, lundi, une r\u00e9union consacr\u00e9e \u00e0 l\u2019examen des besoins de la population et des nouvelles mesures pr\u00e9ventives \u00e0 entreprendre pour faire face aux \u00e9ventuels effets de la pand\u00e9mie du nouveau coronavirus (Covid-19).<\/p>\n<\/div>\n<div readability=\"89\">\n<p>Cette r\u00e9union intervient dans le sillage des mesures d\u2019urgence que ledit Conseil \u0153uvre inlassablement \u00e0 prendre pour trouver des r\u00e9ponses urgentes et efficientes aux besoins de la population, avec \u00e0 leur t\u00eate l\u2019acc\u00e9l\u00e9ration du lancement d\u2019une op\u00e9ration de connexion internet gratuite au profit des jeunes et ce, \u00e0 la charge du Conseil communal.<\/p>\n<p>Lors de cette r\u00e9union, qui s\u2019est d\u00e9roul\u00e9e en pr\u00e9sence de membres de cette instance \u00e9lue, des chefs de services et de fonctionnaires de la commune, le pr\u00e9sident du Conseil, Hicham Jebbari, a insist\u00e9 sur la n\u00e9cessit\u00e9 d\u2019acc\u00e9l\u00e9rer l\u2019ex\u00e9cution de cette op\u00e9ration, vu son importance notamment pour l\u2019enseignement \u00e0 distance, entre autres.<\/p>\n<p>Dans la foul\u00e9e, le Conseil a convenu, en coordination et en concertation avec les autorit\u00e9s locales et la Direction provinciale de la Sant\u00e9 en vue d\u2019acc\u00e9l\u00e9rer la cadence dans le cadre de plusieurs programmes concernant la population, de l\u2019imp\u00e9ratif de la mise en \u0153uvre de plusieurs d\u00e9cisions importantes.<\/p>\n<p>Ainsi, la premi\u00e8re d\u00e9cision concerne l\u2019\u00e9valuation des r\u00e9sultats de l\u2019op\u00e9ration de d\u00e9sinfection et de st\u00e9rilisation men\u00e9e par la Commune durant une semaine dans plusieurs \u00e9tablissements et l\u2019identification des besoins pour les prochaines semaines pour couvrir l\u2019ensemble des espaces et lieux de la ville.<\/p>\n<p>La deuxi\u00e8me d\u00e9cision porte sur l\u2019\u00e9tude de la possibilit\u00e9 de la connexion internet gratuite de certains quartiers et zones de la ville, avec un haut d\u00e9bit, en vue de r\u00e9pondre aux besoins des jeunes de la cit\u00e9 des Aliz\u00e9s.<\/p>\n<p>Quant \u00e0 la 3\u00e8me, elle a trait \u00e0 l\u2019ouverture de la salle couverte Al Massira pour l\u2019accueil des personnes d\u00e9munies et des sans abri, tout en assurant son \u00e9quipement en lits et en produits d\u2019hygi\u00e8ne et en veillant \u00e0 offrir aux personnes concern\u00e9es des v\u00eatements, des prestations sanitaires et des repas.<\/p>\n<p>La 4\u00e8me d\u00e9cision concerne la possibilit\u00e9 de l\u2019ouverture de plus d\u2019une pharmacie de garde \u00e0 travers l\u2019ensemble du territoire de la ville, et d\u2019au moins trois pharmacies pour couvrir l\u2019ancienne m\u00e9dina et son environnement.<\/p>\n<p>Pour ce qui est de la derni\u00e8re d\u00e9cision, elle est relative au transfert du montant d\u2019un million de DH, qui \u00e9tait allou\u00e9 au festival Gnaoua et Musiques du Monde, au Fonds sp\u00e9cial d\u00e9di\u00e9 \u00e0 la gestion de la pand\u00e9mie du coronavirus.<\/p>\n<\/div>\n<p>Auteur: Meriem IGASS<br \/>\n<a href=\"http:\/\/www.mapmarrakech.ma\/fr\/conseil-communal-de-nouvelles-mesures-preventives\/\">Cliquez ici pour lire l&rsquo;article depuis sa source.<\/a><\/p>\n","protected":false},"excerpt":{"rendered":"<p>Essaouira \u2013 Le Conseil communal d\u2019Essaouira a tenu, lundi, une r\u00e9union consacr\u00e9e \u00e0 l\u2019examen des besoins de la population et des nouvelles mesures pr\u00e9ventives \u00e0 entreprendre pour faire face aux \u00e9ventuels effets de la pand\u00e9mie du nouveau coronavirus (Covid-19). Cette r\u00e9union intervient dans le sillage des mesures d\u2019urgence que ledit Conseil \u0153uvre inlassablement \u00e0 prendre [&hellip;]<\/p>\n","protected":false},"author":1788,"featured_media":0,"comment_status":"closed","ping_status":"closed","sticky":false,"template":"","format":"standard","meta":{"fifu_image_url":"","fifu_image_alt":"","footnotes":""},"categories":[54,76],"tags":[],"class_list":["post-79952","post","type-post","status-publish","format-standard","hentry","category-maroc","category-regions"],"_links":{"self":[{"href":"https:\/\/linitiative.ca\/International\/wp-json\/wp\/v2\/posts\/79952","targetHints":{"allow":["GET"]}}],"collection":[{"href":"https:\/\/linitiative.ca\/International\/wp-json\/wp\/v2\/posts"}],"about":[{"href":"https:\/\/linitiative.ca\/International\/wp-json\/wp\/v2\/types\/post"}],"author":[{"embeddable":true,"href":"https:\/\/linitiative.ca\/International\/wp-json\/wp\/v2\/users\/1788"}],"replies":[{"embeddable":true,"href":"https:\/\/linitiative.ca\/International\/wp-json\/wp\/v2\/comments?post=79952"}],"version-history":[{"count":0,"href":"https:\/\/linitiative.ca\/International\/wp-json\/wp\/v2\/posts\/79952\/revisions"}],"wp:attachment":[{"href":"https:\/\/linitiative.ca\/International\/wp-json\/wp\/v2\/media?parent=79952"}],"wp:term":[{"taxonomy":"category","embeddable":true,"href":"https:\/\/linitiative.ca\/International\/wp-json\/wp\/v2\/categories?post=79952"},{"taxonomy":"post_tag","embeddable":true,"href":"https:\/\/linitiative.ca\/International\/wp-json\/wp\/v2\/tags?post=79952"}],"curies":[{"name":"wp","href":"https:\/\/api.w.org\/{rel}","templated":true}]}}