{"id":79953,"date":"2020-03-24T08:18:03","date_gmt":"2020-03-24T12:18:03","guid":{"rendered":"https:\/\/linitiative.ca\/International\/les-effets-du-covid-19-barrent-la-une-des-quotidiens-burkinabe\/"},"modified":"2020-03-24T08:18:03","modified_gmt":"2020-03-24T12:18:03","slug":"les-effets-du-covid-19-barrent-la-une-des-quotidiens-burkinabe","status":"publish","type":"post","link":"https:\/\/linitiative.ca\/International\/les-effets-du-covid-19-barrent-la-une-des-quotidiens-burkinabe\/","title":{"rendered":"Les effets du Covid-19 barrent la Une des quotidiens burkinab\u00e8"},"content":{"rendered":"<div readability=\"32\">\n<p>Publi\u00e9 le 24.03.2020 \u00e0 13h18 par APA News<\/p>\n<\/div>\n<div readability=\"103\">\n<p>Les quotidiens du Burkina Faso continuent de commenter, ce mardi, l\u2019actualit\u00e9 nationale relative \u00e0 la maladie de Coronavirus (COVID-19), notamment, les effets dus aux mesures prises en vue d\u2019endiguer la propagation de la pand\u00e9mie dans le pays.\u00abSuspension des transports en commun au Burkina: Toutes les gares ferm\u00e9es\u00bb, arbore le journal priv\u00e9 Le Quotidien qui informe que depuis hier lundi,\u00a0la mesure de fermeture des gares routi\u00e8res du pays est en vigueur et entre dans la lutte contre la propagation du COVID-19.<\/p>\n<p>A ce propos, le quotidien national Sidwaya affiche\u00a0: \u00abTransports en commun\u00a0: Coronavirus arr\u00eate les passagers\u00bb.<\/p>\n<p>Selon le journal qui a fait le constat \u00e0 Ouagadougou, la mesure de suspension de voyage de personnes d\u2019une localit\u00e9 \u00e0 une autre au Burkina Faso, a \u00e9t\u00e9\u00a0respect\u00e9e\u00a0par l\u2019ensemble des soci\u00e9t\u00e9s de transport de la capitale.<\/p>\n<p>De son c\u00f4t\u00e9, L\u2019Observateur Paalga, le doyen des quotidiens priv\u00e9s du Burkina Faso, fait observer que\u00a0les \u00abcars (sont) en arr\u00eat\u00bb, mais les \u00abpassagers (sont) en d\u00e9tresse\u00bb.<\/p>\n<p>Le m\u00eame journal parle de la \u00abfermeture des grands march\u00e9s et\u00a0yaars\u00a0(march\u00e9s de taille moyenne, en langue nationale\u00a0moor\u00e9, Ndlr) de la capitale\u00a0\u00bb, avant de se demander: \u00abVers un confinement total \u00e0\u00a0Ouaga\u00a0et \u00e0 Bobo ?\u00bb.<\/p>\n<p>A en croire L\u2019Observateur Paalga, l\u2019information a \u00e9t\u00e9\u00a0donn\u00e9e\u00a0hier 23 mars par le Service d\u2019information du gouvernement, \u00e0 Ouagadougou, \u00e0 l\u2019occasion du point de presse quotidien anim\u00e9 par le Pr Martial Ou\u00e9draogo, coordonnateur national de la riposte \u00e0 l\u2019\u00e9pid\u00e9mie.\u00a0<\/p>\n<p>\u00abAussi, pour contenir la propagation du Covid-19, le Centre des op\u00e9rations de r\u00e9ponse aux urgences sanitaires (CORUS) a recommand\u00e9 le confinement total de\u00a0Ouaga\u00a0et Bobo\u00bb, peut-on lire.<\/p>\n<p>Evoquant le bilan au Burkina Faso de la pand\u00e9mie, \u00e0 la date d\u2019hier, Sidwaya renseigne que \u00able compteur passe de 75 \u00e0 99 cas confirm\u00e9s\u00bb, l\u00e0 o\u00f9 Le Pays (priv\u00e9) mentionne: \u00ab99 cas confirm\u00e9s dont 1 \u00e0 Banfora\u00bb.<\/p>\n<p>Sous le titre: \u00abPand\u00e9mie de coronavirus : les mati\u00e8res premi\u00e8res en souffrance\u00bb, Aujourd\u2019hui au Faso informe que \u00abface \u00e0 la pand\u00e9mie du coronavirus qui dicte sa loi dans plusieurs pays du monde, l\u2019\u00e9conomie fait grise mine\u00bb.\u00a0<\/p>\n<p>Selon plusieurs analystes,\u00a0\u00e9crit le journal,\u00a0ces d\u00e9vissements boursiers constituent une mauvaise nouvelle pour l\u2019Afrique.\u00a0<\/p>\n<p>D\u00e9mentant une rumeur ayant circul\u00e9, la veille \u00e0 Ouagadougou,\u00a0Aujourd\u2019hui au Faso\u00a0titre: \u00abPand\u00e9mie de coronavirus : +Roch Kabor\u00e9 est sain et sauf+, selon la pr\u00e9sidence du Faso\u00bb.<\/p>\n<\/div>\n<p>Auteur: APA News<br \/>\n<a href=\"https:\/\/www.journalducameroun.com\/les-effets-du-covid-19-barrent-la-une-des-quotidiens-burkinabe\/\">Cliquez ici pour lire l&rsquo;article depuis sa source.<\/a><\/p>\n","protected":false},"excerpt":{"rendered":"<p>Publi\u00e9 le 24.03.2020 \u00e0 13h18 par APA News Les quotidiens du Burkina Faso continuent de commenter, ce mardi, l\u2019actualit\u00e9 nationale relative \u00e0 la maladie de Coronavirus (COVID-19), notamment, les effets dus aux mesures prises en vue d\u2019endiguer la propagation de la pand\u00e9mie dans le pays.\u00abSuspension des transports en commun au Burkina: Toutes les gares ferm\u00e9es\u00bb, [&hellip;]<\/p>\n","protected":false},"author":1965,"featured_media":0,"comment_status":"closed","ping_status":"closed","sticky":false,"template":"","format":"standard","meta":{"fifu_image_url":"","fifu_image_alt":"","footnotes":""},"categories":[73,82],"tags":[],"class_list":["post-79953","post","type-post","status-publish","format-standard","hentry","category-actualite","category-cameroun"],"_links":{"self":[{"href":"https:\/\/linitiative.ca\/International\/wp-json\/wp\/v2\/posts\/79953","targetHints":{"allow":["GET"]}}],"collection":[{"href":"https:\/\/linitiative.ca\/International\/wp-json\/wp\/v2\/posts"}],"about":[{"href":"https:\/\/linitiative.ca\/International\/wp-json\/wp\/v2\/types\/post"}],"author":[{"embeddable":true,"href":"https:\/\/linitiative.ca\/International\/wp-json\/wp\/v2\/users\/1965"}],"replies":[{"embeddable":true,"href":"https:\/\/linitiative.ca\/International\/wp-json\/wp\/v2\/comments?post=79953"}],"version-history":[{"count":0,"href":"https:\/\/linitiative.ca\/International\/wp-json\/wp\/v2\/posts\/79953\/revisions"}],"wp:attachment":[{"href":"https:\/\/linitiative.ca\/International\/wp-json\/wp\/v2\/media?parent=79953"}],"wp:term":[{"taxonomy":"category","embeddable":true,"href":"https:\/\/linitiative.ca\/International\/wp-json\/wp\/v2\/categories?post=79953"},{"taxonomy":"post_tag","embeddable":true,"href":"https:\/\/linitiative.ca\/International\/wp-json\/wp\/v2\/tags?post=79953"}],"curies":[{"name":"wp","href":"https:\/\/api.w.org\/{rel}","templated":true}]}}