{"id":79957,"date":"2020-03-24T07:25:19","date_gmt":"2020-03-24T11:25:19","guid":{"rendered":"https:\/\/linitiative.ca\/International\/le-e-learning-operationnel-pour-les-etudiants-de-lump\/"},"modified":"2020-03-24T07:25:19","modified_gmt":"2020-03-24T11:25:19","slug":"le-e-learning-operationnel-pour-les-etudiants-de-lump","status":"publish","type":"post","link":"https:\/\/linitiative.ca\/International\/le-e-learning-operationnel-pour-les-etudiants-de-lump\/","title":{"rendered":"Le E-learning op\u00e9rationnel pour les \u00e9tudiants de l\u2019UMP"},"content":{"rendered":"<div class=\"body\">\n<div class=\"field field-name-body field-type-text-with-summary field-label-hidden\">\n<div class=\"field-items\" readability=\"11\">\n<div class=\"field-item even\" property=\"content:encoded\" readability=\"17\">\n<p class=\"rtejustify\">Le centre d&rsquo;Innovations p\u00e9dagogiques et du digital E-learning de l&rsquo;Universit\u00e9 Mohammed premier d\u2019Oujda, UMP\/O, vient d\u2019\u00e9quiper deux studios de mise en contenus des cours.\u00a0 \u00ab Des cours en ligne, dispens\u00e9s depuis samedi pour faciliter la t\u00e2che aux \u00e9tudiants, leur permettre d\u2019achever leurs programmes \u00e0 temps et se pr\u00e9parer pour les prochains examens \u00bb explique Yassine Zeghloule, pr\u00e9sident de l\u2019UMP. Une \u00e9quipe compos\u00e9e d\u2019une quarantaine de sp\u00e9cialistes en audio-visuel et d\u2019administrateurs, en plus des professeurs des diff\u00e9rentes disciplines, veillent sur la r\u00e9alisation de ces contenus ainsi que leur mise en ligne.<\/p>\n<p class=\"rtejustify\"><em>A.K.<\/em><\/p>\n<\/div>\n<\/div>\n<\/div>\n<\/div>\n<div class=\"eco-conseil\">\n<div class=\"view view-eco-conseil-16 view-id-eco_conseil_16 view-display-id-cookies view-dom-id-9be8ecb6eaa04f538fa42c04d743e899\">\n<div class=\"view-content\">\n<div id=\"views-bootstrap-grid-1\" class=\"views-bootstrap-grid-plugin-style\">\n<div class=\"row\">\n<div class=\" col-xs-12 col-lg-4\">\n<div class=\"row\">\n<div class=\"col col-xs-12 col-lg-12\">\n<div class=\"field-content\"><a href=\"\/article\/1059291-afriquia-gaz-performe\"><img loading=\"lazy\" decoding=\"async\" class=\"img-responsive\" typeof=\"foaf:Image\" src=\"https:\/\/www.leconomiste.com\/sites\/default\/files\/eco7\/public\/styles\/800x400\/public\/default_images\/default_une.jpg?itok=4jZlgnIZ\" width=\"660\" height=\"330\" alt=\"\"\/><\/a><\/div>\n<\/div>\n<div class=\" title_suite_2 col col-xs-12 col-lg-12\"> <a href=\"\/article\/1059291-afriquia-gaz-performe\"\/><span class=\"field-content\">Afriquia Gaz performe<\/span><\/div>\n<\/div>\n<\/div>\n<div class=\" col-xs-12 col-lg-4\">\n<div class=\"row\">\n<div class=\"col col-xs-12 col-lg-12\">\n<div class=\"field-content\"><a href=\"\/article\/1059289-annulation-du-festival-du-rai\"><img loading=\"lazy\" decoding=\"async\" class=\"img-responsive\" typeof=\"foaf:Image\" src=\"https:\/\/www.leconomiste.com\/sites\/default\/files\/eco7\/public\/styles\/800x400\/public\/default_images\/default_une.jpg?itok=4jZlgnIZ\" width=\"660\" height=\"330\" alt=\"\"\/><\/a><\/div>\n<\/div>\n<div class=\" title_suite_2 col col-xs-12 col-lg-12\"> <a href=\"\/article\/1059289-annulation-du-festival-du-rai\"\/><span class=\"field-content\">Annulation du festival du rai<\/span><\/div>\n<\/div>\n<\/div>\n<div class=\" col-xs-12 col-lg-4\">\n<div class=\"row\">\n<div class=\"col col-xs-12 col-lg-12\">\n<div class=\"field-content\"><a href=\"\/article\/1059288-vivo-energy-contribue-au-fonds-de-solidarite\"><img loading=\"lazy\" decoding=\"async\" class=\"img-responsive\" typeof=\"foaf:Image\" src=\"https:\/\/www.leconomiste.com\/sites\/default\/files\/eco7\/public\/styles\/800x400\/public\/default_images\/default_une.jpg?itok=4jZlgnIZ\" width=\"660\" height=\"330\" alt=\"\"\/><\/a><\/div>\n<\/div>\n<div class=\" title_suite_2 col col-xs-12 col-lg-12\"> <a href=\"\/article\/1059288-vivo-energy-contribue-au-fonds-de-solidarite\"\/><span class=\"field-content\">Vivo Energy contribue au Fonds de solidarit\u00e9<\/span><\/div>\n<\/div>\n<\/div>\n<\/div>\n<\/div>\n<\/div>\n<\/div>\n<\/div>\n<p>Auteur: hlafriqi<br \/>\n<a href=\"https:\/\/www.leconomiste.com\/article\/1059290-le-e-learning-operationnel-pour-les-etudiants-de-l-ump\">Cliquez ici pour lire l&rsquo;article depuis sa source.<\/a><\/p>\n","protected":false},"excerpt":{"rendered":"<p>Le centre d&rsquo;Innovations p\u00e9dagogiques et du digital E-learning de l&rsquo;Universit\u00e9 Mohammed premier d\u2019Oujda, UMP\/O, vient d\u2019\u00e9quiper deux studios de mise en contenus des cours.\u00a0 \u00ab Des cours en ligne, dispens\u00e9s depuis samedi pour faciliter la t\u00e2che aux \u00e9tudiants, leur permettre d\u2019achever leurs programmes \u00e0 temps et se pr\u00e9parer pour les prochains examens \u00bb explique Yassine [&hellip;]<\/p>\n","protected":false},"author":1763,"featured_media":0,"comment_status":"closed","ping_status":"closed","sticky":false,"template":"","format":"standard","meta":{"fifu_image_url":"","fifu_image_alt":"","footnotes":""},"categories":[78,54],"tags":[],"class_list":["post-79957","post","type-post","status-publish","format-standard","hentry","category-economie","category-maroc"],"_links":{"self":[{"href":"https:\/\/linitiative.ca\/International\/wp-json\/wp\/v2\/posts\/79957","targetHints":{"allow":["GET"]}}],"collection":[{"href":"https:\/\/linitiative.ca\/International\/wp-json\/wp\/v2\/posts"}],"about":[{"href":"https:\/\/linitiative.ca\/International\/wp-json\/wp\/v2\/types\/post"}],"author":[{"embeddable":true,"href":"https:\/\/linitiative.ca\/International\/wp-json\/wp\/v2\/users\/1763"}],"replies":[{"embeddable":true,"href":"https:\/\/linitiative.ca\/International\/wp-json\/wp\/v2\/comments?post=79957"}],"version-history":[{"count":0,"href":"https:\/\/linitiative.ca\/International\/wp-json\/wp\/v2\/posts\/79957\/revisions"}],"wp:attachment":[{"href":"https:\/\/linitiative.ca\/International\/wp-json\/wp\/v2\/media?parent=79957"}],"wp:term":[{"taxonomy":"category","embeddable":true,"href":"https:\/\/linitiative.ca\/International\/wp-json\/wp\/v2\/categories?post=79957"},{"taxonomy":"post_tag","embeddable":true,"href":"https:\/\/linitiative.ca\/International\/wp-json\/wp\/v2\/tags?post=79957"}],"curies":[{"name":"wp","href":"https:\/\/api.w.org\/{rel}","templated":true}]}}