{"id":79959,"date":"2020-03-24T08:14:32","date_gmt":"2020-03-24T12:14:32","guid":{"rendered":"https:\/\/linitiative.ca\/International\/plantations-du-haut-penja-recherche-12-tracteurs\/"},"modified":"2020-03-24T08:14:32","modified_gmt":"2020-03-24T12:14:32","slug":"plantations-du-haut-penja-recherche-12-tracteurs","status":"publish","type":"post","link":"https:\/\/linitiative.ca\/International\/plantations-du-haut-penja-recherche-12-tracteurs\/","title":{"rendered":"Plantations du Haut Penja recherche 12 tracteurs"},"content":{"rendered":"<div id=\"the-post\">\n<div class=\"featured-area featured-area-inner\"><img loading=\"lazy\" decoding=\"async\" width=\"500\" height=\"347\" src=\"https:\/\/ecomatin.net\/wp-content\/uploads\/2020\/03\/PHP.jpg\" class=\"attachment-jannah-image-post size-jannah-image-post wp-post-image\" alt=\"penja\" srcset=\"https:\/\/ecomatin.net\/wp-content\/uploads\/2020\/03\/PHP.jpg 500w, https:\/\/ecomatin.net\/wp-content\/uploads\/2020\/03\/PHP-300x208.jpg 300w\" sizes=\"auto, (max-width: 500px) 100vw, 500px\" data-attachment-id=\"14232\" data-permalink=\"https:\/\/ecomatin.net\/plantations-du-haut-penja-recherche-12-tracteurs\/php\/\" data-orig-file=\"https:\/\/ecomatin.net\/wp-content\/uploads\/2020\/03\/PHP.jpg\" data-orig-size=\"500,347\" data-comments-opened=\"0\" data-image-meta=\"{&quot;aperture&quot;:&quot;0&quot;,&quot;credit&quot;:&quot;&quot;,&quot;camera&quot;:&quot;&quot;,&quot;caption&quot;:&quot;&quot;,&quot;created_timestamp&quot;:&quot;0&quot;,&quot;copyright&quot;:&quot;&quot;,&quot;focal_length&quot;:&quot;0&quot;,&quot;iso&quot;:&quot;0&quot;,&quot;shutter_speed&quot;:&quot;0&quot;,&quot;title&quot;:&quot;&quot;,&quot;orientation&quot;:&quot;0&quot;}\" data-image-title=\"PHP\" data-image-description=\"\" data-medium-file=\"https:\/\/ecomatin.net\/wp-content\/uploads\/2020\/03\/PHP-300x208.jpg\" data-large-file=\"https:\/\/ecomatin.net\/wp-content\/uploads\/2020\/03\/PHP.jpg\"\/><\/div>\n<div class=\"entry-content entry clearfix\" readability=\"41.2952008929\">\n<p>La soci\u00e9t\u00e9 Plantations du Haut Penja (PHP) envisage d\u2019attribuer un march\u00e9 de fournitures pour l\u2019acquisition de 12 tracteurs agricoles financ\u00e9e par les mesures d\u2019accompagnement aux pays ACP fournisseurs de bananes (MAB).\u00a0 Elle vient de lancer un appel d\u2019offres en trois lots pour un d\u00e9p\u00f4t des dossiers le vendredi 27 mars 2020. Les offres des soumissionnaires attendus au quai fruitier du Port autonome de Douala, seront publiquement ouvertes le 1<sup>er<\/sup> avril prochain dans les locaux de la PHP \u00e0 Njombe, dans la r\u00e9gion du Littoral.<\/p>\n<p>Leader de la production banani\u00e8re au Cameroun, PHP a exp\u00e9di\u00e9 sur le march\u00e9 international 13\u00a0847 tonnes de bananes contre 19\u00a0737 tonnes \u00e0 la m\u00eame p\u00e9riode en 2019. Ce qui r\u00e9v\u00e8le un gap de 5 890 tonnes. Cette baisse d\u2019activit\u00e9 \u00e0 la PHP est la principale explication \u00e0 la baisse des exportations globales de bananes dans le pays en f\u00e9vrier 2020, lesquelles ont chut\u00e9 de plus de 6 500 tonnes en glissement annuel, selon les chiffres r\u00e9v\u00e9l\u00e9s par l\u2019Association banani\u00e8re du Cameroun (Assobacam).<\/p>\n<p>Six mois plut\u00f4t (Septembre 2019), PHP a export\u00e9 16\u00a0667 tonnes contre 13\u00a0383 tonnes un an plus t\u00f4t. Ce qui r\u00e9v\u00e9lait une augmentation des exportations de ce producteur de 3\u00a0284 tonnes sur une p\u00e9riode de 12 mois selon les statistiques publi\u00e9es par l\u2019Association banani\u00e8re du Cameroun (Assobacam).<\/p>\n<div class=\"awac-wrapper awac widget posts-list-widget-13\">\n<h4 class=\"widget-title\">Recent Posts<\/h4>\n<\/div>\n<\/div>\n<\/div>\n<div readability=\"31.5\">\n<div class=\"container-wrapper subscribe-widget widget-inner-wrap subscribe-widget-content\" id=\"post-newsletter\" readability=\"33\">\n<h4>With Product You Purchase<\/h4>\n<h3>Subscribe to our mailing list to get the new updates!<\/h3>\n<p>Lorem ipsum dolor sit amet, consectetur.<\/p>\n<\/div>\n<\/div>\n<p>Auteur: Clovis Mbeng<br \/>\n<a href=\"https:\/\/ecomatin.net\/plantations-du-haut-penja-recherche-12-tracteurs\/\">Cliquez ici pour lire l&rsquo;article depuis sa source.<\/a><\/p>\n","protected":false},"excerpt":{"rendered":"<p>La soci\u00e9t\u00e9 Plantations du Haut Penja (PHP) envisage d\u2019attribuer un march\u00e9 de fournitures pour l\u2019acquisition de 12 tracteurs agricoles financ\u00e9e par les mesures d\u2019accompagnement aux pays ACP fournisseurs de bananes (MAB).\u00a0 Elle vient de lancer un appel d\u2019offres en trois lots pour un d\u00e9p\u00f4t des dossiers le vendredi 27 mars 2020. Les offres des soumissionnaires [&hellip;]<\/p>\n","protected":false},"author":1969,"featured_media":79964,"comment_status":"closed","ping_status":"closed","sticky":false,"template":"","format":"standard","meta":{"fifu_image_url":"","fifu_image_alt":"","footnotes":""},"categories":[82,78],"tags":[],"class_list":["post-79959","post","type-post","status-publish","format-standard","has-post-thumbnail","hentry","category-cameroun","category-economie"],"_links":{"self":[{"href":"https:\/\/linitiative.ca\/International\/wp-json\/wp\/v2\/posts\/79959","targetHints":{"allow":["GET"]}}],"collection":[{"href":"https:\/\/linitiative.ca\/International\/wp-json\/wp\/v2\/posts"}],"about":[{"href":"https:\/\/linitiative.ca\/International\/wp-json\/wp\/v2\/types\/post"}],"author":[{"embeddable":true,"href":"https:\/\/linitiative.ca\/International\/wp-json\/wp\/v2\/users\/1969"}],"replies":[{"embeddable":true,"href":"https:\/\/linitiative.ca\/International\/wp-json\/wp\/v2\/comments?post=79959"}],"version-history":[{"count":0,"href":"https:\/\/linitiative.ca\/International\/wp-json\/wp\/v2\/posts\/79959\/revisions"}],"wp:featuredmedia":[{"embeddable":true,"href":"https:\/\/linitiative.ca\/International\/wp-json\/"}],"wp:attachment":[{"href":"https:\/\/linitiative.ca\/International\/wp-json\/wp\/v2\/media?parent=79959"}],"wp:term":[{"taxonomy":"category","embeddable":true,"href":"https:\/\/linitiative.ca\/International\/wp-json\/wp\/v2\/categories?post=79959"},{"taxonomy":"post_tag","embeddable":true,"href":"https:\/\/linitiative.ca\/International\/wp-json\/wp\/v2\/tags?post=79959"}],"curies":[{"name":"wp","href":"https:\/\/api.w.org\/{rel}","templated":true}]}}