{"id":79961,"date":"2020-03-24T03:11:00","date_gmt":"2020-03-24T07:11:00","guid":{"rendered":"https:\/\/linitiative.ca\/International\/premiers-signes-de-ralentissement-economique-en-tunisie-consommation-en-baisse-des-hydrocarbures\/"},"modified":"2020-03-24T03:11:00","modified_gmt":"2020-03-24T07:11:00","slug":"premiers-signes-de-ralentissement-economique-en-tunisie-consommation-en-baisse-des-hydrocarbures","status":"publish","type":"post","link":"https:\/\/linitiative.ca\/International\/premiers-signes-de-ralentissement-economique-en-tunisie-consommation-en-baisse-des-hydrocarbures\/","title":{"rendered":"Premiers signes de ralentissement \u00e9conomique en Tunisie : Consommation en baisse des hydrocarbures"},"content":{"rendered":"<p>L\u2019indicateur est significatif. La consommation des hydrocarbures commence \u00e0 amorcer une baisse remarqu\u00e9e depuis l\u2019annonce du confinement g\u00e9n\u00e9ralis\u00e9 en Tunisie. C\u2019est ainsi que le gasoil enregistre une baisse de 60% et l\u2019essence d\u00e9croit de 20%, apprend <span class=\"c2\"><strong>Leaders<\/strong><\/span> de bonne source aupr\u00e8s du minist\u00e8re de l\u2019Energie, des Mines et de la Transition \u00e9nerg\u00e9tique. Celui de la consommation \u00e9lectrique est actuellement en cours d\u2019analyse et sera plus significatif au terme de la premi\u00e8re semaine de la g\u00e9n\u00e9ralisation du confinement.<\/p>\n<p>La baisse de la consommation des hydrocarbures traduit le ralentissement des activit\u00e9s industrielles et commerciales, ainsi que celui des transports et des d\u00e9placements v\u00e9hicul\u00e9s. Le suivi de la consommation \u00e9lectrique nous renseignera sur l\u2019utilisation de cette source d\u2019\u00e9nergie dans les lieux de travail et de production et sa part par rapport \u00e0 celle des m\u00e9nages, avec une nouvelle redistribution entre les r\u00e9gions. Le confinement a-t-il d\u00e9cru la consommation professionnelle \u00e9nerg\u00e9tique et accru celle \u00e0 domicile\u00a0? Des Tunisiens ont-ils quitt\u00e9 leur r\u00e9sidence principale pour aller se confiner soit dans leur r\u00e9sidence secondaire, soit dans leur ville d\u2019origine\u00a0? Autant d\u2019\u00e9l\u00e9ments utiles \u00e0 \u00e9tudier.<\/p>\n<p>Evidemment, la baisse de la consommation des hydrocarbures et d\u2019une mani\u00e8re g\u00e9n\u00e9rale \u00e9nerg\u00e9tique chagrine les \u00ab\u00a0productifs\u00a0\u00bb, pr\u00e9occup\u00e9s du d\u00e9clin de l\u2019activit\u00e9 \u00e9conomique, mais r\u00e9jouit les \u00e9cologistes\u00a0: moins d\u2019\u00e9manations de CO2, moins de risque de r\u00e9chauffement climatique. Ainsi va l\u2019\u00e9quilibre qu\u2019impose la nature\u2026 en temps de pand\u00e9mie.<br \/>\u00a0<\/p>\n<p>Auteur:<br \/>\n<a href=\"https:\/\/www.leaders.com.tn\/article\/29459-premiers-signes-de-ralentissement-economique-en-tunisie-consommation-en-baisse-des-hydrocarbures\">Cliquez ici pour lire l&rsquo;article depuis sa source.<\/a><\/p>\n","protected":false},"excerpt":{"rendered":"<p>L\u2019indicateur est significatif. La consommation des hydrocarbures commence \u00e0 amorcer une baisse remarqu\u00e9e depuis l\u2019annonce du confinement g\u00e9n\u00e9ralis\u00e9 en Tunisie. C\u2019est ainsi que le gasoil enregistre une baisse de 60% et l\u2019essence d\u00e9croit de 20%, apprend Leaders de bonne source aupr\u00e8s du minist\u00e8re de l\u2019Energie, des Mines et de la Transition \u00e9nerg\u00e9tique. Celui de la [&hellip;]<\/p>\n","protected":false},"author":1772,"featured_media":0,"comment_status":"closed","ping_status":"closed","sticky":false,"template":"","format":"standard","meta":{"fifu_image_url":"","fifu_image_alt":"","footnotes":""},"categories":[73,55],"tags":[],"class_list":["post-79961","post","type-post","status-publish","format-standard","hentry","category-actualite","category-tunisie"],"_links":{"self":[{"href":"https:\/\/linitiative.ca\/International\/wp-json\/wp\/v2\/posts\/79961","targetHints":{"allow":["GET"]}}],"collection":[{"href":"https:\/\/linitiative.ca\/International\/wp-json\/wp\/v2\/posts"}],"about":[{"href":"https:\/\/linitiative.ca\/International\/wp-json\/wp\/v2\/types\/post"}],"author":[{"embeddable":true,"href":"https:\/\/linitiative.ca\/International\/wp-json\/wp\/v2\/users\/1772"}],"replies":[{"embeddable":true,"href":"https:\/\/linitiative.ca\/International\/wp-json\/wp\/v2\/comments?post=79961"}],"version-history":[{"count":0,"href":"https:\/\/linitiative.ca\/International\/wp-json\/wp\/v2\/posts\/79961\/revisions"}],"wp:attachment":[{"href":"https:\/\/linitiative.ca\/International\/wp-json\/wp\/v2\/media?parent=79961"}],"wp:term":[{"taxonomy":"category","embeddable":true,"href":"https:\/\/linitiative.ca\/International\/wp-json\/wp\/v2\/categories?post=79961"},{"taxonomy":"post_tag","embeddable":true,"href":"https:\/\/linitiative.ca\/International\/wp-json\/wp\/v2\/tags?post=79961"}],"curies":[{"name":"wp","href":"https:\/\/api.w.org\/{rel}","templated":true}]}}