{"id":79963,"date":"2020-03-23T17:38:41","date_gmt":"2020-03-23T21:38:41","guid":{"rendered":"https:\/\/linitiative.ca\/International\/situation-fort-inquietante-dans-les-centres-de-retentions\/"},"modified":"2020-03-23T17:38:41","modified_gmt":"2020-03-23T21:38:41","slug":"situation-fort-inquietante-dans-les-centres-de-retentions","status":"publish","type":"post","link":"https:\/\/linitiative.ca\/International\/situation-fort-inquietante-dans-les-centres-de-retentions\/","title":{"rendered":"Situation fort inqui\u00e9tante dans les centres de r\u00e9tentions"},"content":{"rendered":"<p>La Commission nationale des droits de l\u2019Homme en Libye a appel\u00e9 les autorit\u00e9s libyennes et la communaut\u00e9 internationale \u00e0 agir pour fermer les centres de r\u00e9tention de migrants en Libye, en raison du coronavirus.<\/p>\n<p><strong>Tous les migrants\u00a0<\/strong>qui tentent la travers\u00e9e de la M\u00e9diterran\u00e9e sans y parvenir sont intercept\u00e9s par les gardes c\u00f4tes libyens et \u00e9chouent dans ces centres de r\u00e9tention o\u00f9 les conditions de vie sont \u00e9pouvantables. Selon l\u2019agence de l\u2019ONU pour les r\u00e9fugi\u00e9s (HCR), rien qu\u2019au mois de janvier dernier, 1 040 migrants et r\u00e9fugi\u00e9s ont \u00e9t\u00e9 intercept\u00e9s en mer<a href=\"http:\/\/www.rfi.fr\/fr\/afrique\/20200317-refoulement-migrants-large-malte-red%C3%A9barqu%C3%A9s-libye\" target=\"_blank\" rel=\"noopener noreferrer\">\u00a0et ramen\u00e9s dans des camps de r\u00e9tention en Libye<\/a>.<\/p>\n<p>Et pour Walid Elhouderi, responsable au sein de la Commission libyenne des droits de l&rsquo;homme, cette situation est inacceptable surtout avec la crise du coronavirus\u00a0: \u00ab\u00a0<em>M\u00eame si ces camps repr\u00e9sentent moins de 5% de la population migrante africaine qui se trouve en Libye, nous savons que ces gens n\u2019ont absolument aucune chance de survivre. Nous nous attendons \u00e0 une catastrophe humaine sans aucun pr\u00e9c\u00e9dent. Personnellement, je peux vous dire que la Commission nationale des droits de l\u2019homme en Libye met la responsabilit\u00e9 principalement et direction sur l\u2019Agence des Nations unies pour les R\u00e9fugi\u00e9s. Les gouvernements locaux aussi, et les autorit\u00e9s de ces milices, qui font tout pour cr\u00e9er et maintenir cette situation barbare, qui est fructueuse pour eux qui trafiquent pour leurs propres gains sans scrupules. Il faut maintenant, bien \u00e9videmment, prendre ses responsabilit\u00e9s sur ce qui va arriver.<\/em>\u00a0\u00bb<\/p>\n<p>Et le responsable de la Commission libyenne des droits de l&rsquo;homme en appelle \u00e0 la communaut\u00e9 internationale. \u00ab\u00a0<em>Elle doit absolument r\u00e9agir. Il faut absolument aider ces gens. Il faut fermer ces camps de concentration de la mort &#8211; ces prisons humaines -, et aider \u00e0 rapatrier ces gens vers leur pays. Ou bien \u00e9videmment, aider certains \u00e0 obtenir un asile en Europe, selon les lois et les conventions internationales qui sont connues de tous<\/em>\u00a0\u00bb, pr\u00e9vient Walid Elhouderi.<\/p>\n<p>Auteur: letemps1<br \/>\n<a href=\"http:\/\/www.letemps.com.tn\/article\/112094\/situation-fort-inqui%C3%A9tante-dans-les-centres-de-r%C3%A9tentions\">Cliquez ici pour lire l&rsquo;article depuis sa source.<\/a><\/p>\n","protected":false},"excerpt":{"rendered":"<p>La Commission nationale des droits de l\u2019Homme en Libye a appel\u00e9 les autorit\u00e9s libyennes et la communaut\u00e9 internationale \u00e0 agir pour fermer les centres de r\u00e9tention de migrants en Libye, en raison du coronavirus. Tous les migrants\u00a0qui tentent la travers\u00e9e de la M\u00e9diterran\u00e9e sans y parvenir sont intercept\u00e9s par les gardes c\u00f4tes libyens et \u00e9chouent [&hellip;]<\/p>\n","protected":false},"author":1773,"featured_media":0,"comment_status":"closed","ping_status":"closed","sticky":false,"template":"","format":"standard","meta":{"fifu_image_url":"","fifu_image_alt":"","footnotes":""},"categories":[73,55],"tags":[],"class_list":["post-79963","post","type-post","status-publish","format-standard","hentry","category-actualite","category-tunisie"],"_links":{"self":[{"href":"https:\/\/linitiative.ca\/International\/wp-json\/wp\/v2\/posts\/79963","targetHints":{"allow":["GET"]}}],"collection":[{"href":"https:\/\/linitiative.ca\/International\/wp-json\/wp\/v2\/posts"}],"about":[{"href":"https:\/\/linitiative.ca\/International\/wp-json\/wp\/v2\/types\/post"}],"author":[{"embeddable":true,"href":"https:\/\/linitiative.ca\/International\/wp-json\/wp\/v2\/users\/1773"}],"replies":[{"embeddable":true,"href":"https:\/\/linitiative.ca\/International\/wp-json\/wp\/v2\/comments?post=79963"}],"version-history":[{"count":0,"href":"https:\/\/linitiative.ca\/International\/wp-json\/wp\/v2\/posts\/79963\/revisions"}],"wp:attachment":[{"href":"https:\/\/linitiative.ca\/International\/wp-json\/wp\/v2\/media?parent=79963"}],"wp:term":[{"taxonomy":"category","embeddable":true,"href":"https:\/\/linitiative.ca\/International\/wp-json\/wp\/v2\/categories?post=79963"},{"taxonomy":"post_tag","embeddable":true,"href":"https:\/\/linitiative.ca\/International\/wp-json\/wp\/v2\/tags?post=79963"}],"curies":[{"name":"wp","href":"https:\/\/api.w.org\/{rel}","templated":true}]}}