{"id":79965,"date":"2020-03-24T08:00:04","date_gmt":"2020-03-24T12:00:04","guid":{"rendered":"https:\/\/linitiative.ca\/International\/covid-19-le-tissu-associatif-se-mobilise-pour-proteger-les-migrants-et-refugies-au-maroc\/"},"modified":"2020-03-24T08:00:04","modified_gmt":"2020-03-24T12:00:04","slug":"covid-19-le-tissu-associatif-se-mobilise-pour-proteger-les-migrants-et-refugies-au-maroc","status":"publish","type":"post","link":"https:\/\/linitiative.ca\/International\/covid-19-le-tissu-associatif-se-mobilise-pour-proteger-les-migrants-et-refugies-au-maroc\/","title":{"rendered":"Covid-19 : Le tissu associatif se mobilise pour prot\u00e9ger les migrants et r\u00e9fugi\u00e9s au Maroc"},"content":{"rendered":"<p><img decoding=\"async\" class=\"post_layout_5_img\" src=\"http:\/\/aujourdhui.ma\/wp-content\/uploads\/2016\/09\/Immigration-migrants-bureau-des-etrangers.jpg?x29840\" alt=\"Covid-19 : Le tissu associatif se mobilise pour prot&#xE9;ger les migrants et r&#xE9;fugi&#xE9;s au Maroc\"\/><\/p>\n<p class=\"p1\"><span class=\"s1\"><span class=\"c4\"><strong>Le tissu associatif marocain s\u2019inqui\u00e8te<span class=\"Apple-converted-space\">\u00a0<\/span> quant<span class=\"Apple-converted-space\">\u00a0<\/span> \u00e0 la situation des migrants et r\u00e9fugi\u00e9s au Maroc face \u00e0 l\u2019\u00e9pid\u00e9mie Covid-19.<\/strong><\/span><\/span> <span id=\"more-338088\"\/><\/p>\n<p class=\"p1\"><span class=\"s1\">Un collectif d\u2019associations vient de publier un m\u00e9morandum<span class=\"Apple-converted-space\">\u00a0<\/span> adress\u00e9 au gouvernement pour exprimer son inqui\u00e9tude pour les ressortissants non marocains en particulier les migrants et refugi\u00e9s qui se trouvent en situation de d\u00e9sarroi et de vuln\u00e9rabilit\u00e9 face \u00e0 la propagation de cette \u00e9pid\u00e9mie<span class=\"Apple-converted-space\">\u00a0<\/span> et \u00e0 la p\u00e9riode de confinement obligatoire.<\/span><\/p>\n<p class=\"p1\"><span class=\"s1\">Selon ce collectif, les migrants de diff\u00e9rentes nationalit\u00e9s n\u2019ont pas acc\u00e8s \u00e0 des informations compl\u00e8tes et exactes ce qui engendre la panique et l\u2019incompr\u00e9hension dans ces communaut\u00e9s. D\u2019o\u00f9 la n\u00e9cessit\u00e9 \u00ab <em>au gouvernement de bien vouloir traduire en anglais et en fran\u00e7ais les diff\u00e9rents communiqu\u00e9s officiels ainsi que tous les documents n\u00e9cessaires en cette p\u00e9riode de confinement. Ceci facilitera l\u2019acc\u00e8s \u00e0 l\u2019information et limitera le partage des fausses informations<\/em>\u00bb lit-on dans le m\u00e9morandum sign\u00e9 par<span class=\"Apple-converted-space\">\u00a0<\/span> six associations.<\/span><\/p>\n<p class=\"p1\"><span class=\"s1\">Pour ces derni\u00e8res, un nombre important de migrants qui travaille dans le secteur informel a \u00e9t\u00e9 oblig\u00e9 d\u2019arr\u00eater ses activit\u00e9s pour pr\u00e9server la sant\u00e9 publique. Ce qui<span class=\"Apple-converted-space\">\u00a0<\/span> exige la n\u00e9cessit\u00e9 d\u2019inclure cette population dans les mesures qui seront prises prochainement pour aider le secteur informel.<\/span><\/p>\n<p class=\"p1\"><span class=\"s1\">Ces associations tirent la sonnette d\u2019alarme quant \u00e0<span class=\"Apple-converted-space\">\u00a0<\/span> la dur\u00e9e de validit\u00e9 des cartes de s\u00e9jour d\u2019un nombre important de ressortissants \u00e9trangers qui arrivera \u00e0 \u00e9ch\u00e9ance dans cette p\u00e9riode de confinement.<\/span><\/p>\n<p class=\"p1\"><span class=\"s1\">Pour rassurer ces ressortissants de leur situation administrative au sein du Royaume, le collectif r\u00e9clame<span class=\"Apple-converted-space\">\u00a0<\/span> au gouvernement d\u2019annoncer clairement la prolongation automatique des cartes de s\u00e9jour jusqu\u2019\u00e0 la fin de la p\u00e9riode du confinement.<\/span><\/p>\n<p class=\"p1\"><span class=\"s1\">D\u2019apr\u00e8s le m\u00eame document, \u00ab<em>les personnes en situation pr\u00e9caire, comme les migrants, les sans-abri et les mineurs non accompagn\u00e9s, sont particuli\u00e8rement vuln\u00e9rables \u00e0 la pand\u00e9mie autant pour ceux qui vivent dans des logements insalubres ou dans des campements de fortune. Cette situation peut favoriser la propagation du virus parmi des personnes qui sont d\u00e9j\u00e0 en mauvaise sant\u00e9 en raison de leurs conditions de vie. D\u2019autant plus, ces personnes ne peuvent plus acc\u00e9der \u00e0 l\u2019accompagnement des associations locales qui ont d\u00fb arr\u00eater leurs activit\u00e9s<\/em>\u00bb.<\/span><\/p>\n<p class=\"p1\"><span class=\"s1\">Selon ce collectif, il est urgent de \u00ab<em>veiller \u00e0 garantir l\u2019acc\u00e8s au soin et aux services de sant\u00e9 sans discrimination pour les personnes ayant des cartes de s\u00e9jour ou pas \u2013 dans les h\u00f4pitaux publics et centres de sant\u00e9 et d\u2019assurer l\u2019acc\u00e8s \u00e0 l\u2019information dans les h\u00f4pitaux publics\u00bb.<\/em><\/span><\/p>\n<p>Auteur: Mohamed Badrane<br \/>\n<a href=\"http:\/\/aujourdhui.ma\/societe\/covid-19-le-tissu-associatif-se-mobilise-pour-proteger-les-migrants-et-refugies-au-maroc\">Cliquez ici pour lire l&rsquo;article depuis sa source.<\/a><\/p>\n","protected":false},"excerpt":{"rendered":"<p>Le tissu associatif marocain s\u2019inqui\u00e8te\u00a0 quant\u00a0 \u00e0 la situation des migrants et r\u00e9fugi\u00e9s au Maroc face \u00e0 l\u2019\u00e9pid\u00e9mie Covid-19. Un collectif d\u2019associations vient de publier un m\u00e9morandum\u00a0 adress\u00e9 au gouvernement pour exprimer son inqui\u00e9tude pour les ressortissants non marocains en particulier les migrants et refugi\u00e9s qui se trouvent en situation de d\u00e9sarroi et de vuln\u00e9rabilit\u00e9 [&hellip;]<\/p>\n","protected":false},"author":1759,"featured_media":0,"comment_status":"closed","ping_status":"closed","sticky":false,"template":"","format":"standard","meta":{"fifu_image_url":"","fifu_image_alt":"","footnotes":""},"categories":[73,54],"tags":[],"class_list":["post-79965","post","type-post","status-publish","format-standard","hentry","category-actualite","category-maroc"],"_links":{"self":[{"href":"https:\/\/linitiative.ca\/International\/wp-json\/wp\/v2\/posts\/79965","targetHints":{"allow":["GET"]}}],"collection":[{"href":"https:\/\/linitiative.ca\/International\/wp-json\/wp\/v2\/posts"}],"about":[{"href":"https:\/\/linitiative.ca\/International\/wp-json\/wp\/v2\/types\/post"}],"author":[{"embeddable":true,"href":"https:\/\/linitiative.ca\/International\/wp-json\/wp\/v2\/users\/1759"}],"replies":[{"embeddable":true,"href":"https:\/\/linitiative.ca\/International\/wp-json\/wp\/v2\/comments?post=79965"}],"version-history":[{"count":0,"href":"https:\/\/linitiative.ca\/International\/wp-json\/wp\/v2\/posts\/79965\/revisions"}],"wp:attachment":[{"href":"https:\/\/linitiative.ca\/International\/wp-json\/wp\/v2\/media?parent=79965"}],"wp:term":[{"taxonomy":"category","embeddable":true,"href":"https:\/\/linitiative.ca\/International\/wp-json\/wp\/v2\/categories?post=79965"},{"taxonomy":"post_tag","embeddable":true,"href":"https:\/\/linitiative.ca\/International\/wp-json\/wp\/v2\/tags?post=79965"}],"curies":[{"name":"wp","href":"https:\/\/api.w.org\/{rel}","templated":true}]}}