{"id":79966,"date":"2020-03-24T07:26:32","date_gmt":"2020-03-24T11:26:32","guid":{"rendered":"https:\/\/linitiative.ca\/International\/afriquia-gaz-performe\/"},"modified":"2020-03-24T07:26:32","modified_gmt":"2020-03-24T11:26:32","slug":"afriquia-gaz-performe","status":"publish","type":"post","link":"https:\/\/linitiative.ca\/International\/afriquia-gaz-performe\/","title":{"rendered":"Afriquia Gaz performe"},"content":{"rendered":"<div class=\"body\">\n<div class=\"field field-name-body field-type-text-with-summary field-label-hidden\">\n<div class=\"field-items\" readability=\"10.5\">\n<div class=\"field-item even\" property=\"content:encoded\" readability=\"16\">\n<p class=\"rtejustify\">Bon cru pour Afriquia Gaz au cours de l\u2019exercice 2019. La soci\u00e9t\u00e9 a r\u00e9alis\u00e9 un r\u00e9sultat net consolid\u00e9 \u00e0 699,2 millions de DH en hausse de 6,65% par rapport \u00e0 2018. Cette progression est expliqu\u00e9e par \u00abla solidit\u00e9 du mod\u00e8le \u00e9conomique et de l&rsquo;am\u00e9lioration continue de l&rsquo;efficacit\u00e9 op\u00e9rationnelle du groupe dont le chiffre d&rsquo;affaires consolid\u00e9 affiche une hausse de 14,76 % par rapport \u00e0 l\u2019ann\u00e9e 2018. Les fonds propres consolid\u00e9s se sont \u00e9galement am\u00e9lior\u00e9s de 10,04 % et s\u2019\u00e9tablissent \u00e0 2,94 milliards de DH. Pour 2020, la soci\u00e9t\u00e9 \u00abcompte poursuivre sa strat\u00e9gie de d\u00e9veloppement bas\u00e9e sur une am\u00e9lioration continue de sa comp\u00e9titivit\u00e9 et de sa rentabilit\u00e9 dans un march\u00e9 national en constante progression\u00bb.<\/p>\n<p class=\"rtejustify\"><em>M.A.B.<br \/>\u00a0 <\/em><\/p>\n<\/div>\n<\/div>\n<\/div>\n<\/div>\n<div class=\"eco-conseil\">\n<div class=\"view view-eco-conseil-16 view-id-eco_conseil_16 view-display-id-cookies view-dom-id-d4352d6e2ad53b4447401354b39122c8\">\n<div class=\"view-content\">\n<div id=\"views-bootstrap-grid-1\" class=\"views-bootstrap-grid-plugin-style\">\n<div class=\"row\">\n<div class=\" col-xs-12 col-lg-4\">\n<div class=\"row\">\n<div class=\"col col-xs-12 col-lg-12\">\n<div class=\"field-content\"><a href=\"\/article\/1059290-le-e-learning-operationnel-pour-les-etudiants-de-l-ump\"><img loading=\"lazy\" decoding=\"async\" class=\"img-responsive\" typeof=\"foaf:Image\" src=\"https:\/\/www.leconomiste.com\/sites\/default\/files\/eco7\/public\/styles\/800x400\/public\/default_images\/default_une.jpg?itok=4jZlgnIZ\" width=\"660\" height=\"330\" alt=\"\"\/><\/a><\/div>\n<\/div>\n<div class=\" title_suite_2 col col-xs-12 col-lg-12\"> <a href=\"\/article\/1059290-le-e-learning-operationnel-pour-les-etudiants-de-l-ump\"\/><span class=\"field-content\">Le E-learning op\u00e9rationnel pour les \u00e9tudiants de l\u2019UMP<\/span><\/div>\n<\/div>\n<\/div>\n<div class=\" col-xs-12 col-lg-4\">\n<div class=\"row\">\n<div class=\"col col-xs-12 col-lg-12\">\n<div class=\"field-content\"><a href=\"\/article\/1059289-annulation-du-festival-du-rai\"><img loading=\"lazy\" decoding=\"async\" class=\"img-responsive\" typeof=\"foaf:Image\" src=\"https:\/\/www.leconomiste.com\/sites\/default\/files\/eco7\/public\/styles\/800x400\/public\/default_images\/default_une.jpg?itok=4jZlgnIZ\" width=\"660\" height=\"330\" alt=\"\"\/><\/a><\/div>\n<\/div>\n<div class=\" title_suite_2 col col-xs-12 col-lg-12\"> <a href=\"\/article\/1059289-annulation-du-festival-du-rai\"\/><span class=\"field-content\">Annulation du festival du rai<\/span><\/div>\n<\/div>\n<\/div>\n<div class=\" col-xs-12 col-lg-4\">\n<div class=\"row\">\n<div class=\"col col-xs-12 col-lg-12\">\n<div class=\"field-content\"><a href=\"\/article\/1059288-vivo-energy-contribue-au-fonds-de-solidarite\"><img loading=\"lazy\" decoding=\"async\" class=\"img-responsive\" typeof=\"foaf:Image\" src=\"https:\/\/www.leconomiste.com\/sites\/default\/files\/eco7\/public\/styles\/800x400\/public\/default_images\/default_une.jpg?itok=4jZlgnIZ\" width=\"660\" height=\"330\" alt=\"\"\/><\/a><\/div>\n<\/div>\n<div class=\" title_suite_2 col col-xs-12 col-lg-12\"> <a href=\"\/article\/1059288-vivo-energy-contribue-au-fonds-de-solidarite\"\/><span class=\"field-content\">Vivo Energy contribue au Fonds de solidarit\u00e9<\/span><\/div>\n<\/div>\n<\/div>\n<\/div>\n<\/div>\n<\/div>\n<\/div>\n<\/div>\n<p>Auteur: hlafriqi<br \/>\n<a href=\"https:\/\/www.leconomiste.com\/article\/1059291-afriquia-gaz-performe\">Cliquez ici pour lire l&rsquo;article depuis sa source.<\/a><\/p>\n","protected":false},"excerpt":{"rendered":"<p>Bon cru pour Afriquia Gaz au cours de l\u2019exercice 2019. La soci\u00e9t\u00e9 a r\u00e9alis\u00e9 un r\u00e9sultat net consolid\u00e9 \u00e0 699,2 millions de DH en hausse de 6,65% par rapport \u00e0 2018. Cette progression est expliqu\u00e9e par \u00abla solidit\u00e9 du mod\u00e8le \u00e9conomique et de l&rsquo;am\u00e9lioration continue de l&rsquo;efficacit\u00e9 op\u00e9rationnelle du groupe dont le chiffre d&rsquo;affaires consolid\u00e9 [&hellip;]<\/p>\n","protected":false},"author":1763,"featured_media":0,"comment_status":"closed","ping_status":"closed","sticky":false,"template":"","format":"standard","meta":{"fifu_image_url":"","fifu_image_alt":"","footnotes":""},"categories":[78,54],"tags":[],"class_list":["post-79966","post","type-post","status-publish","format-standard","hentry","category-economie","category-maroc"],"_links":{"self":[{"href":"https:\/\/linitiative.ca\/International\/wp-json\/wp\/v2\/posts\/79966","targetHints":{"allow":["GET"]}}],"collection":[{"href":"https:\/\/linitiative.ca\/International\/wp-json\/wp\/v2\/posts"}],"about":[{"href":"https:\/\/linitiative.ca\/International\/wp-json\/wp\/v2\/types\/post"}],"author":[{"embeddable":true,"href":"https:\/\/linitiative.ca\/International\/wp-json\/wp\/v2\/users\/1763"}],"replies":[{"embeddable":true,"href":"https:\/\/linitiative.ca\/International\/wp-json\/wp\/v2\/comments?post=79966"}],"version-history":[{"count":0,"href":"https:\/\/linitiative.ca\/International\/wp-json\/wp\/v2\/posts\/79966\/revisions"}],"wp:attachment":[{"href":"https:\/\/linitiative.ca\/International\/wp-json\/wp\/v2\/media?parent=79966"}],"wp:term":[{"taxonomy":"category","embeddable":true,"href":"https:\/\/linitiative.ca\/International\/wp-json\/wp\/v2\/categories?post=79966"},{"taxonomy":"post_tag","embeddable":true,"href":"https:\/\/linitiative.ca\/International\/wp-json\/wp\/v2\/tags?post=79966"}],"curies":[{"name":"wp","href":"https:\/\/api.w.org\/{rel}","templated":true}]}}