{"id":79968,"date":"2020-03-24T05:56:59","date_gmt":"2020-03-24T09:56:59","guid":{"rendered":"https:\/\/linitiative.ca\/International\/covid-19-manu-dibango-un-sax-entre-leurope-et-lafrique-est-decede\/"},"modified":"2020-03-24T05:56:59","modified_gmt":"2020-03-24T09:56:59","slug":"covid-19-manu-dibango-un-sax-entre-leurope-et-lafrique-est-decede","status":"publish","type":"post","link":"https:\/\/linitiative.ca\/International\/covid-19-manu-dibango-un-sax-entre-leurope-et-lafrique-est-decede\/","title":{"rendered":"COVID 19\u00a0: Manu Dibango, un sax\u2019 entre l\u2019Europe et l\u2019Afrique est d\u00e9c\u00e9d\u00e9  \u00a0"},"content":{"rendered":"<div class=\"td-post-featured-image\"><a href=\"https:\/\/i1.wp.com\/www.sidwaya.info\/wp-content\/uploads\/2020\/03\/manu.jpg?fit=400%2C260&amp;ssl=1\" data-caption=\"\"><img loading=\"lazy\" decoding=\"async\" width=\"400\" height=\"260\" class=\"entry-thumb td-modal-image\" src=\"https:\/\/i1.wp.com\/www.sidwaya.info\/wp-content\/uploads\/2020\/03\/manu.jpg?resize=400,260&amp;ssl=1\" srcset=\"https:\/\/i1.wp.com\/www.sidwaya.info\/wp-content\/uploads\/2020\/03\/manu.jpg?w=400&amp;ssl=1 400w, https:\/\/i1.wp.com\/www.sidwaya.info\/wp-content\/uploads\/2020\/03\/manu.jpg?resize=300%2C195&amp;ssl=1 300w\" sizes=\"auto, (max-width: 400px) 100vw, 400px\" alt=\"\" title=\"manu\"\/><\/a><\/div>\n<p>\u00ab\u00a0B\u00e2tisseur de ponts entre l\u2019Occident et l\u2019Afrique\u00a0\u00bb: voil\u00e0 comment se d\u00e9crivait le saxophoniste Manu Dibango, premi\u00e8re personnalit\u00e9 mondiale morte \u00e0 86 ans des suites d\u2019une contamination au coronavirus, figure de l\u2019afro-jazz devenu star avec son hit \u00ab\u00a0Soul Makossa.<\/p>\n<p>\u00ab\u00a0J\u2019ai l\u2019harmonie des Bach et des Haendel dans l\u2019oreille avec les paroles camerounaises. C\u2019est une richesse de pouvoir avoir au minimum deux possibilit\u00e9s. Dans la vie, je pr\u00e9f\u00e8re \u00eatre st\u00e9r\u00e9o que mono\u00a0\u00bb, racontait-il \u00e0 l\u2019AFP en ao\u00fbt 2019, ponctuant ses r\u00e9ponses de son rire tonitruant et communicatif.<\/p>\n<p>Cet \u00e9clectisme trouve son origine dans le parcours de cet homme que rien ne pr\u00e9destinait \u00e0 une carri\u00e8re d\u2019artiste. Encore moins \u00e0 \u00eatre repris par Beyonc\u00e9 ou Rihanna.<\/p>\n<p>Emmanuel N\u2019Djok\u00e9 Dibango est n\u00e9 le 12 d\u00e9cembre 1933 \u00e0 Douala (Cameroun), dans une famille protestante tr\u00e8s stricte. \u00ab\u00a0Mon oncle paternel jouait de l\u2019harmonium, ma m\u00e8re dirigeait la chorale. Je suis un enfant \u00e9lev\u00e9 dans les +All\u00e9luia+. \u00c7a n\u2019emp\u00eache que je suis africain, camerounais et tout \u00e7a\u00a0\u00bb, confiait encore cette haute silhouette au cr\u00e2ne glabre \u00e0 l\u2019AFP. Son p\u00e8re, fonctionnaire, l\u2019envoie en France \u00e0 l\u2019\u00e2ge de 15 ans, dans l\u2019espoir d\u2019en faire un ing\u00e9nieur ou un m\u00e9decin.<\/p>\n<p>Apr\u00e8s 21 jours de bateau, Manu Dibango rejoint Marseille, puis Saint-Calais dans la Sarthe. Dans ses bagages, trois kilos de caf\u00e9 \u2014 denr\u00e9e rare dans l\u2019imm\u00e9diat apr\u00e8s-guerre \u2013, pour payer sa famille d\u2019accueil. Puis il \u00e9tudie \u00e0 Chartres, o\u00f9 il fait ses premiers pas musicaux \u00e0 la mandoline et au piano.<\/p>\n<p>Dans cet univers blanc, l\u2019adolescent qui, de son propre aveu \u00ab\u00a0ne connaissait pas la culture africaine\u00a0\u00bb, s\u2019identifie aux vedettes afro-am\u00e9ricaines de l\u2019\u00e9poque. Count Basie, Duke Ellington, Charlie Parker deviennent ses \u00ab\u00a0h\u00e9ros\u00a0\u00bb.<\/p>\n<p><strong>\u2013 Kinshasa, Bruxelles, Harlem \u2013\u00a0<\/strong><\/p>\n<p>\u00ab\u00a0Papa Manu\u00a0\u00bb d\u00e9couvre le saxophone lors d\u2019une colonie de vacances, tra\u00eene dans le Saint-Germain-des-Pr\u00e8s de Boris Vian et finit par \u00e9chouer \u00e0 la seconde partie de son baccalaur\u00e9at.\u00a0Son p\u00e8re, m\u00e9content, lui coupe les vivres en 1956. Il part alors pour Bruxelles, o\u00f9 il court le cachet, jouant de la vari\u00e9t\u00e9. \u00ab\u00a0A mon \u00e9poque, il fallait faire des cabarets, des bals, des cirques. Jouer avec un accord\u00e9oniste comme Andr\u00e9 Verchuren assurait quelques dates\u00a0\u00bb, racontait-il.<\/p>\n<p>Son s\u00e9jour belge est marqu\u00e9 par deux rencontres fondatrices: la blonde Marie-Jos\u00e9e, dite \u00ab\u00a0Coco\u00a0\u00bb, qui devient sa femme, et Joseph Kabas\u00e9l\u00e9, chef d\u2019orchestre de l\u2019African Jazz. Dans l\u2019effervescence des ind\u00e9pendances, le musicien congolais lui ouvre les portes de l\u2019Afrique.<\/p>\n<p>Manu Dibango le suit \u00e0 L\u00e9opoldville (ancien nom de Kinshasa, ndlr) o\u00f9 il lance la mode du twist en 1962, puis ouvre une bo\u00eete au Cameroun.<\/p>\n<p>Trois ans plus tard, il est de retour en France, sans le sou. Il devient pianiste de rock pour Dick Rivers, organiste puis chef d\u2019orchestre pour Nino Ferrer.<\/p>\n<p>En 1972, on lui demande de composer l\u2019hymne de la Coupe d\u2019Afrique des nations de football, qui doit se tenir au Cameroun. Sur la face B du 45-tours, il enregistre \u00ab\u00a0Soul Makossa\u00a0\u00bb.\u00a0Des DJs new-yorkais s\u2019entichent de ce rythme syncop\u00e9. Une autre vie commence.<\/p>\n<p>Le saxophoniste part jouer au th\u00e9\u00e2tre Apollo, temple de la musique afro-am\u00e9ricaine \u00e0 Harlem, se m\u00e9tisse encore un peu plus en tournant en Am\u00e9rique du sud.<\/p>\n<p><strong>\u2013 Proc\u00e8s contre Michael Jackson \u2013<\/strong><\/p>\n<p>En 1982, vient une autre forme de cons\u00e9cration. \u00ab\u00a0Soul Makossa\u00a0\u00bb est sampl\u00e9 par Michael Jackson dans son album \u00ab\u00a0Thriller\u00a0\u00bb\u2026 sans son autorisation. Manu Dibango intente le premier d\u2019une longue s\u00e9rie de proc\u00e8s pour plagiat, qui se solde par un arrangement financier. Mais la victoire est ailleurs: le musicien est devenu une r\u00e9f\u00e9rence mondiale de la world music.<\/p>\n<p>Issu d\u2019une g\u00e9n\u00e9ration qui a r\u00eav\u00e9 de panafricanisme, il a aussi port\u00e9 d\u2019autres casquettes, r\u00e9unissant les musiciens du continent pour lutter contre la famine en Ethiopie, dirigeant l\u2019orchestre de la t\u00e9l\u00e9vision ivoirienne, pr\u00e9sidant la soci\u00e9t\u00e9 des droits d\u2019auteurs camerounaise.<\/p>\n<p>\u00ab\u00a0Afro-europ\u00e9en\u00a0\u00bb, \u00ab\u00a0n\u00e9gropolitain\u00a0\u00bb, comme il aimait se qualifier, Manu Dibango avouait pourtant entretenir des \u00ab\u00a0relations ambigu\u00ebs\u00a0\u00bb avec son continent. \u00ab\u00a0Chacun de mes s\u00e9jours en Afrique s\u2019est sold\u00e9 par son lot de d\u00e9sillusions et de blessures\u00a0\u00bb, contait-il dans son autobiographie, \u00ab\u00a0Trois kilos de caf\u00e9\u00a0\u00bb.<\/p>\n<p>AFP<\/p>\n<div class=\"td-a-rec td-a-rec-id-content_bottom tdi_30_854 td_block_template_1\"><img loading=\"lazy\" decoding=\"async\" class=\"aligncenter size-full wp-image-9623\" src=\"https:\/\/www.sidwaya.info\/wp-content\/uploads\/2019\/06\/Projet-bannie\u0300re-Orange-mobile.jpg\" alt=\"\" width=\"728\" height=\"81\"\/><\/div>\n<p>Auteur: BS. Sidwaya<br \/>\n<a href=\"https:\/\/www.sidwaya.info\/blog\/2020\/03\/24\/covid-19-manu-dibango-un-sax-entre-leurope-et-lafrique-est-decede\/\">Cliquez ici pour lire l&rsquo;article depuis sa source.<\/a><\/p>\n","protected":false},"excerpt":{"rendered":"<p>\u00ab\u00a0B\u00e2tisseur de ponts entre l\u2019Occident et l\u2019Afrique\u00a0\u00bb: voil\u00e0 comment se d\u00e9crivait le saxophoniste Manu Dibango, premi\u00e8re personnalit\u00e9 mondiale morte \u00e0 86 ans des suites d\u2019une contamination au coronavirus, figure de l\u2019afro-jazz devenu star avec son hit \u00ab\u00a0Soul Makossa. \u00ab\u00a0J\u2019ai l\u2019harmonie des Bach et des Haendel dans l\u2019oreille avec les paroles camerounaises. C\u2019est une richesse de [&hellip;]<\/p>\n","protected":false},"author":1816,"featured_media":0,"comment_status":"closed","ping_status":"closed","sticky":false,"template":"","format":"standard","meta":{"fifu_image_url":"","fifu_image_alt":"","footnotes":""},"categories":[73,81],"tags":[],"class_list":["post-79968","post","type-post","status-publish","format-standard","hentry","category-actualite","category-burkina-faso"],"_links":{"self":[{"href":"https:\/\/linitiative.ca\/International\/wp-json\/wp\/v2\/posts\/79968","targetHints":{"allow":["GET"]}}],"collection":[{"href":"https:\/\/linitiative.ca\/International\/wp-json\/wp\/v2\/posts"}],"about":[{"href":"https:\/\/linitiative.ca\/International\/wp-json\/wp\/v2\/types\/post"}],"author":[{"embeddable":true,"href":"https:\/\/linitiative.ca\/International\/wp-json\/wp\/v2\/users\/1816"}],"replies":[{"embeddable":true,"href":"https:\/\/linitiative.ca\/International\/wp-json\/wp\/v2\/comments?post=79968"}],"version-history":[{"count":0,"href":"https:\/\/linitiative.ca\/International\/wp-json\/wp\/v2\/posts\/79968\/revisions"}],"wp:attachment":[{"href":"https:\/\/linitiative.ca\/International\/wp-json\/wp\/v2\/media?parent=79968"}],"wp:term":[{"taxonomy":"category","embeddable":true,"href":"https:\/\/linitiative.ca\/International\/wp-json\/wp\/v2\/categories?post=79968"},{"taxonomy":"post_tag","embeddable":true,"href":"https:\/\/linitiative.ca\/International\/wp-json\/wp\/v2\/tags?post=79968"}],"curies":[{"name":"wp","href":"https:\/\/api.w.org\/{rel}","templated":true}]}}