{"id":79970,"date":"2020-03-24T08:18:06","date_gmt":"2020-03-24T12:18:06","guid":{"rendered":"https:\/\/linitiative.ca\/International\/le-pm-ivoirien-sauto-confine-apres-un-contact-avec-une-personne-declaree-positive-au-covid-19\/"},"modified":"2020-03-24T08:18:06","modified_gmt":"2020-03-24T12:18:06","slug":"le-pm-ivoirien-sauto-confine-apres-un-contact-avec-une-personne-declaree-positive-au-covid-19","status":"publish","type":"post","link":"https:\/\/linitiative.ca\/International\/le-pm-ivoirien-sauto-confine-apres-un-contact-avec-une-personne-declaree-positive-au-covid-19\/","title":{"rendered":"Le PM ivoirien s\u2019auto-confine apr\u00e8s un contact avec une personne d\u00e9clar\u00e9e positive au COVID -19"},"content":{"rendered":"<div readability=\"32\">\n<p>Publi\u00e9 le 24.03.2020 \u00e0 13h18 par APA News<\/p>\n<\/div>\n<div readability=\"56\">\n<p>Le premier ministre ivoirien Amadou Gon Coulibaly a annonc\u00e9 mardi qu\u2019il s\u2019est auto-confin\u00e9 apr\u00e8s avoir \u00e9t\u00e9 en contact avec une personne d\u00e9clar\u00e9e positive \u00e0 la maladie \u00e0 Coronavirus ( COVID-19).\u00ab J\u2019ai \u00e9t\u00e9 r\u00e9cemment en contact avec une personne qui vient d\u2019\u00eatre d\u00e9clar\u00e9e positive au COVID-19. En cons\u00e9quence et conform\u00e9ment aux mesures de pr\u00e9caution en vigueur, j\u2019ai d\u00e9cid\u00e9 de me mettre en auto-confinement bien que ne pr\u00e9sentant aucun sympt\u00f4me\u00bb, a annonc\u00e9 le chef du gouvernement ivoirien sur sa page officielle facebook et dans un communiqu\u00e9 sign\u00e9 par son directeur de cabinet Koffi Ahoutou.\u00a0<\/p>\n<p>Poursuivant, il a lanc\u00e9 un appel \u00e0 l\u2019ensemble des populations vivant en C\u00f4te d\u2019Ivoire \u00e0 respecter les mesures arr\u00eat\u00e9es par le gouvernement.<\/p>\n<p>\u00a0Lundi soir, dans une adresse solennelle \u00e0 la nation, le pr\u00e9sident ivoirien Alassane Ouattara a d\u00e9cr\u00e9t\u00e9 l\u2019\u00e9tat d\u2019urgence sur toute l\u2019\u00e9tendue du territoire national avec plusieurs mesures dont l\u2019instauration d\u2019un couvre-feu de 21h \u00e0 05h du matin \u00e0 compter de ce mardi.\u00a0<\/p>\n<p>Avant ces mesures annonc\u00e9es par M. Ouattara, le gouvernement ivoirien qui a ferm\u00e9 toutes les fronti\u00e8res du pays, avait annonc\u00e9 treize mesures compl\u00e9mentaires en vue de lutter contre la propagation de la maladie \u00e0 coronavirus dans le pays. En C\u00f4te d\u2019Ivoire, 25 cas de maladie \u00e0 coronavirus ont \u00e9t\u00e9 confirm\u00e9s par les autorit\u00e9s sanitaires. A ce jour, cette pand\u00e9mie a fait pr\u00e8s de 15 000 morts dans le monde et plus de 380 000 cas d\u2019infection.<\/p>\n<\/div>\n<p>Auteur: APA News<br \/>\n<a href=\"https:\/\/www.journalducameroun.com\/le-pm-ivoirien-sauto-confine-apres-un-contact-avec-une-personne-declaree-positive-au-covid-19\/\">Cliquez ici pour lire l&rsquo;article depuis sa source.<\/a><\/p>\n","protected":false},"excerpt":{"rendered":"<p>Publi\u00e9 le 24.03.2020 \u00e0 13h18 par APA News Le premier ministre ivoirien Amadou Gon Coulibaly a annonc\u00e9 mardi qu\u2019il s\u2019est auto-confin\u00e9 apr\u00e8s avoir \u00e9t\u00e9 en contact avec une personne d\u00e9clar\u00e9e positive \u00e0 la maladie \u00e0 Coronavirus ( COVID-19).\u00ab J\u2019ai \u00e9t\u00e9 r\u00e9cemment en contact avec une personne qui vient d\u2019\u00eatre d\u00e9clar\u00e9e positive au COVID-19. En cons\u00e9quence [&hellip;]<\/p>\n","protected":false},"author":1965,"featured_media":0,"comment_status":"closed","ping_status":"closed","sticky":false,"template":"","format":"standard","meta":{"fifu_image_url":"","fifu_image_alt":"","footnotes":""},"categories":[73,82],"tags":[],"class_list":["post-79970","post","type-post","status-publish","format-standard","hentry","category-actualite","category-cameroun"],"_links":{"self":[{"href":"https:\/\/linitiative.ca\/International\/wp-json\/wp\/v2\/posts\/79970","targetHints":{"allow":["GET"]}}],"collection":[{"href":"https:\/\/linitiative.ca\/International\/wp-json\/wp\/v2\/posts"}],"about":[{"href":"https:\/\/linitiative.ca\/International\/wp-json\/wp\/v2\/types\/post"}],"author":[{"embeddable":true,"href":"https:\/\/linitiative.ca\/International\/wp-json\/wp\/v2\/users\/1965"}],"replies":[{"embeddable":true,"href":"https:\/\/linitiative.ca\/International\/wp-json\/wp\/v2\/comments?post=79970"}],"version-history":[{"count":0,"href":"https:\/\/linitiative.ca\/International\/wp-json\/wp\/v2\/posts\/79970\/revisions"}],"wp:attachment":[{"href":"https:\/\/linitiative.ca\/International\/wp-json\/wp\/v2\/media?parent=79970"}],"wp:term":[{"taxonomy":"category","embeddable":true,"href":"https:\/\/linitiative.ca\/International\/wp-json\/wp\/v2\/categories?post=79970"},{"taxonomy":"post_tag","embeddable":true,"href":"https:\/\/linitiative.ca\/International\/wp-json\/wp\/v2\/tags?post=79970"}],"curies":[{"name":"wp","href":"https:\/\/api.w.org\/{rel}","templated":true}]}}