{"id":79971,"date":"2020-03-24T08:21:58","date_gmt":"2020-03-24T12:21:58","guid":{"rendered":"https:\/\/linitiative.ca\/International\/consommation-les-prix-des-produits-se-stabilisent\/"},"modified":"2020-03-24T08:21:58","modified_gmt":"2020-03-24T12:21:58","slug":"consommation-les-prix-des-produits-se-stabilisent","status":"publish","type":"post","link":"https:\/\/linitiative.ca\/International\/consommation-les-prix-des-produits-se-stabilisent\/","title":{"rendered":"Consommation : Les prix des produits se stabilisent"},"content":{"rendered":"<header>\n<\/header>\n<div class=\"entry-content clearfix\" readability=\"61\"><img decoding=\"async\" class=\"post_layout_5_img\" src=\"http:\/\/aujourdhui.ma\/wp-content\/uploads\/2016\/08\/Souk-Marche-Consommation-Legumes-Fruits.jpg?x29840\" alt=\"Consommation : Les prix des produits se stabilisent\"\/><\/p>\n<p><span class=\"c4\"><strong>Aucune fluctuation des prix \u00e0 la consommation n\u2019est \u00e0 signaler. Les tarifs de la plupart des produits les plus consomm\u00e9s au niveau national sont stables.<\/strong><\/span> <span id=\"more-338130\"\/><\/p>\n<p>C\u2019est ce qu\u2019observe la commission interminist\u00e9rielle charg\u00e9e du suivi de l\u2019approvisionnement, des prix et du contr\u00f4le des prix et de la qualit\u00e9 sur la base des donn\u00e9es pr\u00e9sent\u00e9es par les services comp\u00e9tents relevant de tous les d\u00e9partements minist\u00e9riels concern\u00e9s par l\u2019approvisionnement, les prix et le contr\u00f4le. R\u00e9unie lundi, la commission a pass\u00e9 au peigne fin la situation de l\u2019approvisionnement et des prix des produits de base sur les march\u00e9s nationaux.<\/p>\n<p>A l\u2019ordre du jour la baisse relative des prix de certains produits ayant connu des hausses au cours de la semaine derni\u00e8re. Certains produits tels que les bouteilles de gaz butane ont connu une pression conjoncturelle et par cons\u00e9quent une forte demande alors que le stock disponible au niveau national couvre largement la demande. Face \u00e0 cette situation, des mesures ont \u00e9t\u00e9 adopt\u00e9es par tous les intervenants assurant l\u2019approvisionnement des points de ventes de mani\u00e8re r\u00e9guli\u00e8re et intensive. Chose ayant permis un retour progressif \u00e0 la normale. En gros, aucune irr\u00e9gularit\u00e9 de l\u2019offre n\u2019est \u00e0 relever.<\/p>\n<p>En effet, l\u2019offre est \u00e0 son niveau normal. De m\u00eame, l\u2019approvisionnement est r\u00e9gulier en tous les produits de base et en quantit\u00e9s abondantes qui globalement d\u00e9passent la demande. Il est \u00e0 rappeler que la commission interminist\u00e9rielle a d\u00e9cid\u00e9 de tenir deux r\u00e9unions par semaine \u00e0 savoir chaque lundi et jeudi.<\/p>\n<p>L\u2019objectif \u00e9tant de suivre l\u2019\u00e9volution de la situation des march\u00e9s de l\u2019approvisionnement et du contr\u00f4le des prix en vue de prendre toutes les mesures juridiques pour circonscrire toute fraude monopole ou sp\u00e9culation et manipulation des prix, et ce conform\u00e9ment aux dispositions de la loi n\u00b0 104.12 relative \u00e0 la libert\u00e9 des prix et de la concurrence.<\/p>\n<\/div>\n<p>Auteur: ALM<br \/>\n<a href=\"http:\/\/aujourdhui.ma\/economie\/consommation-les-prix-des-produits-se-stabilisent\">Cliquez ici pour lire l&rsquo;article depuis sa source.<\/a><\/p>\n","protected":false},"excerpt":{"rendered":"<p>Aucune fluctuation des prix \u00e0 la consommation n\u2019est \u00e0 signaler. Les tarifs de la plupart des produits les plus consomm\u00e9s au niveau national sont stables. C\u2019est ce qu\u2019observe la commission interminist\u00e9rielle charg\u00e9e du suivi de l\u2019approvisionnement, des prix et du contr\u00f4le des prix et de la qualit\u00e9 sur la base des donn\u00e9es pr\u00e9sent\u00e9es par les [&hellip;]<\/p>\n","protected":false},"author":1759,"featured_media":0,"comment_status":"closed","ping_status":"closed","sticky":false,"template":"","format":"standard","meta":{"fifu_image_url":"","fifu_image_alt":"","footnotes":""},"categories":[73,54],"tags":[],"class_list":["post-79971","post","type-post","status-publish","format-standard","hentry","category-actualite","category-maroc"],"_links":{"self":[{"href":"https:\/\/linitiative.ca\/International\/wp-json\/wp\/v2\/posts\/79971","targetHints":{"allow":["GET"]}}],"collection":[{"href":"https:\/\/linitiative.ca\/International\/wp-json\/wp\/v2\/posts"}],"about":[{"href":"https:\/\/linitiative.ca\/International\/wp-json\/wp\/v2\/types\/post"}],"author":[{"embeddable":true,"href":"https:\/\/linitiative.ca\/International\/wp-json\/wp\/v2\/users\/1759"}],"replies":[{"embeddable":true,"href":"https:\/\/linitiative.ca\/International\/wp-json\/wp\/v2\/comments?post=79971"}],"version-history":[{"count":0,"href":"https:\/\/linitiative.ca\/International\/wp-json\/wp\/v2\/posts\/79971\/revisions"}],"wp:attachment":[{"href":"https:\/\/linitiative.ca\/International\/wp-json\/wp\/v2\/media?parent=79971"}],"wp:term":[{"taxonomy":"category","embeddable":true,"href":"https:\/\/linitiative.ca\/International\/wp-json\/wp\/v2\/categories?post=79971"},{"taxonomy":"post_tag","embeddable":true,"href":"https:\/\/linitiative.ca\/International\/wp-json\/wp\/v2\/tags?post=79971"}],"curies":[{"name":"wp","href":"https:\/\/api.w.org\/{rel}","templated":true}]}}