{"id":79974,"date":"2020-03-24T07:19:36","date_gmt":"2020-03-24T11:19:36","guid":{"rendered":"https:\/\/linitiative.ca\/International\/covid19-au-burkina\/"},"modified":"2020-03-24T07:19:36","modified_gmt":"2020-03-24T11:19:36","slug":"covid19-au-burkina","status":"publish","type":"post","link":"https:\/\/linitiative.ca\/International\/covid19-au-burkina\/","title":{"rendered":"covid19 au Burkina"},"content":{"rendered":"<p>Le nouveau bilan fait \u00e9tat de 114 cas confirm\u00e9s, dont 73 hommes et 41 femmes, a inform\u00e9 ce mardi 24 mars 2020, la cellule de riposte contre la pand\u00e9mie. Avec 2 nouvelles gu\u00e9risons, le nombre des personnes gu\u00e9ries s\u2019\u00e9l\u00e8ve \u00e0 7 \u00e0 ce jour. Pas de nouveaux d\u00e9c\u00e8s. Le nombre de d\u00e9c\u00e8s est toujours de 4.<\/p>\n<div class=\"td-a-rec td-a-rec-id-content_bottom tdi_30_c79 td_block_template_1\"><img loading=\"lazy\" decoding=\"async\" class=\"aligncenter size-full wp-image-9623\" src=\"https:\/\/www.sidwaya.info\/wp-content\/uploads\/2019\/06\/Projet-bannie\u0300re-Orange-mobile.jpg\" alt=\"\" width=\"728\" height=\"81\"\/><\/div>\n<p>Auteur: BS. Sidwaya<br \/>\n<a href=\"https:\/\/www.sidwaya.info\/blog\/2020\/03\/24\/covid19-au-burkina\/\">Cliquez ici pour lire l&rsquo;article depuis sa source.<\/a><\/p>\n","protected":false},"excerpt":{"rendered":"<p>Le nouveau bilan fait \u00e9tat de 114 cas confirm\u00e9s, dont 73 hommes et 41 femmes, a inform\u00e9 ce mardi 24 mars 2020, la cellule de riposte contre la pand\u00e9mie. Avec 2 nouvelles gu\u00e9risons, le nombre des personnes gu\u00e9ries s\u2019\u00e9l\u00e8ve \u00e0 7 \u00e0 ce jour. Pas de nouveaux d\u00e9c\u00e8s. Le nombre de d\u00e9c\u00e8s est toujours de [&hellip;]<\/p>\n","protected":false},"author":1816,"featured_media":79975,"comment_status":"closed","ping_status":"closed","sticky":false,"template":"","format":"standard","meta":{"fifu_image_url":"","fifu_image_alt":"","footnotes":""},"categories":[73,81],"tags":[],"class_list":["post-79974","post","type-post","status-publish","format-standard","has-post-thumbnail","hentry","category-actualite","category-burkina-faso"],"_links":{"self":[{"href":"https:\/\/linitiative.ca\/International\/wp-json\/wp\/v2\/posts\/79974","targetHints":{"allow":["GET"]}}],"collection":[{"href":"https:\/\/linitiative.ca\/International\/wp-json\/wp\/v2\/posts"}],"about":[{"href":"https:\/\/linitiative.ca\/International\/wp-json\/wp\/v2\/types\/post"}],"author":[{"embeddable":true,"href":"https:\/\/linitiative.ca\/International\/wp-json\/wp\/v2\/users\/1816"}],"replies":[{"embeddable":true,"href":"https:\/\/linitiative.ca\/International\/wp-json\/wp\/v2\/comments?post=79974"}],"version-history":[{"count":0,"href":"https:\/\/linitiative.ca\/International\/wp-json\/wp\/v2\/posts\/79974\/revisions"}],"wp:featuredmedia":[{"embeddable":true,"href":"https:\/\/linitiative.ca\/International\/wp-json\/"}],"wp:attachment":[{"href":"https:\/\/linitiative.ca\/International\/wp-json\/wp\/v2\/media?parent=79974"}],"wp:term":[{"taxonomy":"category","embeddable":true,"href":"https:\/\/linitiative.ca\/International\/wp-json\/wp\/v2\/categories?post=79974"},{"taxonomy":"post_tag","embeddable":true,"href":"https:\/\/linitiative.ca\/International\/wp-json\/wp\/v2\/tags?post=79974"}],"curies":[{"name":"wp","href":"https:\/\/api.w.org\/{rel}","templated":true}]}}