{"id":79978,"date":"2020-03-24T06:54:00","date_gmt":"2020-03-24T10:54:00","guid":{"rendered":"https:\/\/linitiative.ca\/International\/qui-est-abdennaceur-karoui\/"},"modified":"2020-03-24T06:54:00","modified_gmt":"2020-03-24T10:54:00","slug":"qui-est-abdennaceur-karoui","status":"publish","type":"post","link":"https:\/\/linitiative.ca\/International\/qui-est-abdennaceur-karoui\/","title":{"rendered":"Qui est Abdennaceur Karoui"},"content":{"rendered":"<p>Abdennaceur est Professeur de Physique et des Sciences de Mat\u00e9riaux \u00e0 l\u2019Universit\u00e9 de la Caroline du Nord aux USA. Il a travaill\u00e9 15 ans \u00e0 l\u2019Universit\u00e9 de Tunis, et 25 ans \u00e0 l\u2019Universit\u00e9 de Caroline du Nord o\u00f9 il enseigne et fait la recherche sur les mat\u00e9riaux \u00e9lectroniques, les nanosenseurs d\u2019agents biochimiques, les composants \u00e9lectroniques quantiques, et la physique des ordinateurs quantiques.<\/p>\n<p>Abdennaceur a obtenu un doctorat de physique de la Facult\u00e9 des Sciences de Tunis, dont la partie exp\u00e9rimentale a \u00e9t\u00e9 faite \u00e0 la Katholieke Universiteit Leuven (KUL) en Belgique, dans le prestigieux centre de recherche IMEC. Il a aussi obtenu un doctorat des sciences de mat\u00e9riaux de l\u2019Universit\u00e9 de Caroline du Nord au d\u00e9partement des Sciences des Mat\u00e9riaux et Engineering, un des d\u00e9partements les plus avanc\u00e9s dans sa cat\u00e9gorie.<\/p>\n<p>En 1980, Abdennaceur a d\u00e9marr\u00e9 sa recherche en photovolta\u00efque \u00e0 la Facult\u00e9 des Sciences de Tunis sous l\u2019\u00e9gide du Programme National de l\u2019Energie Solaire (PNR Solaire). Il a conduit des recherches sur les cellules et les mat\u00e9riaux solaires. A l\u2019universit\u00e9 de Pierre et Marie Curie, Abdennaceur a contribu\u00e9 au d\u00e9veloppement de cellules solaires en couches minces. A IMEC, il a d\u00e9velopp\u00e9 des travaux pionniers de fabrication de cellules photovolta\u00efques par s\u00e9rigraphie, une technologie qui est aujourd\u2019hui utilis\u00e9e par toute l\u2019industrie pour fabriquer les cellules solaires. En Tunisie, il a mont\u00e9 un programme de recherche sur les mat\u00e9riaux solaires et cellules \u00e0 base de silicium polycristallin. Ensuite, il a dirig\u00e9 le d\u00e9partement de recherche de Physique et des Energies Renouvelables, \u00e0 l\u2019institut de recherche de Borj-Cedria.<\/p>\n<p>Aux Etats-Unis, Abdennaceur a con\u00e7u puis \u00e9tabli trois initiatives institutionnelles de recherche, et a conduit des recherches de pointe dans ces cadres. Il a aussi particip\u00e9 dans plusieurs projets de recherche avanc\u00e9s. Il a fait plusieurs d\u00e9couvertes sur les mat\u00e9riaux \u00e9lectroniques, les nanomat\u00e9riaux et l\u2019information quantique. Il a re\u00e7u plusieurs prix et reconnaissances pour ses travaux scientifiques.<\/p>\n<p>Abdennaceur est actuellement membre de plusieurs associations scientifiques et comit\u00e9s. Entre autre, il est actif dans la diss\u00e9mination de la science et des nouvelles technologies dans les domaines des \u00e9nergies alternatives, les technologies de conservations, et la soutenabilit\u00e9 des ressources.<br \/>\u00a0<\/p>\n<p>Auteur:<br \/>\n<a href=\"https:\/\/www.leaders.com.tn\/article\/29463-abdennaceur-karoui\">Cliquez ici pour lire l&rsquo;article depuis sa source.<\/a><\/p>\n","protected":false},"excerpt":{"rendered":"<p>Abdennaceur est Professeur de Physique et des Sciences de Mat\u00e9riaux \u00e0 l\u2019Universit\u00e9 de la Caroline du Nord aux USA. Il a travaill\u00e9 15 ans \u00e0 l\u2019Universit\u00e9 de Tunis, et 25 ans \u00e0 l\u2019Universit\u00e9 de Caroline du Nord o\u00f9 il enseigne et fait la recherche sur les mat\u00e9riaux \u00e9lectroniques, les nanosenseurs d\u2019agents biochimiques, les composants \u00e9lectroniques [&hellip;]<\/p>\n","protected":false},"author":1772,"featured_media":0,"comment_status":"closed","ping_status":"closed","sticky":false,"template":"","format":"standard","meta":{"fifu_image_url":"","fifu_image_alt":"","footnotes":""},"categories":[73,55],"tags":[],"class_list":["post-79978","post","type-post","status-publish","format-standard","hentry","category-actualite","category-tunisie"],"_links":{"self":[{"href":"https:\/\/linitiative.ca\/International\/wp-json\/wp\/v2\/posts\/79978","targetHints":{"allow":["GET"]}}],"collection":[{"href":"https:\/\/linitiative.ca\/International\/wp-json\/wp\/v2\/posts"}],"about":[{"href":"https:\/\/linitiative.ca\/International\/wp-json\/wp\/v2\/types\/post"}],"author":[{"embeddable":true,"href":"https:\/\/linitiative.ca\/International\/wp-json\/wp\/v2\/users\/1772"}],"replies":[{"embeddable":true,"href":"https:\/\/linitiative.ca\/International\/wp-json\/wp\/v2\/comments?post=79978"}],"version-history":[{"count":0,"href":"https:\/\/linitiative.ca\/International\/wp-json\/wp\/v2\/posts\/79978\/revisions"}],"wp:attachment":[{"href":"https:\/\/linitiative.ca\/International\/wp-json\/wp\/v2\/media?parent=79978"}],"wp:term":[{"taxonomy":"category","embeddable":true,"href":"https:\/\/linitiative.ca\/International\/wp-json\/wp\/v2\/categories?post=79978"},{"taxonomy":"post_tag","embeddable":true,"href":"https:\/\/linitiative.ca\/International\/wp-json\/wp\/v2\/tags?post=79978"}],"curies":[{"name":"wp","href":"https:\/\/api.w.org\/{rel}","templated":true}]}}