{"id":79980,"date":"2020-03-24T08:25:08","date_gmt":"2020-03-24T12:25:08","guid":{"rendered":"https:\/\/linitiative.ca\/International\/pros-galatasaray-lentraineur-de-feghouli-teste-positif-au-covid-19\/"},"modified":"2020-03-24T08:25:08","modified_gmt":"2020-03-24T12:25:08","slug":"pros-galatasaray-lentraineur-de-feghouli-teste-positif-au-covid-19","status":"publish","type":"post","link":"https:\/\/linitiative.ca\/International\/pros-galatasaray-lentraineur-de-feghouli-teste-positif-au-covid-19\/","title":{"rendered":"Pros : Galatasaray : L&rsquo;entraineur de Feghouli test\u00e9 positif au Covid-19"},"content":{"rendered":"<div readability=\"32\">\n<p>Auteur : <span class=\"time\">lundi 23 mars 2020 21:00<\/span><\/p>\n<\/div>\n<div id=\"post_core\" readability=\"38\">\n<p>L&rsquo;entra\u00eeneur de Galatasaray, Fatih Terim (66 ans) a r\u00e9v\u00e9l\u00e9 ce lundi qu&rsquo;il avait \u00e9t\u00e9 test\u00e9 positif au Covid-19. \u00ab\u00a0Je suis entre de bonnes mains \u00e0 l&rsquo;h\u00f4pital. Ne vous inqui\u00e9tez pas\u00a0\u00bb, \u00e9crit par ailleurs l&rsquo;ancien s\u00e9lectionneur de la Turquie comme le rapporte France Football.<\/p>\n<p><strong>Publi\u00e9 dans :<\/strong> <span>Galatasaray<\/span><\/p>\n<\/div>\n<p>Auteur:<br \/>\n<a href=\"http:\/\/www.lebuteur.com\/article\/detail?titre=galatasaray-lentraineur-de-feghouli-teste-positif-au-covid-19&#038;id=95406&#038;utm_source=feedburner&#038;utm_medium=feed&#038;utm_campaign=Feed%3A+GalerieFArtciles+%28Les+derniers+articles++-+lebuteur.com%29\">Cliquez ici pour lire l&rsquo;article depuis sa source.<\/a><\/p>\n","protected":false},"excerpt":{"rendered":"<p>Auteur : lundi 23 mars 2020 21:00 L&rsquo;entra\u00eeneur de Galatasaray, Fatih Terim (66 ans) a r\u00e9v\u00e9l\u00e9 ce lundi qu&rsquo;il avait \u00e9t\u00e9 test\u00e9 positif au Covid-19. \u00ab\u00a0Je suis entre de bonnes mains \u00e0 l&rsquo;h\u00f4pital. Ne vous inqui\u00e9tez pas\u00a0\u00bb, \u00e9crit par ailleurs l&rsquo;ancien s\u00e9lectionneur de la Turquie comme le rapporte France Football. Publi\u00e9 dans : Galatasaray Auteur: [&hellip;]<\/p>\n","protected":false},"author":1738,"featured_media":79982,"comment_status":"closed","ping_status":"closed","sticky":false,"template":"","format":"standard","meta":{"fifu_image_url":"","fifu_image_alt":"","footnotes":""},"categories":[53,75],"tags":[],"class_list":["post-79980","post","type-post","status-publish","format-standard","has-post-thumbnail","hentry","category-algerie","category-sport"],"_links":{"self":[{"href":"https:\/\/linitiative.ca\/International\/wp-json\/wp\/v2\/posts\/79980","targetHints":{"allow":["GET"]}}],"collection":[{"href":"https:\/\/linitiative.ca\/International\/wp-json\/wp\/v2\/posts"}],"about":[{"href":"https:\/\/linitiative.ca\/International\/wp-json\/wp\/v2\/types\/post"}],"author":[{"embeddable":true,"href":"https:\/\/linitiative.ca\/International\/wp-json\/wp\/v2\/users\/1738"}],"replies":[{"embeddable":true,"href":"https:\/\/linitiative.ca\/International\/wp-json\/wp\/v2\/comments?post=79980"}],"version-history":[{"count":0,"href":"https:\/\/linitiative.ca\/International\/wp-json\/wp\/v2\/posts\/79980\/revisions"}],"wp:featuredmedia":[{"embeddable":true,"href":"https:\/\/linitiative.ca\/International\/wp-json\/"}],"wp:attachment":[{"href":"https:\/\/linitiative.ca\/International\/wp-json\/wp\/v2\/media?parent=79980"}],"wp:term":[{"taxonomy":"category","embeddable":true,"href":"https:\/\/linitiative.ca\/International\/wp-json\/wp\/v2\/categories?post=79980"},{"taxonomy":"post_tag","embeddable":true,"href":"https:\/\/linitiative.ca\/International\/wp-json\/wp\/v2\/tags?post=79980"}],"curies":[{"name":"wp","href":"https:\/\/api.w.org\/{rel}","templated":true}]}}