{"id":79981,"date":"2020-03-24T05:09:21","date_gmt":"2020-03-24T09:09:21","guid":{"rendered":"https:\/\/linitiative.ca\/International\/la-chloroquine-validee-dans-le-protocole-de-soins-en-algerie-au-titre-dun-essai-clinique\/"},"modified":"2020-03-24T05:09:21","modified_gmt":"2020-03-24T09:09:21","slug":"la-chloroquine-validee-dans-le-protocole-de-soins-en-algerie-au-titre-dun-essai-clinique","status":"publish","type":"post","link":"https:\/\/linitiative.ca\/International\/la-chloroquine-validee-dans-le-protocole-de-soins-en-algerie-au-titre-dun-essai-clinique\/","title":{"rendered":"La chloroquine valid\u00e9e dans le protocole de soins en Alg\u00e9rie au titre d\u2019un essai clinique"},"content":{"rendered":"<h4 class=\"title-14\">Actuellement \u00e9largie \u00e0 un large essai clinique \u00e0 Marseille<\/h4>\n<div class=\"featured_image\"><img loading=\"lazy\" decoding=\"async\" width=\"600\" height=\"362\" src=\"https:\/\/www.elwatan.com\/wp-content\/uploads\/2020\/03\/sante-col.jpg\" class=\"attachment-post-thumbnail size-post-thumbnail wp-post-image\" alt=\"\" srcset=\"https:\/\/www.elwatan.com\/wp-content\/uploads\/2020\/03\/sante-col.jpg 600w, https:\/\/www.elwatan.com\/wp-content\/uploads\/2020\/03\/sante-col-300x181.jpg 300w\" sizes=\"auto, (max-width: 600px) 100vw, 600px\"\/><\/div>\n<p class=\"p4\"><span class=\"s4\"><strong>La proportion des patients infect\u00e9s qui n\u00e9cessitent ce traitement repr\u00e9sente 20% des cas, dont 15% sont des personnes souffrant de pneumonie associ\u00e9e \u00e0 des pathologies chroniques et 5% sont en soins intensifs.<\/strong><\/span><\/p>\n<p class=\"p4\"><span class=\"s5\"><strong>L<\/strong><\/span>e minist\u00e8re de la Sant\u00e9 vient de valider un consensus national de prise en charge des cas de Covid-19, selon l\u2019\u00e9volution de l\u2019\u00e9tat de sant\u00e9 de chaque personne, apr\u00e8s consultation du Conseil scientifique pour le suivi du Covid-19, install\u00e9 la semaine derni\u00e8re.<\/p>\n<p class=\"p4\">Trois sch\u00e9mas th\u00e9rapeutiques sont valid\u00e9s pour prendre charge les patients pr\u00e9sentant les premiers sympt\u00f4mes du Covid-19 (fatigue, rhume), aux cas s\u00e9v\u00e8res qui n\u00e9cessitent des soins en r\u00e9animation, en passant par les cas mod\u00e9r\u00e9s ayant besoin de soins hospitaliers, notamment la chloroquine. Le traitement, actuellement en plein essai clinique dirig\u00e9 par le P<sup>r<\/sup> Didier Raoul, infectiologue \u00e0 l\u2019h\u00f4pital de Marseille, une mol\u00e9cule prescrite contre le paludisme, est <em>\u00abefficace\u00bb,<\/em> selon lui, contre le Covid-19.<\/p>\n<p class=\"p4\">L\u2019instruction minist\u00e9rielle d\u00e9finit le motif et les structures d\u2019hospitalisation pour chaque cat\u00e9gorie de patients infect\u00e9s. La premi\u00e8re cat\u00e9gorie de patients contr\u00f4l\u00e9s positifs et ayant des sympt\u00f4mes sera mise en isolement dans des structures de sant\u00e9 publique de proximit\u00e9, les cas pr\u00e9sentant des complications, notamment des pneumonies avec des maladies chroniques associ\u00e9es, qui risquent d\u2019\u00e9voluer vers une forme s\u00e9v\u00e8re, seront hospitalis\u00e9s dans les services d\u2019infectiologie, de m\u00e9decine interne et de pneumologie.<\/p>\n<p class=\"p4\">Les services de r\u00e9animation seront r\u00e9serv\u00e9s aux cas qui pr\u00e9sentent, quant \u00e0 eux, le syndrome respiratoire aigu s\u00e9v\u00e8re. <em>\u00abAvant l\u2019introduction du traitement, l\u2019hydroxy chloroquine, les patients seront soumis \u00e0 des examens radiologiques, notamment un scanner thoracique, pour s\u2019assurer de la pr\u00e9sence d\u2019une infection pulmonaire.<\/em><\/p>\n<p class=\"p4\"><em>Il faut savoir que lors d\u2019une \u00e9pid\u00e9mie, toute pneumonie est consid\u00e9r\u00e9e li\u00e9e<span class=\"Apple-converted-space\">\u00a0<\/span> au virus qui circule. Devant une image des poumons en verre d\u00e9poli caract\u00e9ristiques de Covid-19, le malade est mis sous la chloroquine avec un suivi rigoureux, surtout<\/em> <em>chez les diab\u00e9tiques et les personnes souffrant de pathologies cardiaques.<\/em><\/p>\n<p class=\"p4\"><em>Il faut savoir que parmi les effets secondaires de cette mol\u00e9cule, on retrouve l\u2019hypoglyc\u00e9mie et le ralentissement du rythme cardiaque (baisse du rythme)\u00bb<\/em>, nous confie une source m\u00e9dicale et de rappeler que la \u00abquinine\u00bb, un substitut de la chloroquine, a \u00e9t\u00e9 utilis\u00e9e dans les ann\u00e9es 1970 contre le paludisme.<\/p>\n<p class=\"p4\">Ainsi, la proportion des patients infect\u00e9s qui n\u00e9cessitent ce traitement repr\u00e9sente 20% des cas, dont 15% sont des personnes souffrant de pathologies chroniques et les 5% sont en soins intensifs. Cette mol\u00e9cule, disponible actuellement en Alg\u00e9rie et utilis\u00e9e contre le paludisme et certaines maladies auto-immunes, est fabriqu\u00e9e localement.<\/p>\n<p class=\"p4\">Ce traitement est valid\u00e9 par le minist\u00e8re de la Sant\u00e9 pour son utilisation contre le Covid-19 au titre d\u2019un essai clinique international. Le produit est actuellement disponible dans certains h\u00f4pitaux et la PCH dispose d\u2019un stock de 270\u00a0000 bo\u00eetes auquel s\u2019ajoute celui du producteur CPCM estim\u00e9 \u00e0 plus de 110\u00a0000 bo\u00eetes.<\/p>\n<blockquote readability=\"12\">\n<p class=\"p1\"><strong><span class=\"s1\">\u2013 230 cas de Covid-19 ont \u00e9t\u00e9 enregistr\u00e9s, dont 125 \u00e0 Blida, a annonc\u00e9 le minist\u00e8re de la Sant\u00e9. Aucun d\u00e9c\u00e8s n\u2019a \u00e9t\u00e9 notifi\u00e9 ces derni\u00e8res 24 heures. <em>\u00ab322 personnes soup\u00e7onn\u00e9es d\u2019\u00eatre porteuses du Covid-19 se trouvent,<\/em> selon la m\u00eame source<em>, dans des h\u00f4pitaux en attendant les r\u00e9sultats de leurs analyses.\u00bb<\/em><\/span><\/strong> <em><span class=\"s1\">D. K.<\/span><\/em><\/p>\n<\/blockquote>\n<p><span class=\"post-views-label\">Post Views:<\/span> <span class=\"post-views-count\">1\u00a0900<\/span><\/p>\n<p><br class=\"c2\"\/><br class=\"c6\"\/><\/p>\n<p>Auteur: Anis Khecheba<br \/>\n<a href=\"https:\/\/www.elwatan.com\/edition\/actualite\/la-chloroquine-validee-dans-le-protocole-de-soins-en-algerie-au-titre-dun-essai-clinique-24-03-2020\">Cliquez ici pour lire l&rsquo;article depuis sa source.<\/a><\/p>\n","protected":false},"excerpt":{"rendered":"<p>Actuellement \u00e9largie \u00e0 un large essai clinique \u00e0 Marseille La proportion des patients infect\u00e9s qui n\u00e9cessitent ce traitement repr\u00e9sente 20% des cas, dont 15% sont des personnes souffrant de pneumonie associ\u00e9e \u00e0 des pathologies chroniques et 5% sont en soins intensifs. Le minist\u00e8re de la Sant\u00e9 vient de valider un consensus national de prise en [&hellip;]<\/p>\n","protected":false},"author":1743,"featured_media":79983,"comment_status":"closed","ping_status":"closed","sticky":false,"template":"","format":"standard","meta":{"fifu_image_url":"","fifu_image_alt":"","footnotes":""},"categories":[73,53],"tags":[],"class_list":["post-79981","post","type-post","status-publish","format-standard","has-post-thumbnail","hentry","category-actualite","category-algerie"],"_links":{"self":[{"href":"https:\/\/linitiative.ca\/International\/wp-json\/wp\/v2\/posts\/79981","targetHints":{"allow":["GET"]}}],"collection":[{"href":"https:\/\/linitiative.ca\/International\/wp-json\/wp\/v2\/posts"}],"about":[{"href":"https:\/\/linitiative.ca\/International\/wp-json\/wp\/v2\/types\/post"}],"author":[{"embeddable":true,"href":"https:\/\/linitiative.ca\/International\/wp-json\/wp\/v2\/users\/1743"}],"replies":[{"embeddable":true,"href":"https:\/\/linitiative.ca\/International\/wp-json\/wp\/v2\/comments?post=79981"}],"version-history":[{"count":0,"href":"https:\/\/linitiative.ca\/International\/wp-json\/wp\/v2\/posts\/79981\/revisions"}],"wp:featuredmedia":[{"embeddable":true,"href":"https:\/\/linitiative.ca\/International\/wp-json\/"}],"wp:attachment":[{"href":"https:\/\/linitiative.ca\/International\/wp-json\/wp\/v2\/media?parent=79981"}],"wp:term":[{"taxonomy":"category","embeddable":true,"href":"https:\/\/linitiative.ca\/International\/wp-json\/wp\/v2\/categories?post=79981"},{"taxonomy":"post_tag","embeddable":true,"href":"https:\/\/linitiative.ca\/International\/wp-json\/wp\/v2\/tags?post=79981"}],"curies":[{"name":"wp","href":"https:\/\/api.w.org\/{rel}","templated":true}]}}