{"id":79985,"date":"2020-03-23T14:38:59","date_gmt":"2020-03-23T18:38:59","guid":{"rendered":"https:\/\/linitiative.ca\/International\/coronavirus-confinement-total-pour-blida-et-partiel-pour-alger\/"},"modified":"2020-03-23T14:38:59","modified_gmt":"2020-03-23T18:38:59","slug":"coronavirus-confinement-total-pour-blida-et-partiel-pour-alger","status":"publish","type":"post","link":"https:\/\/linitiative.ca\/International\/coronavirus-confinement-total-pour-blida-et-partiel-pour-alger\/","title":{"rendered":"Coronavirus: confinement total pour Blida et partiel pour Alger"},"content":{"rendered":"<div readability=\"37\">\n<p dir=\"ltr\" class=\"c30\"><strong>\u00a0ALGER &#8211; Le pr\u00e9sident de la r\u00e9publique, Abdelmadjid Tebboune a d\u00e9cr\u00e9t\u00e9 lundi le confinement total, pour une dur\u00e9e de dix jours, pour la wilaya de Blida et un confinement de 19 heures au lendemain \u00e0 7 heures du matin pour la wilaya d&rsquo;Alger. \u00a0\u00a0\u00a0\u00a0\u00a0\u00a0\u00a0\u00a0\u00a0\u00a0\u00a0\u00a0\u00a0\u00a0\u00a0<\/strong><\/p>\n<\/div>\n<div readability=\"62\">\n<p dir=\"ltr\" class=\"c30\">Cette d\u00e9cision a \u00e9t\u00e9 prise au cours d&rsquo;une r\u00e9union du Haut Conseil de S\u00e9curit\u00e9, pr\u00e9sid\u00e9e par le pr\u00e9sident Tebboune, consacr\u00e9e \u00e0 l&rsquo;examen et au suivi de l&rsquo;\u00e9volution de la pand\u00e9mie du Coronavirus dans le pays, a pr\u00e9cis\u00e9 un communiqu\u00e9 sanctionnant cette r\u00e9union.<\/p>\n<p dir=\"ltr\" class=\"c30\">Il a \u00e9t\u00e9 d\u00e9cid\u00e9: \u00ab\u00a0un confinement total, \u00e0 domicile, pour une dur\u00e9e de dix (10), renouvelables, avec interdiction de circulation de et vers cette wilaya\u00a0\u00bb, a pr\u00e9cis\u00e9 la m\u00eame source , ajoutant que \u00ab\u00a0les sorties \u00e0 caract\u00e8re exceptionnel doivent \u00eatre autoris\u00e9es au pr\u00e9alable par les services comp\u00e9tents de la gendarmerie ou de la s\u00fbret\u00e9 nationale\u00a0\u00bb.<\/p>\n<p dir=\"ltr\" class=\"c30\">Concernant la wilaya d&rsquo;Alger, il a \u00e9t\u00e9 d\u00e9cid\u00e9: \u00ab\u00a0un confinement de 19 heures au lendemain \u00e0 7 heures du matin\u00a0\u00bb a-t-on relev\u00e9, pr\u00e9cisant que \u00ab\u00a0cette mesure sera \u00e9tendue \u00e0 toutes les wilayas o\u00f9 est apparue et o\u00f9 apparaitra le virus, conform\u00e9ment aux observations quotidiennes du minist\u00e8re de la Sant\u00e9, de la Population et de la r\u00e9forme hospitali\u00e8re\u00a0\u00bb.<\/p>\n<p dir=\"ltr\" class=\"c30\">Le communiqu\u00e9 a indiqu\u00e9, toutefois, qu&rsquo;un \u00ab\u00a0d\u00e9cret ex\u00e9cutif sera publi\u00e9 pour pr\u00e9ciser les dispositions pr\u00e9vues \u00e0 travers cet ensemble de mesures\u00a0\u00bb.<\/p>\n<\/div>\n<p>Auteur:<br \/>\n<a href=\"http:\/\/www.aps.dz\/regions\/103359-coronavirus-confinement-totale-pour-blida-et-partiel-pour-alger\">Cliquez ici pour lire l&rsquo;article depuis sa source.<\/a><\/p>\n","protected":false},"excerpt":{"rendered":"<p>\u00a0ALGER &#8211; Le pr\u00e9sident de la r\u00e9publique, Abdelmadjid Tebboune a d\u00e9cr\u00e9t\u00e9 lundi le confinement total, pour une dur\u00e9e de dix jours, pour la wilaya de Blida et un confinement de 19 heures au lendemain \u00e0 7 heures du matin pour la wilaya d&rsquo;Alger. \u00a0\u00a0\u00a0\u00a0\u00a0\u00a0\u00a0\u00a0\u00a0\u00a0\u00a0\u00a0\u00a0\u00a0\u00a0 Cette d\u00e9cision a \u00e9t\u00e9 prise au cours d&rsquo;une r\u00e9union du Haut [&hellip;]<\/p>\n","protected":false},"author":1790,"featured_media":0,"comment_status":"closed","ping_status":"closed","sticky":false,"template":"","format":"standard","meta":{"fifu_image_url":"","fifu_image_alt":"","footnotes":""},"categories":[53,76],"tags":[],"class_list":["post-79985","post","type-post","status-publish","format-standard","hentry","category-algerie","category-regions"],"_links":{"self":[{"href":"https:\/\/linitiative.ca\/International\/wp-json\/wp\/v2\/posts\/79985","targetHints":{"allow":["GET"]}}],"collection":[{"href":"https:\/\/linitiative.ca\/International\/wp-json\/wp\/v2\/posts"}],"about":[{"href":"https:\/\/linitiative.ca\/International\/wp-json\/wp\/v2\/types\/post"}],"author":[{"embeddable":true,"href":"https:\/\/linitiative.ca\/International\/wp-json\/wp\/v2\/users\/1790"}],"replies":[{"embeddable":true,"href":"https:\/\/linitiative.ca\/International\/wp-json\/wp\/v2\/comments?post=79985"}],"version-history":[{"count":0,"href":"https:\/\/linitiative.ca\/International\/wp-json\/wp\/v2\/posts\/79985\/revisions"}],"wp:attachment":[{"href":"https:\/\/linitiative.ca\/International\/wp-json\/wp\/v2\/media?parent=79985"}],"wp:term":[{"taxonomy":"category","embeddable":true,"href":"https:\/\/linitiative.ca\/International\/wp-json\/wp\/v2\/categories?post=79985"},{"taxonomy":"post_tag","embeddable":true,"href":"https:\/\/linitiative.ca\/International\/wp-json\/wp\/v2\/tags?post=79985"}],"curies":[{"name":"wp","href":"https:\/\/api.w.org\/{rel}","templated":true}]}}