{"id":79990,"date":"2020-03-24T06:50:11","date_gmt":"2020-03-24T10:50:11","guid":{"rendered":"https:\/\/linitiative.ca\/International\/103363-federation-algerienne-on-soutient-le-report-pas-l-annulation-des-paralympiques\/"},"modified":"2020-03-24T06:50:11","modified_gmt":"2020-03-24T10:50:11","slug":"103363-federation-algerienne-on-soutient-le-report-pas-l-annulation-des-paralympiques","status":"publish","type":"post","link":"https:\/\/linitiative.ca\/International\/103363-federation-algerienne-on-soutient-le-report-pas-l-annulation-des-paralympiques\/","title":{"rendered":"<div>F\u00e9d\u00e9ration alg\u00e9rienne: \u00ab\u00a0On soutient le report, pas l\u2019annulation des Paralympiques\u00a0\u00bb<\/div>"},"content":{"rendered":"<div readability=\"38\">\n<p><strong>ALGER &#8211; Le pr\u00e9sident de la F\u00e9d\u00e9ration alg\u00e9rienne handisport (FAH), Mohamed Hachefa, a dit soutenir le report des Jeux Paralympiques-2020 (JP-2020) de Tokyo, pr\u00e9vus du 25 ao\u00fbt au 6 septembre, mais \u00ab\u00a0leur annulation n&rsquo;est pas souhait\u00e9e\u00a0\u00bb.<\/strong><\/p>\n<\/div>\n<div readability=\"69.578125\">\n<p>Le Comit\u00e9 international paralympique (IPC), pr\u00e9sid\u00e9e par le Br\u00e9silien Andrew Parsons, a approuv\u00e9 la d\u00e9cision de la Commission ex\u00e9cutive du Comit\u00e9 international olympique (CIO) d&rsquo;examiner des sc\u00e9narios potentiels concernant les Jeux Olympiques (JO) et JP-2020, y compris le report, en raison de la pand\u00e9mie de coronavirus.<\/p>\n<p>\u00ab\u00a0Je suis certain, comme l\u2019ensemble du mouvement paralympique, que le report est la meilleure chose qui puisse arriver aux athl\u00e8tes et \u00e0 nous tous car la vie humaine est beaucoup plus importante qu&rsquo;autre chose\u00a0\u00bb, a d\u00e9clar\u00e9 Mohamed Hachefa \u00e0 l\u2019APS.<\/p>\n<p>Depuis que l&rsquo;Organisation mondiale de la sant\u00e9 (OMS) a d\u00e9cr\u00e9t\u00e9 le coronavirus une pand\u00e9mie, tous les rendez-vous sportifs et autres activit\u00e9s ont \u00e9t\u00e9 report\u00e9s ou carr\u00e9ment annul\u00e9s et les sites et centres d&rsquo;entra\u00eenement ferm\u00e9s, obligeant les athl\u00e8tes \u00e0 se confiner chez eux pour une p\u00e9riode ind\u00e9termin\u00e9e.\u00a0\u00a0\u00a0\u00a0<\/p>\n<blockquote readability=\"13\">\n<p><strong><em>\u00ab\u00a0Il est actuellement essentiel que tout le monde, y compris nos athl\u00e8tes, reste \u00e0 la maison pour aider \u00e0 pr\u00e9venir la propagation de cette pand\u00e9mie. Prendre cette d\u00e9cision (reporter les Jeux, ndlr) est absolument la meilleure chose \u00e0 faire, compte tenu de la situation actuelle \u00e0 laquelle nous sommes confront\u00e9s\u00a0\u00bb, a ajout\u00e9 le patron de la FAH.<\/em><\/strong><\/p>\n<\/blockquote>\n<hr\/>\n<h3>Lire aussi:\u00a0<a href=\"http:\/\/www.aps.dz\/sport\/103346-aviron-covid19-devant-l-impossibilite-de-se-preparer-le-report-des-jo-2020-devient-une-necessite\">Aviron\/Covid19: devant l&rsquo;impossibilit\u00e9 de se pr\u00e9parer, le report des JO-2020 devient une n\u00e9cessit\u00e9<\/a><\/h3>\n<hr\/>\n<p>La d\u00e9cision finale reviendra \u00e0 l&rsquo;IPC, seul habilit\u00e9 en concertation avec le CIO et le Comit\u00e9 d\u2019organisation local \u00e0 reporter ou non les deux rendez-vous plan\u00e9taires.<\/p>\n<blockquote readability=\"9\">\n<p><em><strong>\u00ab\u00a0Le report est une bonne chose, mais l&rsquo;annulation va an\u00e9antir les espoirs des athl\u00e8tes qualifi\u00e9s qui se sont investis durant trois ann\u00e9es pour r\u00e9aliser un r\u00eave tant caress\u00e9 par chacun d\u2019entre eux\u00a0\u00bb, a expliqu\u00e9 le membre de la Conf\u00e9d\u00e9ration africaine handisport.<\/strong><\/em><\/p>\n<\/blockquote>\n<p>Pour lui, un report des Jeux va \u00ab\u00a0r\u00e9conforter\u00a0\u00bb et \u00ab\u00a0encourager\u00a0\u00bb les athl\u00e8tes qualifi\u00e9s, d\u00e9j\u00e0 pour reprendre dans de meilleures conditions leur pr\u00e9paration, puis \u00e9ventuellement donner aux autres la possibilit\u00e9 de valider leur ticket si l&rsquo;IPC arrive \u00e0 reprogrammer les tournois qualificatifs restants et report\u00e9s \u00e0 cause du coronavirus.<\/p>\n<\/div>\n<p>Auteur:<br \/>\n<a href=\"http:\/\/www.aps.dz\/sport\/103363-federation-algerienne-on-soutient-le-report-pas-l-annulation-des-paralympiques?utm_source=feedburner&#038;utm_medium=feed&#038;utm_campaign=Feed%3A+aps-sport+%28APS+-+SPORT%29\">Cliquez ici pour lire l&rsquo;article depuis sa source.<\/a><\/p>\n","protected":false},"excerpt":{"rendered":"<p>ALGER &#8211; Le pr\u00e9sident de la F\u00e9d\u00e9ration alg\u00e9rienne handisport (FAH), Mohamed Hachefa, a dit soutenir le report des Jeux Paralympiques-2020 (JP-2020) de Tokyo, pr\u00e9vus du 25 ao\u00fbt au 6 septembre, mais \u00ab\u00a0leur annulation n&rsquo;est pas souhait\u00e9e\u00a0\u00bb. Le Comit\u00e9 international paralympique (IPC), pr\u00e9sid\u00e9e par le Br\u00e9silien Andrew Parsons, a approuv\u00e9 la d\u00e9cision de la Commission ex\u00e9cutive [&hellip;]<\/p>\n","protected":false},"author":1790,"featured_media":0,"comment_status":"closed","ping_status":"closed","sticky":false,"template":"","format":"standard","meta":{"fifu_image_url":"","fifu_image_alt":"","footnotes":""},"categories":[53,75],"tags":[],"class_list":["post-79990","post","type-post","status-publish","format-standard","hentry","category-algerie","category-sport"],"_links":{"self":[{"href":"https:\/\/linitiative.ca\/International\/wp-json\/wp\/v2\/posts\/79990","targetHints":{"allow":["GET"]}}],"collection":[{"href":"https:\/\/linitiative.ca\/International\/wp-json\/wp\/v2\/posts"}],"about":[{"href":"https:\/\/linitiative.ca\/International\/wp-json\/wp\/v2\/types\/post"}],"author":[{"embeddable":true,"href":"https:\/\/linitiative.ca\/International\/wp-json\/wp\/v2\/users\/1790"}],"replies":[{"embeddable":true,"href":"https:\/\/linitiative.ca\/International\/wp-json\/wp\/v2\/comments?post=79990"}],"version-history":[{"count":0,"href":"https:\/\/linitiative.ca\/International\/wp-json\/wp\/v2\/posts\/79990\/revisions"}],"wp:attachment":[{"href":"https:\/\/linitiative.ca\/International\/wp-json\/wp\/v2\/media?parent=79990"}],"wp:term":[{"taxonomy":"category","embeddable":true,"href":"https:\/\/linitiative.ca\/International\/wp-json\/wp\/v2\/categories?post=79990"},{"taxonomy":"post_tag","embeddable":true,"href":"https:\/\/linitiative.ca\/International\/wp-json\/wp\/v2\/tags?post=79990"}],"curies":[{"name":"wp","href":"https:\/\/api.w.org\/{rel}","templated":true}]}}