{"id":79991,"date":"2020-03-23T19:00:00","date_gmt":"2020-03-23T23:00:00","guid":{"rendered":"https:\/\/linitiative.ca\/International\/entretien-telephonique-entre-m-tebboune-et-son-homologue-tunisien\/"},"modified":"2020-03-23T19:00:00","modified_gmt":"2020-03-23T23:00:00","slug":"entretien-telephonique-entre-m-tebboune-et-son-homologue-tunisien","status":"publish","type":"post","link":"https:\/\/linitiative.ca\/International\/entretien-telephonique-entre-m-tebboune-et-son-homologue-tunisien\/","title":{"rendered":"Entretien t\u00e9l\u00e9phonique  entre M. Tebboune et son homologue tunisien"},"content":{"rendered":"<p>Le Pr\u00e9sident de la R\u00e9publique, Abdelmadjid Tebboune, a eu, hier, un entretien t\u00e9l\u00e9phonique avec le pr\u00e9sident tunisien, Ka\u00efs Sa\u00efed, au cours duquel les deux pr\u00e9sidents ont proc\u00e9d\u00e9 \u00e0 un \u00e9change d&rsquo;informations sur la situation sanitaire et \u00e9conomique dans les deux pays face \u00e0 la propagation de l&rsquo;\u00e9pid\u00e9mie du coronavirus, a indiqu\u00e9 un communiqu\u00e9 de la Pr\u00e9sidence de la R\u00e9publique.<\/p>\n<p>Les deux pr\u00e9sidents se sont accord\u00e9s \u00e0 poursuivre les consultations et la coordination pour faire face \u00e0 la pand\u00e9mie.<\/p>\n<p>Auteur: elmoudjahid<br \/>\n<a href=\"http:\/\/www.elmoudjahid.com\/fr\/actualites\/150288\">Cliquez ici pour lire l&rsquo;article depuis sa source.<\/a><\/p>\n","protected":false},"excerpt":{"rendered":"<p>Le Pr\u00e9sident de la R\u00e9publique, Abdelmadjid Tebboune, a eu, hier, un entretien t\u00e9l\u00e9phonique avec le pr\u00e9sident tunisien, Ka\u00efs Sa\u00efed, au cours duquel les deux pr\u00e9sidents ont proc\u00e9d\u00e9 \u00e0 un \u00e9change d&rsquo;informations sur la situation sanitaire et \u00e9conomique dans les deux pays face \u00e0 la propagation de l&rsquo;\u00e9pid\u00e9mie du coronavirus, a indiqu\u00e9 un communiqu\u00e9 de la [&hellip;]<\/p>\n","protected":false},"author":1744,"featured_media":0,"comment_status":"closed","ping_status":"closed","sticky":false,"template":"","format":"standard","meta":{"fifu_image_url":"","fifu_image_alt":"","footnotes":""},"categories":[73,53],"tags":[],"class_list":["post-79991","post","type-post","status-publish","format-standard","hentry","category-actualite","category-algerie"],"_links":{"self":[{"href":"https:\/\/linitiative.ca\/International\/wp-json\/wp\/v2\/posts\/79991","targetHints":{"allow":["GET"]}}],"collection":[{"href":"https:\/\/linitiative.ca\/International\/wp-json\/wp\/v2\/posts"}],"about":[{"href":"https:\/\/linitiative.ca\/International\/wp-json\/wp\/v2\/types\/post"}],"author":[{"embeddable":true,"href":"https:\/\/linitiative.ca\/International\/wp-json\/wp\/v2\/users\/1744"}],"replies":[{"embeddable":true,"href":"https:\/\/linitiative.ca\/International\/wp-json\/wp\/v2\/comments?post=79991"}],"version-history":[{"count":0,"href":"https:\/\/linitiative.ca\/International\/wp-json\/wp\/v2\/posts\/79991\/revisions"}],"wp:attachment":[{"href":"https:\/\/linitiative.ca\/International\/wp-json\/wp\/v2\/media?parent=79991"}],"wp:term":[{"taxonomy":"category","embeddable":true,"href":"https:\/\/linitiative.ca\/International\/wp-json\/wp\/v2\/categories?post=79991"},{"taxonomy":"post_tag","embeddable":true,"href":"https:\/\/linitiative.ca\/International\/wp-json\/wp\/v2\/tags?post=79991"}],"curies":[{"name":"wp","href":"https:\/\/api.w.org\/{rel}","templated":true}]}}