{"id":79992,"date":"2020-03-24T08:25:21","date_gmt":"2020-03-24T12:25:21","guid":{"rendered":"https:\/\/linitiative.ca\/International\/pros-le-sporting-interesse-par-le-retour-de-slimani\/"},"modified":"2020-03-24T08:25:21","modified_gmt":"2020-03-24T12:25:21","slug":"pros-le-sporting-interesse-par-le-retour-de-slimani","status":"publish","type":"post","link":"https:\/\/linitiative.ca\/International\/pros-le-sporting-interesse-par-le-retour-de-slimani\/","title":{"rendered":"Pros : Le Sporting int\u00e9ress\u00e9 par le retour de Slimani"},"content":{"rendered":"<div readability=\"32\">\n<p>Auteur : <span class=\"time\">mardi 24 mars 2020 07:43<\/span><\/p>\n<\/div>\n<div id=\"post_core\" readability=\"51\">\n<p>Selon les informations de O Jogo, le Sporting Portugal souhaiterait faire du neuf avec du vieux, en rappelant deux anciens soldats, qui officient aujourd\u2019hui en Principaut\u00e9 de Monaco. Il s\u2019agit d\u2019Adrien Silva (31 ans) et Islam Slimani (31 ans), tous deux pr\u00eat\u00e9s \u00e0 l\u2019ASM jusqu\u2019\u00e0 la fin de l\u2019exercice par Leicester comme l&rsquo;indique Footmercato. Le milieu de terrain, ancien capitaine du Sporting, et Islam Slimani, qui s\u2019est r\u00e9v\u00e9l\u00e9 en Europe du c\u00f4t\u00e9 du Portugal, ont tous deux laiss\u00e9 un excellent souvenir.<\/p>\n<p>Le premier, toujours tr\u00e8s populaire parmi les socios, est m\u00eame consid\u00e9r\u00e9 comme la priorit\u00e9 estivale du pr\u00e9sident Frederico Varandas. Toutefois, selon O Jogo, Monaco dispose d\u2019une option d\u2019achat pour chacun d\u2019entre eux. A<\/p>\n<p><strong>Publi\u00e9 dans :<\/strong> <span>slimani<\/span><\/p>\n<\/div>\n<p>Auteur:<br \/>\n<a href=\"http:\/\/www.lebuteur.com\/article\/detail?titre=le-sporting-interesse-par-le-retour-de-slimani&#038;id=95408&#038;utm_source=feedburner&#038;utm_medium=feed&#038;utm_campaign=Feed%3A+GalerieFArtciles+%28Les+derniers+articles++-+lebuteur.com%29\">Cliquez ici pour lire l&rsquo;article depuis sa source.<\/a><\/p>\n","protected":false},"excerpt":{"rendered":"<p>Auteur : mardi 24 mars 2020 07:43 Selon les informations de O Jogo, le Sporting Portugal souhaiterait faire du neuf avec du vieux, en rappelant deux anciens soldats, qui officient aujourd\u2019hui en Principaut\u00e9 de Monaco. Il s\u2019agit d\u2019Adrien Silva (31 ans) et Islam Slimani (31 ans), tous deux pr\u00eat\u00e9s \u00e0 l\u2019ASM jusqu\u2019\u00e0 la fin de [&hellip;]<\/p>\n","protected":false},"author":1738,"featured_media":79995,"comment_status":"closed","ping_status":"closed","sticky":false,"template":"","format":"standard","meta":{"fifu_image_url":"","fifu_image_alt":"","footnotes":""},"categories":[53,75],"tags":[],"class_list":["post-79992","post","type-post","status-publish","format-standard","has-post-thumbnail","hentry","category-algerie","category-sport"],"_links":{"self":[{"href":"https:\/\/linitiative.ca\/International\/wp-json\/wp\/v2\/posts\/79992","targetHints":{"allow":["GET"]}}],"collection":[{"href":"https:\/\/linitiative.ca\/International\/wp-json\/wp\/v2\/posts"}],"about":[{"href":"https:\/\/linitiative.ca\/International\/wp-json\/wp\/v2\/types\/post"}],"author":[{"embeddable":true,"href":"https:\/\/linitiative.ca\/International\/wp-json\/wp\/v2\/users\/1738"}],"replies":[{"embeddable":true,"href":"https:\/\/linitiative.ca\/International\/wp-json\/wp\/v2\/comments?post=79992"}],"version-history":[{"count":0,"href":"https:\/\/linitiative.ca\/International\/wp-json\/wp\/v2\/posts\/79992\/revisions"}],"wp:featuredmedia":[{"embeddable":true,"href":"https:\/\/linitiative.ca\/International\/wp-json\/"}],"wp:attachment":[{"href":"https:\/\/linitiative.ca\/International\/wp-json\/wp\/v2\/media?parent=79992"}],"wp:term":[{"taxonomy":"category","embeddable":true,"href":"https:\/\/linitiative.ca\/International\/wp-json\/wp\/v2\/categories?post=79992"},{"taxonomy":"post_tag","embeddable":true,"href":"https:\/\/linitiative.ca\/International\/wp-json\/wp\/v2\/tags?post=79992"}],"curies":[{"name":"wp","href":"https:\/\/api.w.org\/{rel}","templated":true}]}}