{"id":79996,"date":"2020-03-23T19:00:00","date_gmt":"2020-03-23T23:00:00","guid":{"rendered":"https:\/\/linitiative.ca\/International\/des-cfpa-se-lancent-dans-la-production-de-masques-medicaux\/"},"modified":"2020-03-23T19:00:00","modified_gmt":"2020-03-23T23:00:00","slug":"des-cfpa-se-lancent-dans-la-production-de-masques-medicaux","status":"publish","type":"post","link":"https:\/\/linitiative.ca\/International\/des-cfpa-se-lancent-dans-la-production-de-masques-medicaux\/","title":{"rendered":"Des CFPA se lancent dans  la production de masques m\u00e9dicaux"},"content":{"rendered":"<p>\u00ab\u00a0Des enseignants et stagiaires d\u2019un nombre de CFPA de la wilaya se sont lanc\u00e9s dans une op\u00e9ration de production de masques m\u00e9dicaux, suivant les normes pr\u00e9conis\u00e9es par l\u2019OMS. Ils sont destin\u00e9s \u00e0 \u00eatre distribu\u00e9s, gratuitement, \u00e0 diff\u00e9rents secteurs n\u00e9cessitant leur utilisation, selon les priorit\u00e9s exprim\u00e9es\u00a0\u00bb, a indiqu\u00e9 \u00e0 l\u2019APS Sadek Sa\u00e2dna. \u00ab\u00a0L\u2019initiative lanc\u00e9e, \u00e0 titre b\u00e9n\u00e9vole, \u00e0 travers les CFPA de Bordj Menail, Sahel (Boumerd\u00e8s), Ouled Moussa, Khmiss El Khechna, Naciria, et Hammadi, pr\u00e9voit la production d\u2019un premier lot de 40.000 bavettes m\u00e9dicales\u00a0\u00bb, a-t-il soulign\u00e9. Cette op\u00e9ration \u2014 visant en premier lieu la couverture des besoins du secteur de la sant\u00e9, puis des corps s\u00e9curitaires, et des administrations de la wilaya \u2014 se poursuivra, selon le m\u00eame responsable, \u00ab\u00a0dans le but de couvrir le maximum des besoins exprim\u00e9s par ces secteurs\u00a0\u00bb. M. Sa\u00e2dna a fait savoir, en outre, que \u00ab\u00a0c\u2019est la wilaya de Boumerd\u00e8s, qui se charge de l\u2019acquisition des besoins en mati\u00e8res premi\u00e8res n\u00e9cessit\u00e9s pour l\u2019op\u00e9ration\u00a0\u00bb.<\/p>\n<p>A noter que la ministre de la Formation et de l\u2019Enseignement professionnels, Mme Hoyam Benfriha, a effectu\u00e9 une visite dans la wilaya, o\u00f9 elle a inspect\u00e9 l\u2019op\u00e9ration de production de ces bavettes au niveau des CFPA de Khmiss El Khechna, Hammadi et Ouled Moussa.\u00a0<\/p>\n<p>Auteur: elmoudjahid<br \/>\n<a href=\"http:\/\/www.elmoudjahid.com\/fr\/actualites\/150289\">Cliquez ici pour lire l&rsquo;article depuis sa source.<\/a><\/p>\n","protected":false},"excerpt":{"rendered":"<p>\u00ab\u00a0Des enseignants et stagiaires d\u2019un nombre de CFPA de la wilaya se sont lanc\u00e9s dans une op\u00e9ration de production de masques m\u00e9dicaux, suivant les normes pr\u00e9conis\u00e9es par l\u2019OMS. Ils sont destin\u00e9s \u00e0 \u00eatre distribu\u00e9s, gratuitement, \u00e0 diff\u00e9rents secteurs n\u00e9cessitant leur utilisation, selon les priorit\u00e9s exprim\u00e9es\u00a0\u00bb, a indiqu\u00e9 \u00e0 l\u2019APS Sadek Sa\u00e2dna. \u00ab\u00a0L\u2019initiative lanc\u00e9e, \u00e0 titre [&hellip;]<\/p>\n","protected":false},"author":1744,"featured_media":0,"comment_status":"closed","ping_status":"closed","sticky":false,"template":"","format":"standard","meta":{"fifu_image_url":"","fifu_image_alt":"","footnotes":""},"categories":[73,53],"tags":[],"class_list":["post-79996","post","type-post","status-publish","format-standard","hentry","category-actualite","category-algerie"],"_links":{"self":[{"href":"https:\/\/linitiative.ca\/International\/wp-json\/wp\/v2\/posts\/79996","targetHints":{"allow":["GET"]}}],"collection":[{"href":"https:\/\/linitiative.ca\/International\/wp-json\/wp\/v2\/posts"}],"about":[{"href":"https:\/\/linitiative.ca\/International\/wp-json\/wp\/v2\/types\/post"}],"author":[{"embeddable":true,"href":"https:\/\/linitiative.ca\/International\/wp-json\/wp\/v2\/users\/1744"}],"replies":[{"embeddable":true,"href":"https:\/\/linitiative.ca\/International\/wp-json\/wp\/v2\/comments?post=79996"}],"version-history":[{"count":0,"href":"https:\/\/linitiative.ca\/International\/wp-json\/wp\/v2\/posts\/79996\/revisions"}],"wp:attachment":[{"href":"https:\/\/linitiative.ca\/International\/wp-json\/wp\/v2\/media?parent=79996"}],"wp:term":[{"taxonomy":"category","embeddable":true,"href":"https:\/\/linitiative.ca\/International\/wp-json\/wp\/v2\/categories?post=79996"},{"taxonomy":"post_tag","embeddable":true,"href":"https:\/\/linitiative.ca\/International\/wp-json\/wp\/v2\/tags?post=79996"}],"curies":[{"name":"wp","href":"https:\/\/api.w.org\/{rel}","templated":true}]}}