{"id":79998,"date":"2020-03-24T08:25:27","date_gmt":"2020-03-24T12:25:27","guid":{"rendered":"https:\/\/linitiative.ca\/International\/divers-amateur-de-foot-le-musicien-manu-dibango-decede-des-suites-du-coronavirus\/"},"modified":"2020-03-24T08:25:27","modified_gmt":"2020-03-24T12:25:27","slug":"divers-amateur-de-foot-le-musicien-manu-dibango-decede-des-suites-du-coronavirus","status":"publish","type":"post","link":"https:\/\/linitiative.ca\/International\/divers-amateur-de-foot-le-musicien-manu-dibango-decede-des-suites-du-coronavirus\/","title":{"rendered":"Divers : Amateur de foot, le musicien Manu Dibango d\u00e9c\u00e8de des suites du coronavirus"},"content":{"rendered":"<div readability=\"32\">\n<p>Auteur : <span class=\"time\">mardi 24 mars 2020 11:49<\/span><\/p>\n<\/div>\n<div id=\"post_core\" readability=\"39\">\n<p>Le musicien Manu Dibango est d\u00e9c\u00e9d\u00e9 ce mardi des suites du Covid-19. Il avait connu la gloire mondiale gr\u00e2ce \u00e0 \u00ab\u00a0Soul Makossa\u00a0\u00bb, initialement sorti \u00e0 l&rsquo;occasion de la Coupe d&rsquo;Afrique des Nations 1972, au Cameroun, comme l&rsquo;indique France Football.<\/p>\n<p><img decoding=\"async\" alt=\"\" src=\"https:\/\/medias.lequipe.fr\/img-photo-jpg\/-dr\/1500000001320626\/0:0,300:295-665-0-70\/5a40e.jpg\" class=\"c1\"\/><\/p>\n<p><strong>Publi\u00e9 dans :<\/strong> <span>Manu Dibango<\/span><\/p>\n<\/div>\n<p>Auteur:<br \/>\n<a href=\"http:\/\/www.lebuteur.com\/article\/detail?titre=amateur-de-foot-le-musicien-manu-dibango-decede-des-suites-du-coronavirus&#038;id=95409&#038;utm_source=feedburner&#038;utm_medium=feed&#038;utm_campaign=Feed%3A+GalerieFArtciles+%28Les+derniers+articles++-+lebuteur.com%29\">Cliquez ici pour lire l&rsquo;article depuis sa source.<\/a><\/p>\n","protected":false},"excerpt":{"rendered":"<p>Auteur : mardi 24 mars 2020 11:49 Le musicien Manu Dibango est d\u00e9c\u00e9d\u00e9 ce mardi des suites du Covid-19. Il avait connu la gloire mondiale gr\u00e2ce \u00e0 \u00ab\u00a0Soul Makossa\u00a0\u00bb, initialement sorti \u00e0 l&rsquo;occasion de la Coupe d&rsquo;Afrique des Nations 1972, au Cameroun, comme l&rsquo;indique France Football. Publi\u00e9 dans : Manu Dibango Auteur: Cliquez ici pour [&hellip;]<\/p>\n","protected":false},"author":1738,"featured_media":80001,"comment_status":"closed","ping_status":"closed","sticky":false,"template":"","format":"standard","meta":{"fifu_image_url":"","fifu_image_alt":"","footnotes":""},"categories":[53,75],"tags":[],"class_list":["post-79998","post","type-post","status-publish","format-standard","has-post-thumbnail","hentry","category-algerie","category-sport"],"_links":{"self":[{"href":"https:\/\/linitiative.ca\/International\/wp-json\/wp\/v2\/posts\/79998","targetHints":{"allow":["GET"]}}],"collection":[{"href":"https:\/\/linitiative.ca\/International\/wp-json\/wp\/v2\/posts"}],"about":[{"href":"https:\/\/linitiative.ca\/International\/wp-json\/wp\/v2\/types\/post"}],"author":[{"embeddable":true,"href":"https:\/\/linitiative.ca\/International\/wp-json\/wp\/v2\/users\/1738"}],"replies":[{"embeddable":true,"href":"https:\/\/linitiative.ca\/International\/wp-json\/wp\/v2\/comments?post=79998"}],"version-history":[{"count":0,"href":"https:\/\/linitiative.ca\/International\/wp-json\/wp\/v2\/posts\/79998\/revisions"}],"wp:featuredmedia":[{"embeddable":true,"href":"https:\/\/linitiative.ca\/International\/wp-json\/"}],"wp:attachment":[{"href":"https:\/\/linitiative.ca\/International\/wp-json\/wp\/v2\/media?parent=79998"}],"wp:term":[{"taxonomy":"category","embeddable":true,"href":"https:\/\/linitiative.ca\/International\/wp-json\/wp\/v2\/categories?post=79998"},{"taxonomy":"post_tag","embeddable":true,"href":"https:\/\/linitiative.ca\/International\/wp-json\/wp\/v2\/tags?post=79998"}],"curies":[{"name":"wp","href":"https:\/\/api.w.org\/{rel}","templated":true}]}}