{"id":79999,"date":"2020-03-24T05:11:06","date_gmt":"2020-03-24T09:11:06","guid":{"rendered":"https:\/\/linitiative.ca\/International\/lalgerie-entre-dans-la-phase-3-du-plan-anti-covid-19-les-tests-de-depistage-limites-aux-sujets-a-risque\/"},"modified":"2020-03-24T05:11:06","modified_gmt":"2020-03-24T09:11:06","slug":"lalgerie-entre-dans-la-phase-3-du-plan-anti-covid-19-les-tests-de-depistage-limites-aux-sujets-a-risque","status":"publish","type":"post","link":"https:\/\/linitiative.ca\/International\/lalgerie-entre-dans-la-phase-3-du-plan-anti-covid-19-les-tests-de-depistage-limites-aux-sujets-a-risque\/","title":{"rendered":"L\u2019Alg\u00e9rie entre dans la phase 3 du plan anti Covid-19 : Les tests de d\u00e9pistage limit\u00e9s\u00a0aux sujets \u00e0 risque"},"content":{"rendered":"<h4 class=\"title-14\"\/>\n<div class=\"featured_image\"><img loading=\"lazy\" decoding=\"async\" width=\"1000\" height=\"494\" src=\"https:\/\/www.elwatan.com\/wp-content\/uploads\/2020\/03\/DEPIS.jpg\" class=\"attachment-post-thumbnail size-post-thumbnail wp-post-image\" alt=\"L\u2019Alg\u00e9rie entre dans la phase 3 du plan anti Covid-19 : Les tests de d\u00e9pistage limit\u00e9s\u00a0aux sujets \u00e0 risque\" srcset=\"https:\/\/www.elwatan.com\/wp-content\/uploads\/2020\/03\/DEPIS.jpg 1000w, https:\/\/www.elwatan.com\/wp-content\/uploads\/2020\/03\/DEPIS-300x148.jpg 300w, https:\/\/www.elwatan.com\/wp-content\/uploads\/2020\/03\/DEPIS-768x379.jpg 768w\" sizes=\"auto, (max-width: 1000px) 100vw, 1000px\"\/><\/div>\n<p class=\"p4\"><strong>L\u2019OMS a appel\u00e9 \u00e0 l\u2018intensification des tests de d\u00e9pistage du coronavirus <em>\u00abcomme meilleur moyen de ralentir la progression de la pand\u00e9mie de Covid-19\u00bb<\/em> il y a une semaine, en pr\u00e9cisant qu\u2019il fallait <em>\u00abtester chaque cas suspect de Covid-19 et isoler les cas positifs\u00bb<\/em>.<\/strong><\/p>\n<p class=\"p4\"><span class=\"s3\">F<\/span><span class=\"s4\">ace \u00e0 la propagation de l\u2019\u00e9pid\u00e9mie de Covid-19, tous les pays multiplient les moyens de pr\u00e9vention \u00e0 travers les mesures barri\u00e8res, le confinement et les tests de d\u00e9pistage. Ce dernier est soumis \u00e0 des conditions particuli\u00e8res adopt\u00e9es de mani\u00e8re diff\u00e9rente par chaque pays,\u00a0selon les moyens dont il dispose. Opter pour un d\u00e9pistage pr\u00e9coce et g\u00e9n\u00e9ralis\u00e9 semble d\u00e9pass\u00e9, bien que la probl\u00e9matique li\u00e9e aux sujets contacts asymptomatiques est toujours pos\u00e9e.<\/span><\/p>\n<p class=\"p7\"><span class=\"s4\">L\u2019OMS a appel\u00e9 \u00e0 l\u2019intensification des tests de d\u00e9pistage de coronavirus \u00ab<\/span><span class=\"s5\"><em>comme meilleur moyen de ralentir la progression de la pand\u00e9mie de Covid-19<\/em>\u00bb il y a une semaine, en pr\u00e9cisant qu\u2019il fallait \u00ab<em>tester chaque cas suspect de Covid-19 et isoler les cas positifs<\/em>\u00bb. Une recommandation que peu de pays ont appliqu\u00e9 \u00e0 la lettre.<\/span><\/p>\n<p class=\"p7\"><span class=\"s4\">En Alg\u00e9rie, le minist\u00e8re de la Sant\u00e9 a instruit ses services de \u00ab<em>limiter le d\u00e9pistage aux personnes symptomatiques r\u00e9pondant \u00e0 la d\u00e9finition du cas suspect de retour d\u2019une zone de circulation du virus et personnes symptomatiques contacts d\u2019un cas confirm\u00e9<\/em>\u00bb, une disposition adopt\u00e9e lors du passage au stade 2 du plan contre le Covid-19.<\/span><\/p>\n<p class=\"p8\"><span class=\"s4\">Qu\u2019en est-il aujourd\u2019hui avec le stade 3, qu\u2019en pensent les sp\u00e9cialistes\u00a0? <em>\u00abIl faut r\u00e9server ces tests \u00e0 ceux qui n\u00e9cessitent absolument d\u2019\u00eatre d\u00e9pist\u00e9s, notamment les sujets suspects et symptomatiques du Covid-19\u00bb,<\/em> d\u00e9clar\u00e9 le D<sup>r<\/sup> Fadhela Boulahbal, microbiologiste \u00e0 la retraite \u00e0 l\u2019Institut Pasteur d\u2019Alg\u00e9rie et membre de l\u2019Acad\u00e9mie alg\u00e9rienne des sciences et technologie.<\/span><\/p>\n<p class=\"p8\"><span class=\"s4\">Et de pr\u00e9ciser : <em>\u00abLe test doit \u00eatre \u00e9largi aux sujets contacts enqu\u00eat\u00e9s sans sympt\u00f4mes.\u00bb<\/em> <\/span><span class=\"s6\">Elle estime que pour \u00e9viter la propagation du virus, il est important de commencer par respecter les mesures barri\u00e8res, notamment l\u2019hygi\u00e8ne<\/span> <span class=\"s4\">des mains, les consignes relatives au confinement et tout autre mesure de pr\u00e9vention.<\/span><\/p>\n<p class=\"p8\"><span class=\"s4\">Elle d\u00e9plore au passage le port massif et exag\u00e9r\u00e9 de gants et de masques chirurgicaux par tous les citoyens qui sortent dans la rue. <em>\u00abCe n\u2019est pas en portant un masque et des gants qu\u2019on \u00e9vite d\u2019\u00eatre contamin\u00e9. Il faut se laver les mains plusieurs fois par jour, rester \u00e0 la maison et ne pas permettre au virus de s\u2019accrocher encore davantage. Il faut laisser ces \u00e9quipements \u00e0 ceux qui en ont vraiment besoin\u00bb,<\/em> <\/span><span class=\"s6\">a-t-elle d\u00e9plor\u00e9. Et d\u2019appeler \u00e0 un confinement g\u00e9n\u00e9ral de la population, qui semble indisciplin\u00e9e face \u00e0 une crise sanitaire mondiale<\/span><span class=\"s4\">.<\/span><\/p>\n<p class=\"p8\"><span class=\"s4\">Vu nos moyens, qui sont r\u00e9ellement r\u00e9duits, notamment pour l\u2019acquisition des r\u00e9actifs n\u00e9cessaires pour analyser les \u00e9chantillons, des cliniciens estiment qu\u2019il est difficile d\u2019instaurer un d\u00e9pistage pour un diagnostic pr\u00e9coce.<\/span><\/p>\n<p class=\"p8\"><span class=\"s4\">Le D<sup>r<\/sup> Mohamed Zeroual, infectiologue \u00e0 l\u2019h\u00f4pital d\u2019El Kettar, insiste sur le respect des mesures barri\u00e8res et le confinement pour casser la cha\u00eene de transmission en \u00e9voquant le risque de contamination pour les personnes atteintes de maladies chroniques, dont le nombre est important en Alg\u00e9rie. \u00ab<em>Il faut prendre le temps n\u00e9cessaire pour l\u2019indication du diagnostic, notamment d\u00e8s l\u2019apparition des premiers signes du Covid-19, conform\u00e9ment \u00e0 la d\u00e9finition du cas suspect\u00bb<\/em>, a-t-il not\u00e9.<\/span><\/p>\n<p class=\"p8\"><span class=\"s4\">Et de pr\u00e9ciser\u00a0: \u00ab<em>Il faut savoir que l\u2019on peut avoir de faux n\u00e9gatifs sur des sujets infect\u00e9s apr\u00e8s le test utilis\u00e9 actuellement par la PCR. Ce qui pose un s\u00e9rieux probl\u00e8me.\u00bb<\/em> <\/span><span class=\"s6\">Il a indiqu\u00e9 que le d\u00e9pistage de masse, comme cela a \u00e9t\u00e9 fait en Cor\u00e9e du Sud, n\u00e9cessite beaucoup de moyens\u00a0:<\/span> <span class=\"s4\"><em>\u00abC\u2019est pourquoi nous insistons sur une sensibilisation de tous pour respecter toutes les mesures de pr\u00e9vention et de protection en restant chez soi.\u00bb<\/em><\/span><\/p>\n<p><span class=\"post-views-label\">Post Views:<\/span> <span class=\"post-views-count\">444<\/span><\/p>\n<p><br class=\"c2\"\/><br class=\"c6\"\/><\/p>\n<p>Auteur: Anis Khecheba<br \/>\n<a href=\"https:\/\/www.elwatan.com\/edition\/actualite\/les-tests-de-depistage-limites-aux-sujets-a-risque-24-03-2020\">Cliquez ici pour lire l&rsquo;article depuis sa source.<\/a><\/p>\n","protected":false},"excerpt":{"rendered":"<p>L\u2019OMS a appel\u00e9 \u00e0 l\u2018intensification des tests de d\u00e9pistage du coronavirus \u00abcomme meilleur moyen de ralentir la progression de la pand\u00e9mie de Covid-19\u00bb il y a une semaine, en pr\u00e9cisant qu\u2019il fallait \u00abtester chaque cas suspect de Covid-19 et isoler les cas positifs\u00bb. Face \u00e0 la propagation de l\u2019\u00e9pid\u00e9mie de Covid-19, tous les pays multiplient [&hellip;]<\/p>\n","protected":false},"author":1743,"featured_media":80003,"comment_status":"closed","ping_status":"closed","sticky":false,"template":"","format":"standard","meta":{"fifu_image_url":"","fifu_image_alt":"","footnotes":""},"categories":[73,53],"tags":[],"class_list":["post-79999","post","type-post","status-publish","format-standard","has-post-thumbnail","hentry","category-actualite","category-algerie"],"_links":{"self":[{"href":"https:\/\/linitiative.ca\/International\/wp-json\/wp\/v2\/posts\/79999","targetHints":{"allow":["GET"]}}],"collection":[{"href":"https:\/\/linitiative.ca\/International\/wp-json\/wp\/v2\/posts"}],"about":[{"href":"https:\/\/linitiative.ca\/International\/wp-json\/wp\/v2\/types\/post"}],"author":[{"embeddable":true,"href":"https:\/\/linitiative.ca\/International\/wp-json\/wp\/v2\/users\/1743"}],"replies":[{"embeddable":true,"href":"https:\/\/linitiative.ca\/International\/wp-json\/wp\/v2\/comments?post=79999"}],"version-history":[{"count":0,"href":"https:\/\/linitiative.ca\/International\/wp-json\/wp\/v2\/posts\/79999\/revisions"}],"wp:featuredmedia":[{"embeddable":true,"href":"https:\/\/linitiative.ca\/International\/wp-json\/"}],"wp:attachment":[{"href":"https:\/\/linitiative.ca\/International\/wp-json\/wp\/v2\/media?parent=79999"}],"wp:term":[{"taxonomy":"category","embeddable":true,"href":"https:\/\/linitiative.ca\/International\/wp-json\/wp\/v2\/categories?post=79999"},{"taxonomy":"post_tag","embeddable":true,"href":"https:\/\/linitiative.ca\/International\/wp-json\/wp\/v2\/tags?post=79999"}],"curies":[{"name":"wp","href":"https:\/\/api.w.org\/{rel}","templated":true}]}}