{"id":80004,"date":"2020-03-23T15:55:00","date_gmt":"2020-03-23T19:55:00","guid":{"rendered":"https:\/\/linitiative.ca\/International\/le-ministere-de-la-communication-recadre-les-medias\/"},"modified":"2020-03-23T15:55:00","modified_gmt":"2020-03-23T19:55:00","slug":"le-ministere-de-la-communication-recadre-les-medias","status":"publish","type":"post","link":"https:\/\/linitiative.ca\/International\/le-ministere-de-la-communication-recadre-les-medias\/","title":{"rendered":"Le minist\u00e8re de la Communication recadre les m\u00e9dias"},"content":{"rendered":"<p><strong>Le minist\u00e8re de la Communication a appel\u00e9 l\u2019ensemble des m\u00e9dias nationaux \u00e0 diffuser les informations \u00e9manant uniquement du minist\u00e8re de la Sant\u00e9 et du comit\u00e9 scientifique, r\u00e9cemment install\u00e9, relatives \u00e0 l\u2019\u00e9volution du Coronavirus et \u00e0 la situation sanitaire g\u00e9n\u00e9rale et \u00e0 \u00e9viter l\u2019alarmisme qui attente \u00e0 l\u2019opinion publique et ce en application des instructions du Pr\u00e9sident de la R\u00e9publique.<\/strong><\/p>\n<p>\u00ab\u00a0En cette circonstance exceptionnelle que traverse le pays et le monde entier, le minist\u00e8re appelle tous les m\u00e9dias nationaux (presse \u00e9crite et audiovisuelle) \u00e0 diffuser les informations \u00e9manant du minist\u00e8re de la Sant\u00e9, de la Population et de la R\u00e9forme hospitali\u00e8re et du comit\u00e9 scientifique dont Pr. Djamel Fourar est porte-parole officiel, relatives \u00e0 l\u2019\u00e9volution de la pand\u00e9mie du Coronavirus et \u00e0 la situation sanitaire g\u00e9n\u00e9rale y aff\u00e9rente\u00a0\u00bb, a pr\u00e9cis\u00e9 le minist\u00e8re de la Communication dans un communiqu\u00e9 rendu public ce lundi.<\/p>\n<p>\u00ab\u00a0Cela intervient en application des instructions du Pr\u00e9sident de la R\u00e9publique prises lors de la r\u00e9union du Conseil des ministres, tenu le 22 mars 2020, fustigeant les voix d\u00e9faitistes qui s\u2019\u00e9l\u00e8vent pour d\u00e9moraliser les citoyens ainsi qu\u2019\u00e0 \u00e9viter les Fake news et la diffusion d\u2019informations infond\u00e9es\u00a0\u00bb, ajoute la m\u00eame source.<\/p>\n<p>\u00ab\u00a0Tout ce qui sera diffus\u00e9 en dehors de ce cadre sera consid\u00e9r\u00e9 comme un acte alarmiste et une information tendancieuse d\u00e9lib\u00e9r\u00e9e attentant aux citoyens et \u00e0 l\u2019opinion publique, dont l\u2019auteur assumera toute la responsabilit\u00e9 juridique et les poursuites judiciaires lanc\u00e9es \u00e0 son encontre\u00a0\u00bb, ajoute le communiqu\u00e9.<\/p>\n<p>Le minist\u00e8re a exprim\u00e9 sa conviction que \u00ab\u00a0les m\u00e9dias nationaux sont un partenaire \u00e0 m\u00eame d\u2019instaurer un climat de s\u00e9r\u00e9nit\u00e9 et d\u2019aider \u00e0 surpasser cette \u00e9preuve difficile, que nous esp\u00e9rons passag\u00e8re, gr\u00e2ce \u00e0 la conjugaison des efforts de l\u2019Etat, de son peuple et de ses institutions\u00a0\u00bb.<\/p>\n<p>Le pr\u00e9sident de la R\u00e9publique, Abdelmadjid Tebboune, avait d\u00e9cid\u00e9, jeudi dernier lors de la r\u00e9union compl\u00e9mentaire de la s\u00e9ance de travail du 17 mars, de doter l\u2019actuelle commission de vigilance et de suivi au minist\u00e8re de la Sant\u00e9, de la Population et de la R\u00e9forme hospitali\u00e8re d\u2019un comit\u00e9 scientifique de suivi de l\u2019\u00e9volution de la pand\u00e9mie du Coronavirus (COVID-19), compos\u00e9 d\u2019\u00e9minents m\u00e9decins sp\u00e9cialistes \u00e0 travers tout le territoire national sous la supervision du ministre de la Sant\u00e9, de la Population et de la R\u00e9forme hospitali\u00e8re, et dont la t\u00e2che consistera \u00e0 suivre l\u2019\u00e9volution de la pand\u00e9mie et \u00e0 en informer l\u2019opinion publique quotidiennement et de mani\u00e8re r\u00e9guli\u00e8re.<\/p>\n<p>L\u2019\u00e9pid\u00e9miologiste Pr. Djamel Fourar, Directeur g\u00e9n\u00e9ral de la pr\u00e9vention au minist\u00e8re de la sant\u00e9, a \u00e9t\u00e9 nomm\u00e9 samedi Porte-parole officiel de ce nouveau comit\u00e9 scientifique.<\/p>\n<p>Cette commission regroupe les ministres de la Sant\u00e9 et de la Communication, le ministre d\u00e9l\u00e9gu\u00e9 charg\u00e9 de l\u2019industrie pharmaceutique et nombre de sp\u00e9cialistes, notamment en infectiologie, pharmacie et m\u00e9decine pr\u00e9ventive.<\/p>\n<p>Auteur: Boudjedri<br \/>\n<a href=\"http:\/\/www.jeune-independant.net\/Le-ministere-de-la-Communication.html\">Cliquez ici pour lire l&rsquo;article depuis sa source.<\/a><\/p>\n","protected":false},"excerpt":{"rendered":"<p>Le minist\u00e8re de la Communication a appel\u00e9 l\u2019ensemble des m\u00e9dias nationaux \u00e0 diffuser les informations \u00e9manant uniquement du minist\u00e8re de la Sant\u00e9 et du comit\u00e9 scientifique, r\u00e9cemment install\u00e9, relatives \u00e0 l\u2019\u00e9volution du Coronavirus et \u00e0 la situation sanitaire g\u00e9n\u00e9rale et \u00e0 \u00e9viter l\u2019alarmisme qui attente \u00e0 l\u2019opinion publique et ce en application des instructions du [&hellip;]<\/p>\n","protected":false},"author":1737,"featured_media":0,"comment_status":"closed","ping_status":"closed","sticky":false,"template":"","format":"standard","meta":{"fifu_image_url":"","fifu_image_alt":"","footnotes":""},"categories":[73,53],"tags":[],"class_list":["post-80004","post","type-post","status-publish","format-standard","hentry","category-actualite","category-algerie"],"_links":{"self":[{"href":"https:\/\/linitiative.ca\/International\/wp-json\/wp\/v2\/posts\/80004","targetHints":{"allow":["GET"]}}],"collection":[{"href":"https:\/\/linitiative.ca\/International\/wp-json\/wp\/v2\/posts"}],"about":[{"href":"https:\/\/linitiative.ca\/International\/wp-json\/wp\/v2\/types\/post"}],"author":[{"embeddable":true,"href":"https:\/\/linitiative.ca\/International\/wp-json\/wp\/v2\/users\/1737"}],"replies":[{"embeddable":true,"href":"https:\/\/linitiative.ca\/International\/wp-json\/wp\/v2\/comments?post=80004"}],"version-history":[{"count":0,"href":"https:\/\/linitiative.ca\/International\/wp-json\/wp\/v2\/posts\/80004\/revisions"}],"wp:attachment":[{"href":"https:\/\/linitiative.ca\/International\/wp-json\/wp\/v2\/media?parent=80004"}],"wp:term":[{"taxonomy":"category","embeddable":true,"href":"https:\/\/linitiative.ca\/International\/wp-json\/wp\/v2\/categories?post=80004"},{"taxonomy":"post_tag","embeddable":true,"href":"https:\/\/linitiative.ca\/International\/wp-json\/wp\/v2\/tags?post=80004"}],"curies":[{"name":"wp","href":"https:\/\/api.w.org\/{rel}","templated":true}]}}