{"id":80005,"date":"2020-03-24T08:25:35","date_gmt":"2020-03-24T12:25:35","guid":{"rendered":"https:\/\/linitiative.ca\/International\/international-le-real-madrid-sur-le-coup-pour-erling-haland\/"},"modified":"2020-03-24T08:25:35","modified_gmt":"2020-03-24T12:25:35","slug":"international-le-real-madrid-sur-le-coup-pour-erling-haland","status":"publish","type":"post","link":"https:\/\/linitiative.ca\/International\/international-le-real-madrid-sur-le-coup-pour-erling-haland\/","title":{"rendered":"International : Le Real Madrid sur le coup pour Erling H\u00e5land"},"content":{"rendered":"<div readability=\"32\">\n<p>Auteur : <span class=\"time\">mardi 24 mars 2020 12:25<\/span><\/p>\n<\/div>\n<div id=\"post_core\" readability=\"48\">\n<p>Pr\u00e9sente sur plusieurs dossiers, la Maison Blanche pourrait finalement se concentrer sur l&rsquo;attaquant du Borussia Dortmund Erling Braut H\u00e5land (19 ans), r\u00e9v\u00e8le le quotidien Marca et Maxifoot.<\/p>\n<p>D\u2019une part, car l\u2019ancien de Salzbourg impressionne de par ses statistiques et son jeune \u00e2ge. Mais ce n\u2019est pas tout. Pour l\u2019heure, le Norv\u00e9gien fait office de candidat le plus accessible sur le papier. En effet, des pistes comme Timo Werner (Leipzig) et Lautaro Martinez (Inter Milan) semblent bien parties pour rejoindre d\u2019autres clubs, en Premier League pour l&rsquo;Allemand et le FC Barcelone pour l&rsquo;Argentin. Quant \u00e0 Kylian Mbapp\u00e9 (PSG), la cible privil\u00e9gi\u00e9e des supporters, les Merengue ne se font aucune illusion quant \u00e0 leurs chances de l\u2019attirer avant 2021\u2026<\/p>\n<p><strong>Publi\u00e9 dans :<\/strong> <span>real madrid<\/span><\/p>\n<\/div>\n<p>Auteur:<br \/>\n<a href=\"http:\/\/www.lebuteur.com\/article\/detail?titre=le-real-madrid-sur-le-coup-pour-erling-haland&#038;id=95410&#038;utm_source=feedburner&#038;utm_medium=feed&#038;utm_campaign=Feed%3A+GalerieFArtciles+%28Les+derniers+articles++-+lebuteur.com%29\">Cliquez ici pour lire l&rsquo;article depuis sa source.<\/a><\/p>\n","protected":false},"excerpt":{"rendered":"<p>Auteur : mardi 24 mars 2020 12:25 Pr\u00e9sente sur plusieurs dossiers, la Maison Blanche pourrait finalement se concentrer sur l&rsquo;attaquant du Borussia Dortmund Erling Braut H\u00e5land (19 ans), r\u00e9v\u00e8le le quotidien Marca et Maxifoot. D\u2019une part, car l\u2019ancien de Salzbourg impressionne de par ses statistiques et son jeune \u00e2ge. Mais ce n\u2019est pas tout. Pour [&hellip;]<\/p>\n","protected":false},"author":1738,"featured_media":80010,"comment_status":"closed","ping_status":"closed","sticky":false,"template":"","format":"standard","meta":{"fifu_image_url":"","fifu_image_alt":"","footnotes":""},"categories":[53,75],"tags":[],"class_list":["post-80005","post","type-post","status-publish","format-standard","has-post-thumbnail","hentry","category-algerie","category-sport"],"_links":{"self":[{"href":"https:\/\/linitiative.ca\/International\/wp-json\/wp\/v2\/posts\/80005","targetHints":{"allow":["GET"]}}],"collection":[{"href":"https:\/\/linitiative.ca\/International\/wp-json\/wp\/v2\/posts"}],"about":[{"href":"https:\/\/linitiative.ca\/International\/wp-json\/wp\/v2\/types\/post"}],"author":[{"embeddable":true,"href":"https:\/\/linitiative.ca\/International\/wp-json\/wp\/v2\/users\/1738"}],"replies":[{"embeddable":true,"href":"https:\/\/linitiative.ca\/International\/wp-json\/wp\/v2\/comments?post=80005"}],"version-history":[{"count":0,"href":"https:\/\/linitiative.ca\/International\/wp-json\/wp\/v2\/posts\/80005\/revisions"}],"wp:featuredmedia":[{"embeddable":true,"href":"https:\/\/linitiative.ca\/International\/wp-json\/"}],"wp:attachment":[{"href":"https:\/\/linitiative.ca\/International\/wp-json\/wp\/v2\/media?parent=80005"}],"wp:term":[{"taxonomy":"category","embeddable":true,"href":"https:\/\/linitiative.ca\/International\/wp-json\/wp\/v2\/categories?post=80005"},{"taxonomy":"post_tag","embeddable":true,"href":"https:\/\/linitiative.ca\/International\/wp-json\/wp\/v2\/tags?post=80005"}],"curies":[{"name":"wp","href":"https:\/\/api.w.org\/{rel}","templated":true}]}}