{"id":80006,"date":"2020-03-23T19:00:00","date_gmt":"2020-03-23T23:00:00","guid":{"rendered":"https:\/\/linitiative.ca\/International\/appui-des-pme-et-des-micro-entreprises-signature-dune-convention-entre-le-cpa-et-le-fgar\/"},"modified":"2020-03-23T19:00:00","modified_gmt":"2020-03-23T23:00:00","slug":"appui-des-pme-et-des-micro-entreprises-signature-dune-convention-entre-le-cpa-et-le-fgar","status":"publish","type":"post","link":"https:\/\/linitiative.ca\/International\/appui-des-pme-et-des-micro-entreprises-signature-dune-convention-entre-le-cpa-et-le-fgar\/","title":{"rendered":"Appui des PME et des micro-entreprises : Signature d&rsquo;une convention entre  le CPA et le FGAR"},"content":{"rendered":"<p>S&rsquo;exprimant \u00e0 cette occasion, le directeur g\u00e9n\u00e9ral du CPA, Mohamed Dahmani, a estim\u00e9 que ces entreprises ont besoin d&rsquo;un financement par les banques et les institutions financi\u00e8res, affirmant que cette convention permet de renforcer le m\u00e9canisme de financement des PME et des micro-entreprises qui ont \u00e9t\u00e9 priv\u00e9es des financements bancaires.\u00a0<\/p>\n<p>Dans ce cadre, le responsable a fait \u00e9tat de la cr\u00e9ation d&rsquo;un nouveau type de cr\u00e9dit destin\u00e9 \u00e0 l&rsquo;appui de ces entreprises en coop\u00e9ration avec la Banque mondiale, ajoutant que cette derni\u00e8re prendra en charge le renforcement de ce m\u00e9canisme de financement pour d\u00e9velopper le rendement des PME.<\/p>\n<p>A ce propos, il a indiqu\u00e9 que le CPA travaillait en coordination avec des experts de la Banque mondiale, \u00e9num\u00e9rant sept agences ayant proc\u00e9d\u00e9 \u00e0 la commercialisation de ce type de cr\u00e9dits agr\u00e9\u00e9s par la Banque mondiale. Le CPA continuera \u00e0 offrir ses services \u00e0 travers ses 150 agences sur le territoire national, a d\u00e9clar\u00e9 M. Dahmani \u00e0 l&rsquo;APS, faisant savoir que les distributeurs automatiques resteront op\u00e9rationnels 24h\/24 et que les op\u00e9rations internationales via la Banque d&rsquo;Alg\u00e9rie seront \u00e9galement assur\u00e9es.<\/p>\n<p>Quant aux entreprises ayant d\u00e9pos\u00e9 des demandes de cr\u00e9dit, M. Dahmani a pr\u00e9cis\u00e9 que \u00abl&rsquo;examen des dossiers \u00e9tait en cours, et il n&rsquo;y a ni rupture ni gel sur ce plan\u00bb.<\/p>\n<p>Auteur: elmoudjahid<br \/>\n<a href=\"http:\/\/www.elmoudjahid.com\/fr\/actualites\/150291\">Cliquez ici pour lire l&rsquo;article depuis sa source.<\/a><\/p>\n","protected":false},"excerpt":{"rendered":"<p>S&rsquo;exprimant \u00e0 cette occasion, le directeur g\u00e9n\u00e9ral du CPA, Mohamed Dahmani, a estim\u00e9 que ces entreprises ont besoin d&rsquo;un financement par les banques et les institutions financi\u00e8res, affirmant que cette convention permet de renforcer le m\u00e9canisme de financement des PME et des micro-entreprises qui ont \u00e9t\u00e9 priv\u00e9es des financements bancaires.\u00a0 Dans ce cadre, le responsable [&hellip;]<\/p>\n","protected":false},"author":1744,"featured_media":0,"comment_status":"closed","ping_status":"closed","sticky":false,"template":"","format":"standard","meta":{"fifu_image_url":"","fifu_image_alt":"","footnotes":""},"categories":[73,53],"tags":[],"class_list":["post-80006","post","type-post","status-publish","format-standard","hentry","category-actualite","category-algerie"],"_links":{"self":[{"href":"https:\/\/linitiative.ca\/International\/wp-json\/wp\/v2\/posts\/80006","targetHints":{"allow":["GET"]}}],"collection":[{"href":"https:\/\/linitiative.ca\/International\/wp-json\/wp\/v2\/posts"}],"about":[{"href":"https:\/\/linitiative.ca\/International\/wp-json\/wp\/v2\/types\/post"}],"author":[{"embeddable":true,"href":"https:\/\/linitiative.ca\/International\/wp-json\/wp\/v2\/users\/1744"}],"replies":[{"embeddable":true,"href":"https:\/\/linitiative.ca\/International\/wp-json\/wp\/v2\/comments?post=80006"}],"version-history":[{"count":0,"href":"https:\/\/linitiative.ca\/International\/wp-json\/wp\/v2\/posts\/80006\/revisions"}],"wp:attachment":[{"href":"https:\/\/linitiative.ca\/International\/wp-json\/wp\/v2\/media?parent=80006"}],"wp:term":[{"taxonomy":"category","embeddable":true,"href":"https:\/\/linitiative.ca\/International\/wp-json\/wp\/v2\/categories?post=80006"},{"taxonomy":"post_tag","embeddable":true,"href":"https:\/\/linitiative.ca\/International\/wp-json\/wp\/v2\/tags?post=80006"}],"curies":[{"name":"wp","href":"https:\/\/api.w.org\/{rel}","templated":true}]}}