{"id":80007,"date":"2020-03-24T05:12:41","date_gmt":"2020-03-24T09:12:41","guid":{"rendered":"https:\/\/linitiative.ca\/International\/epicentre-de-lepidemie-du-coronavirus-blida-se-confine-le-pire-est-a-craindre\/"},"modified":"2020-03-24T05:12:41","modified_gmt":"2020-03-24T09:12:41","slug":"epicentre-de-lepidemie-du-coronavirus-blida-se-confine-le-pire-est-a-craindre","status":"publish","type":"post","link":"https:\/\/linitiative.ca\/International\/epicentre-de-lepidemie-du-coronavirus-blida-se-confine-le-pire-est-a-craindre\/","title":{"rendered":"\u00c9picentre de l\u2019\u00e9pid\u00e9mie du Coronavirus, Blida se confine : \u00abLe pire est \u00e0 craindre\u2026\u00bb"},"content":{"rendered":"<h4 class=\"title-14\"\/>\n<div class=\"featured_image\"><img loading=\"lazy\" decoding=\"async\" width=\"1200\" height=\"551\" src=\"https:\/\/www.elwatan.com\/wp-content\/uploads\/2020\/03\/BLIDA.jpg\" class=\"attachment-post-thumbnail size-post-thumbnail wp-post-image\" alt=\"\" srcset=\"https:\/\/www.elwatan.com\/wp-content\/uploads\/2020\/03\/BLIDA.jpg 1200w, https:\/\/www.elwatan.com\/wp-content\/uploads\/2020\/03\/BLIDA-300x138.jpg 300w, https:\/\/www.elwatan.com\/wp-content\/uploads\/2020\/03\/BLIDA-768x353.jpg 768w, https:\/\/www.elwatan.com\/wp-content\/uploads\/2020\/03\/BLIDA-1024x470.jpg 1024w\" sizes=\"auto, (max-width: 1200px) 100vw, 1200px\"\/><\/div>\n<p class=\"p1\"><span class=\"s1\"><strong>Centre de l\u2019\u00e9pid\u00e9mie du Covid-19, la ville de Blida se porte mal. Elle se confine petit \u00e0 petit, m\u00eame si certains de ses habitants restent encore r\u00e9calcitrants. A l\u2019unit\u00e9 m\u00e9dico-chirurgicale de l\u2019h\u00f4pital Frantz Fanon, o\u00f9 14 patients transf\u00e9r\u00e9s des \u00e9tablissements de sant\u00e9 de Boufarik, d\u2019El Affroun et Blida, pour d\u00e9tresse respiratoire li\u00e9e au coronavirus, l\u2019\u00e9quipe m\u00e9dicale m\u00e8ne un v\u00e9ritable combat contre la mort. Le professeur Rabea Benaida appelle la population <em>\u00ab\u00e0 rester \u00e0 la maison pour \u00e9viter la situation du pire avec le pic qui interviendra dans les trois semaines \u00e0 venir\u00bb.<\/em> Tr\u00e8s inqui\u00e8te, elle explique que cette pand\u00e9mie <em>\u00abnous r\u00e9serve des surprises\u00bb.<\/em><\/strong><\/span><\/p>\n<p class=\"p1\"><span class=\"s2\">D<\/span>es commerces aux rideaux baiss\u00e9s, les march\u00e9s publics ferm\u00e9s, la circulation automobile tr\u00e8s fluide et quelques pi\u00e9tons \u2013 nez et bouche couverts d\u2019un masque \u2013 devant les \u00e9piceries faisant leurs emplettes. C\u2019est l\u2019image donn\u00e9e hier, en ce premier jour de confinement, par la ville de Blida, qui compte le plus grand nombre de personnes affect\u00e9es par le coronavirus (Covid-19) ou d\u00e9c\u00e9d\u00e9es.<\/p>\n<p class=\"p1\">La grande agglom\u00e9ration aux senteurs de rose \u00e9tait morose et ne d\u00e9gageait qu\u2019inqui\u00e9tude et peur, en ce d\u00e9but de semaine aux horizons incertains. La route vers l\u2019h\u00f4pital Frantz Fanon est presque vide. Quelques policiers, dot\u00e9s de masques et de gants, sont pr\u00e9sents au niveau des carrefours boud\u00e9s par les automobilistes. La vie dans les grandes art\u00e8res est au ralentie.<\/p>\n<p class=\"p1\">Nous sommes \u00e0 quelques m\u00e8tres de l\u2019h\u00f4pital, o\u00f9 ont s\u00e9journ\u00e9 les huit citoyens de Blida d\u00e9c\u00e9d\u00e9s du coronavirus. L\u2019odeur de l\u2019eau de Javel agresse les narines alors que les belles all\u00e9es arboris\u00e9es de cet \u00e9tablissement, habituellement encombr\u00e9es par les automobilistes, sont carr\u00e9ment libres. Mais cela n\u2019est pas le cas aux alentours du centre anticancer, o\u00f9 de nombreuses personnes se trouvent \u00e0 l\u2019entr\u00e9e ou dans le jardin situ\u00e9 \u00e0 c\u00f4t\u00e9. Le personnel m\u00e9dical est reconnaissable \u00e0 sa tenue, couleur<span class=\"Apple-converted-space\">\u00a0<\/span> bleu ciel, aux masques et aux gants.<\/p>\n<p class=\"p1\">A quelques centaines de m\u00e8tres, nous arrivons \u00e0 l\u2019UMC (urgence m\u00e9dico-chirurgicale), d\u00e9di\u00e9e aux patients en soins intensifs. Ici, on l\u2019appelle \u00abUMC Coro\u00bb, un nom qui fait peur. Dehors quelques personnes attendent et des agents de s\u00e9curit\u00e9 (portant des masques) veillent \u00e0 l\u2019ordre. Au rez-de-chauss\u00e9e, les \u00abtenues bleu azur\u00bb (personnel m\u00e9dical) font le va-et-vient, alors que des gens viennent demander des nouvelles, sans aucune protection, de leurs proches op\u00e9r\u00e9s et hospitalis\u00e9s. Les soins intensifs ne sont accessibles qu\u2019au personnel m\u00e9dical.<\/p>\n<p class=\"p1\">Nous longeons le couloir qui m\u00e8ne vers le chef de service. Blanc, bleu ciel ou bleu marine, peu importe. L\u2019essentiel est que la bouche et le nez soient bien prot\u00e9g\u00e9s par un masque. Tant\u00f4t au t\u00e9l\u00e9phone, tant\u00f4t \u00e9changeant des remarques et des directives, le professeur Rabea Benaida, assise derri\u00e8re son bureau, une bavette autour du cou, chapeaute ce service \u00abCoro\u00bb qui fait peur.<\/p>\n<p class=\"p1\"><strong>\u00abNous traversons une grave crise pand\u00e9mique\u00bb<\/strong><\/p>\n<p class=\"p1\">D\u2019embl\u00e9e elle nous d\u00e9clare : <em>\u00abJe n\u2019ai rien \u00e0 cacher. Il faut que les Alg\u00e9riens sachent ce qui se passe. Nous traversons une grave crise pand\u00e9mique. Ils ne peuvent nous aider qu\u2019en restant \u00e0 la maison et en \u00e9vitant de rendre visite aux malades. Pour leur sant\u00e9 et celle de leurs proches, qu\u2019ils s\u2019abstiennent de venir \u00e0 l\u2019h\u00f4pital.\u00bb<\/em><\/p>\n<p class=\"p1\">Elle r\u00e9pond au t\u00e9l\u00e9phone, puis donne des instructions \u00e0 sa secr\u00e9taire portant blouse bleue, masque, bonnet et gants. Elle fixe l\u2019heure d\u2019une intervention chirurgicale urgente, puis poursuit : <em>\u00abLorsque nous avons re\u00e7u le premier malade contamin\u00e9 par le Covid-19, nous \u00e9tions tous dans l\u2019expectative. Nous ne savions rien \u00e0 part aider le patient \u00e0 rester en vie. Nous commencions \u00e0 lire, \u00e0 nous informer sur ce virus et les protocoles de prise en charge. Nous n\u2019avions pas l\u2019habitude de ce genre d\u2019urgence.<\/em><\/p>\n<p class=\"p1\"><em>Puis, le nombre a augment\u00e9. Toutes les sp\u00e9cialit\u00e9s m\u00e9dicales sont concern\u00e9es. Le d\u00e9but a \u00e9t\u00e9 tr\u00e8s dur. Il nous arrivait de manquer de bavettes ou de blouses de protection, mais cela est d\u00fb \u00e0 l\u2019organisation. Nous avions eu des cas o\u00f9 apr\u00e8s le d\u00e9part de l\u2019\u00e9quipe de nuit, celle qui la rempla\u00e7ait, ne trouvait pas suffisamment de moyens de protection. Pour nous, c\u2019est vital. Pour soigner les malades, les m\u00e9decins doivent \u00eatre prot\u00e9g\u00e9s et en bonne sant\u00e9. Il y a eu une p\u00e9riode de flottement, mais la machine commence \u00e0 \u00eatre rod\u00e9e.<\/em><\/p>\n<p class=\"p1\"><em>Nous faisons en sorte d\u2019\u00e9viter toute rupture en \u00e9quipement. Je ne vous dis pas que c\u2019est tout beau. Il y a des manques que nous comblons au fur et \u00e0 mesure.\u00bb<\/em> Le P<sup>r<\/sup> Benaida pr\u00e9cise cependant : <em>\u00abSi la situation est plus ou moins ma\u00eetrisable aujourd\u2019hui, elle risque de ne plus l\u2019\u00eatre dans les jours \u00e0 venir avec un nombre de plus en plus important de malades en d\u00e9tresse respiratoire. Actuellement, nous avons 14 patients admis en soins intensifs. Ils ont \u00e9t\u00e9 transf\u00e9r\u00e9s des EPHP (\u00e9tablissement public hospitalier polyvalent, ndlr), d\u2019El Affroun, de Boufarik et de Fabor \u00e0 Blida.<\/em><\/p>\n<p class=\"p1\"><em>Notre unit\u00e9 ne re\u00e7oit que les cas en d\u00e9tresse de la wilaya de Blida. Nous avons perdu huit malades et rien n\u2019indique que les 14 qui sont sous respiration artificielle s\u2019en sortent, m\u00eame si un cas a pu survivre \u00e0 cette rude \u00e9preuve et trois patients ont regagn\u00e9 leurs domiciles. Nous avons pr\u00e9par\u00e9 deux nouvelles structures \u00e9quip\u00e9es, l\u2019une de l\u2019ORL et l\u2019autre de la chirurgie cardiaque adulte et enfant, pour qu\u2019elles soient affect\u00e9es \u00e0 la prise en charge des d\u00e9tresses respiratoires aigu\u00ebs li\u00e9es au coronavirus. Cela \u00e9largit nos capacit\u00e9s de prise en charge. Mais si les consignes de confinement ne sont pas respect\u00e9es, la situation risque d\u2019\u00e9chapper au contr\u00f4le.\u00bb<\/em><\/p>\n<p class=\"p6\"><strong>\u00abLa situation est grave\u00bb<\/strong><\/p>\n<p class=\"p6\">Notre interlocutrice exprime son inqui\u00e9tude face \u00e0 <em>\u00abl\u2019inconscience\u00bb<\/em> d\u2019une frange de la soci\u00e9t\u00e9. <em>\u00abLorsque je vois des cha\u00eenes pour le sachet de lait, des regroupements de jeunes dans les quartiers ou en bas des immeubles, cela me fait peur. La situation est grave\u00bb<\/em>, dit-elle d\u2019un ton qui laisse transpara\u00eetre de l\u2019inqui\u00e9tude.<\/p>\n<p class=\"p6\">Nous insistons sur les raisons d\u2019un tel pessimisme, le professeur finit par l\u00e2cher, les larmes aux yeux : <em>\u00abAujourd\u2019hui, j\u2019ai mis ma bavette parce que mon fils de 10 ans m\u2019a fait promettre de la mettre d\u00e8s que je rentre au service. En plus, j\u2019apprends que mon cardiologue a \u00e9t\u00e9 d\u00e9clar\u00e9 positif. Il y a une dizaine de jours, j\u2019ai \u00e9t\u00e9 \u00e0 son cabinet.<\/em><\/p>\n<p class=\"p6\"><em>Il me faisait des reproches pour n\u2019avoir pas quitt\u00e9 le secteur public. Aujourd\u2019hui, il est d\u00e9clar\u00e9 atteint du coronavirus. Il a \u00e0 peine 40 ans et je ne lui connais pas de maladies chroniques. Il va tr\u00e8s mal. C\u2019est pour vous dire que nous ne savons pas ce que nous r\u00e9serve cette \u00e9pid\u00e9mie. Si je m\u2019en tiens au premier patient que nous avons re\u00e7u le 10 mars en d\u00e9tresse respiratoire, le pic de cette pand\u00e9mie, du moins \u00e0 Blida, sera atteint d\u2019ici trois semaines. Les \u00e9tudes s\u00e9rieuses disent que pour conna\u00eetre ce pic, il faut 5 \u00e0 6 semaines d\u2019attente.<\/em><\/p>\n<p class=\"p6\"><em>Nous ne pourrons ma\u00eetriser la situation que si la population est consciente du danger et qu\u2019elle respecte scrupuleusement le confinement. Il faut emp\u00eacher la propagation du virus en restant chez soi. Sinon, nous vivrons le pire dans les jours \u00e0 venir.\u00bb<\/em> Pour notre interlocutrice, il <em>\u00abest urgent et n\u00e9cessaire de convaincre les citoyens de la n\u00e9cessit\u00e9 de prendre au s\u00e9rieux cette \u00e9pid\u00e9mie\u00bb<\/em> qui endeuille et risque d\u2019endeuiller davantage les familles alg\u00e9riennes.<\/p>\n<p class=\"p6\">Un appel t\u00e9l\u00e9phonique met un terme \u00e0 notre entretien. Nous quittons le service en laissant derri\u00e8re nous un personnel m\u00e9dical sur le qui-vive faisant face tant\u00f4t \u00e0 l\u2019agressivit\u00e9 des parents qui veulent \u00e0 tout prix rendre visite \u00e0 leurs malades, tant\u00f4t \u00e0 l\u2019inqui\u00e9tude qui p\u00e8se sur sa sant\u00e9. Dehors, les services d\u2019hygi\u00e8ne multiplient l\u2019arrosage \u00e0 l\u2019eau de Javel.<\/p>\n<p class=\"p6\">Bavette sur la bouche, eux aussi craignent pour leur vie. Il est d\u00e9j\u00e0 midi et l\u2019h\u00f4pital ne conna\u00eet pas l\u2019affluence habituelle, qui co\u00efncide avec le d\u00e9but des visites. Cette place mythique de la ville, \u00abplacette Ettoute\u00bb, semble avoir perdu son \u00e2me. On n\u2019y entend plus le bruit des pas des nombreux passants et les cris des enfants pourtant en vacances.<\/p>\n<p class=\"p6\">Endeuill\u00e9e par la perte de huit de ses enfants, la ville de Blida laisse para\u00eetre sa tristesse et sa peur. A quelques centaines de m\u00e8tres, des v\u00e9hicules dot\u00e9s de m\u00e9gaphone sillonnent les rues laissant entendre une voix masculine appelant la population \u00e0 rester chez elle. L\u2019image est frappante mais combien n\u00e9cessaire pour faire prendre conscience de ce danger mortel qui guette les habitants.<span class=\"Apple-converted-space\">\u00a0 \u00a0 \u00a0 \u00a0 \u00a0 \u00a0\u00a0<\/span><\/p>\n<p><span class=\"post-views-label\">Post Views:<\/span> <span class=\"post-views-count\">1\u00a0871<\/span><\/p>\n<p><br class=\"c2\"\/><br class=\"c6\"\/><\/p>\n<p>Auteur: Anis Khecheba<br \/>\n<a href=\"https:\/\/www.elwatan.com\/edition\/actualite\/649897-24-03-2020\">Cliquez ici pour lire l&rsquo;article depuis sa source.<\/a><\/p>\n","protected":false},"excerpt":{"rendered":"<p>Centre de l\u2019\u00e9pid\u00e9mie du Covid-19, la ville de Blida se porte mal. Elle se confine petit \u00e0 petit, m\u00eame si certains de ses habitants restent encore r\u00e9calcitrants. A l\u2019unit\u00e9 m\u00e9dico-chirurgicale de l\u2019h\u00f4pital Frantz Fanon, o\u00f9 14 patients transf\u00e9r\u00e9s des \u00e9tablissements de sant\u00e9 de Boufarik, d\u2019El Affroun et Blida, pour d\u00e9tresse respiratoire li\u00e9e au coronavirus, l\u2019\u00e9quipe [&hellip;]<\/p>\n","protected":false},"author":1743,"featured_media":80012,"comment_status":"closed","ping_status":"closed","sticky":false,"template":"","format":"standard","meta":{"fifu_image_url":"","fifu_image_alt":"","footnotes":""},"categories":[73,53],"tags":[],"class_list":["post-80007","post","type-post","status-publish","format-standard","has-post-thumbnail","hentry","category-actualite","category-algerie"],"_links":{"self":[{"href":"https:\/\/linitiative.ca\/International\/wp-json\/wp\/v2\/posts\/80007","targetHints":{"allow":["GET"]}}],"collection":[{"href":"https:\/\/linitiative.ca\/International\/wp-json\/wp\/v2\/posts"}],"about":[{"href":"https:\/\/linitiative.ca\/International\/wp-json\/wp\/v2\/types\/post"}],"author":[{"embeddable":true,"href":"https:\/\/linitiative.ca\/International\/wp-json\/wp\/v2\/users\/1743"}],"replies":[{"embeddable":true,"href":"https:\/\/linitiative.ca\/International\/wp-json\/wp\/v2\/comments?post=80007"}],"version-history":[{"count":0,"href":"https:\/\/linitiative.ca\/International\/wp-json\/wp\/v2\/posts\/80007\/revisions"}],"wp:featuredmedia":[{"embeddable":true,"href":"https:\/\/linitiative.ca\/International\/wp-json\/"}],"wp:attachment":[{"href":"https:\/\/linitiative.ca\/International\/wp-json\/wp\/v2\/media?parent=80007"}],"wp:term":[{"taxonomy":"category","embeddable":true,"href":"https:\/\/linitiative.ca\/International\/wp-json\/wp\/v2\/categories?post=80007"},{"taxonomy":"post_tag","embeddable":true,"href":"https:\/\/linitiative.ca\/International\/wp-json\/wp\/v2\/tags?post=80007"}],"curies":[{"name":"wp","href":"https:\/\/api.w.org\/{rel}","templated":true}]}}