{"id":80008,"date":"2020-03-24T04:00:00","date_gmt":"2020-03-24T08:00:00","guid":{"rendered":"https:\/\/linitiative.ca\/International\/le-communique-de-liberte\/"},"modified":"2020-03-24T04:00:00","modified_gmt":"2020-03-24T08:00:00","slug":"le-communique-de-liberte","status":"publish","type":"post","link":"https:\/\/linitiative.ca\/International\/le-communique-de-liberte\/","title":{"rendered":"Le communiqu\u00e9 de Libert\u00e9"},"content":{"rendered":"<div id=\"originalText\" readability=\"59.0079079799\">\n<p>Nous informons nos lecteurs que l\u2019absence du journal Libert\u00e9 des \u00e9tals hier et\/ou avant-hier est due \u00e0 la r\u00e9duction ou la cessation de l\u2019activit\u00e9 de certains distributeurs desservant les r\u00e9gions o\u00f9 notre journal, \u00e0 l\u2019instar d\u2019autres titres de la presse \u00e9crite, n\u2019\u00e9tait pas disponible.<\/p>\n<p>Nos partenaires charg\u00e9s de la distribution ont \u00e9t\u00e9 accul\u00e9s \u00e0 prendre cette d\u00e9cision, en raison de la crise sanitaire mondiale qui touche d\u00e9sormais notre pays, sachant que, par ailleurs, beaucoup de buralistes ont pris la d\u00e9cision de fermer leurs kiosques \u00e0 titre pr\u00e9ventif.<\/p>\n<p>Nous assurons nos lecteurs que nos \u00e9quipes restent mobilis\u00e9es pour continuer \u00e0 les informer, en d\u00e9pit des difficult\u00e9s induites par cette situation exceptionnelle, et que Libert\u00e9 sera disponible partout o\u00f9 sa distribution ne connait pas de perturbation.<\/p>\n<p>Nous rappelons que nos \u00e9ditions enti\u00e8res peuvent \u00eatre consult\u00e9es sur notre site web\u00a0: <strong><a href=\"https:\/\/www.liberte-algerie.com\" target=\"_blank\" rel=\"noopener noreferrer\">www.liberte-algerie.com<\/a><\/strong> o\u00f9 les lecteurs trouveront \u00e9galement l\u2019essentiel de l\u2019actualit\u00e9 tout au long de la journ\u00e9e.<\/p>\n<p class=\"c6\">\u00a0 \u00a0 \u00a0 \u00a0 \u00a0 \u00a0 \u00a0 \u00a0 \u00a0 \u00a0 \u00a0 \u00a0 \u00a0 \u00a0 \u00a0 \u00a0 \u00a0 \u00a0 \u00a0 \u00a0 \u00a0 \u00a0 \u00a0 \u00a0 \u00a0 \u00a0 \u00a0 \u00a0 \u00a0 \u00a0 \u00a0 \u00a0 \u00a0 \u00a0 \u00a0 \u00a0 \u00a0 \u00a0 \u00a0 \u00a0 \u00a0 \u00a0 \u00a0 \u00a0 \u00a0 \u00a0 \u00a0 \u00a0 \u00a0 \u00a0 \u00a0 \u00a0 \u00a0 \u00a0 \u00a0 \u00a0 \u00a0 \u00a0 \u00a0 \u00a0 \u00a0 \u00a0 \u00a0 \u00a0 \u00a0 \u00a0 \u00a0 \u00a0 \u00a0 \u00a0 \u00a0 \u00a0 \u00a0 \u00a0 \u00a0 \u00a0 \u00a0 \u00a0 \u00a0 \u00a0 \u00a0 \u00a0 \u00a0 \u00a0 \u00a0 \u00a0 \u00a0 \u00a0 \u00a0 \u00a0 \u00a0 \u00a0 \u00a0 \u00a0 \u00a0 \u00a0 \u00a0 \u00a0 \u00a0 \u00a0 <strong>\u00a0 \u00a0 \u00a0 \u00a0 \u00a0 \u00a0\u00a0Libert\u00e9<\/strong><\/p>\n<\/div>\n<div id=\"text_core\" readability=\"59.0079079799\">\n<p>Nous informons nos lecteurs que l\u2019absence du journal Libert\u00e9 des \u00e9tals hier et\/ou avant-hier est due \u00e0 la r\u00e9duction ou la cessation de l\u2019activit\u00e9 de certains distributeurs desservant les r\u00e9gions o\u00f9 notre journal, \u00e0 l\u2019instar d\u2019autres titres de la presse \u00e9crite, n\u2019\u00e9tait pas disponible.<\/p>\n<p>Nos partenaires charg\u00e9s de la distribution ont \u00e9t\u00e9 accul\u00e9s \u00e0 prendre cette d\u00e9cision, en raison de la crise sanitaire mondiale qui touche d\u00e9sormais notre pays, sachant que, par ailleurs, beaucoup de buralistes ont pris la d\u00e9cision de fermer leurs kiosques \u00e0 titre pr\u00e9ventif.<\/p>\n<p>Nous assurons nos lecteurs que nos \u00e9quipes restent mobilis\u00e9es pour continuer \u00e0 les informer, en d\u00e9pit des difficult\u00e9s induites par cette situation exceptionnelle, et que Libert\u00e9 sera disponible partout o\u00f9 sa distribution ne connait pas de perturbation.<\/p>\n<p>Nous rappelons que nos \u00e9ditions enti\u00e8res peuvent \u00eatre consult\u00e9es sur notre site web\u00a0: <strong><a href=\"https:\/\/www.liberte-algerie.com\" target=\"_blank\" rel=\"noopener noreferrer\">www.liberte-algerie.com<\/a><\/strong> o\u00f9 les lecteurs trouveront \u00e9galement l\u2019essentiel de l\u2019actualit\u00e9 tout au long de la journ\u00e9e.<\/p>\n<p class=\"c6\">\u00a0 \u00a0 \u00a0 \u00a0 \u00a0 \u00a0 \u00a0 \u00a0 \u00a0 \u00a0 \u00a0 \u00a0 \u00a0 \u00a0 \u00a0 \u00a0 \u00a0 \u00a0 \u00a0 \u00a0 \u00a0 \u00a0 \u00a0 \u00a0 \u00a0 \u00a0 \u00a0 \u00a0 \u00a0 \u00a0 \u00a0 \u00a0 \u00a0 \u00a0 \u00a0 \u00a0 \u00a0 \u00a0 \u00a0 \u00a0 \u00a0 \u00a0 \u00a0 \u00a0 \u00a0 \u00a0 \u00a0 \u00a0 \u00a0 \u00a0 \u00a0 \u00a0 \u00a0 \u00a0 \u00a0 \u00a0 \u00a0 \u00a0 \u00a0 \u00a0 \u00a0 \u00a0 \u00a0 \u00a0 \u00a0 \u00a0 \u00a0 \u00a0 \u00a0 \u00a0 \u00a0 \u00a0 \u00a0 \u00a0 \u00a0 \u00a0 \u00a0 \u00a0 \u00a0 \u00a0 \u00a0 \u00a0 \u00a0 \u00a0 \u00a0 \u00a0 \u00a0 \u00a0 \u00a0 \u00a0 \u00a0 \u00a0 \u00a0 \u00a0 \u00a0 \u00a0 \u00a0 \u00a0 \u00a0 \u00a0 <strong>\u00a0 \u00a0 \u00a0 \u00a0 \u00a0 \u00a0\u00a0Libert\u00e9<\/strong><\/p>\n<\/div>\n<p>Auteur:<br \/>\n<a href=\"https:\/\/www.liberte-algerie.com\/actualite\/le-communique-de-liberte-336475\">Cliquez ici pour lire l&rsquo;article depuis sa source.<\/a><\/p>\n","protected":false},"excerpt":{"rendered":"<p>Nous informons nos lecteurs que l\u2019absence du journal Libert\u00e9 des \u00e9tals hier et\/ou avant-hier est due \u00e0 la r\u00e9duction ou la cessation de l\u2019activit\u00e9 de certains distributeurs desservant les r\u00e9gions o\u00f9 notre journal, \u00e0 l\u2019instar d\u2019autres titres de la presse \u00e9crite, n\u2019\u00e9tait pas disponible. Nos partenaires charg\u00e9s de la distribution ont \u00e9t\u00e9 accul\u00e9s \u00e0 prendre [&hellip;]<\/p>\n","protected":false},"author":1742,"featured_media":0,"comment_status":"closed","ping_status":"closed","sticky":false,"template":"","format":"standard","meta":{"fifu_image_url":"","fifu_image_alt":"","footnotes":""},"categories":[73,53],"tags":[],"class_list":["post-80008","post","type-post","status-publish","format-standard","hentry","category-actualite","category-algerie"],"_links":{"self":[{"href":"https:\/\/linitiative.ca\/International\/wp-json\/wp\/v2\/posts\/80008","targetHints":{"allow":["GET"]}}],"collection":[{"href":"https:\/\/linitiative.ca\/International\/wp-json\/wp\/v2\/posts"}],"about":[{"href":"https:\/\/linitiative.ca\/International\/wp-json\/wp\/v2\/types\/post"}],"author":[{"embeddable":true,"href":"https:\/\/linitiative.ca\/International\/wp-json\/wp\/v2\/users\/1742"}],"replies":[{"embeddable":true,"href":"https:\/\/linitiative.ca\/International\/wp-json\/wp\/v2\/comments?post=80008"}],"version-history":[{"count":0,"href":"https:\/\/linitiative.ca\/International\/wp-json\/wp\/v2\/posts\/80008\/revisions"}],"wp:attachment":[{"href":"https:\/\/linitiative.ca\/International\/wp-json\/wp\/v2\/media?parent=80008"}],"wp:term":[{"taxonomy":"category","embeddable":true,"href":"https:\/\/linitiative.ca\/International\/wp-json\/wp\/v2\/categories?post=80008"},{"taxonomy":"post_tag","embeddable":true,"href":"https:\/\/linitiative.ca\/International\/wp-json\/wp\/v2\/tags?post=80008"}],"curies":[{"name":"wp","href":"https:\/\/api.w.org\/{rel}","templated":true}]}}