{"id":80011,"date":"2020-03-23T16:00:00","date_gmt":"2020-03-23T20:00:00","guid":{"rendered":"https:\/\/linitiative.ca\/International\/desinfection-et-sterilisation-la-regie-fonciere-de-la-ville-dalger-poursuit-les-operations\/"},"modified":"2020-03-23T16:00:00","modified_gmt":"2020-03-23T20:00:00","slug":"desinfection-et-sterilisation-la-regie-fonciere-de-la-ville-dalger-poursuit-les-operations","status":"publish","type":"post","link":"https:\/\/linitiative.ca\/International\/desinfection-et-sterilisation-la-regie-fonciere-de-la-ville-dalger-poursuit-les-operations\/","title":{"rendered":"<div>D\u00e9sinfection et st\u00e9rilisation : La R\u00e9gie fonci\u00e8re de la ville d&rsquo;Alger poursuit les op\u00e9rations<\/div>"},"content":{"rendered":"<p><br class=\"autobr\"\/><strong>La R\u00e9gie fonci\u00e8re de la ville d\u2019Alger (RFVA) poursuit les op\u00e9rations de d\u00e9sinfection et de st\u00e9rilisation des diff\u00e9rentes cit\u00e9s et quartiers et des structures au niveau des communes de la wilaya d\u2019Alger.<\/strong><\/p>\n<p><br class=\"autobr\"\/><br \/>\nEn application de l\u2019arr\u00eat\u00e9 de wilaya stipulant la d\u00e9sinfection et la st\u00e9rilisation des structures publiques et des quartiers dans le but de limiter la propagation du Covid-19 et en continuit\u00e9 du programme des op\u00e9rations relatives \u00e0 la d\u00e9sinfection et la st\u00e9rilisation des diff\u00e9rentes cit\u00e9s, quartiers et structures y relevant au niveau des communes de la wilaya d\u2019Alger, il a \u00e9t\u00e9 proc\u00e9d\u00e9, lundi matin, \u00e0 la mise en \u0153uvre des op\u00e9rations au niveau de la partie ouest, en l\u2019occurrence, la cit\u00e9 des 800 logements dans la commune de Beni Messous et \u00e0 la cit\u00e9 des 1000\/590 LGTS dans la commune de Ain Benian,\u00a0\u00bb, lit-on dans un communiqu\u00e9 publi\u00e9 sur la page Facebook de la wilaya.<\/p>\n<p><br class=\"autobr\"\/><br \/>\nLa m\u00eame source indique que dans ce cadre, il a \u00e9t\u00e9 proc\u00e9d\u00e9 \u00e9galement \u00e0 la d\u00e9sinfection et la st\u00e9rilisation de la cit\u00e9 des 100 logements \u00e0 Ain Na\u00e2dja , de la cit\u00e9 des 96 LGTS dans la commune de Hammamet et de la cit\u00e9 Abderahmane Mira \u00e0 Bab el Oued.<\/p>\n<p><br class=\"autobr\"\/><br \/>\nLes op\u00e9rations de d\u00e9sinfection ont cibl\u00e9 des immeubles, les parties communes, tels les escaliers, les halls d\u2019entr\u00e9e des immeubles, les places publiques ainsi que les parkings, ajoute le communiqu\u00e9.<\/p>\n<p><br class=\"autobr\"\/><br \/>\nLa RFVA a rassur\u00e9 quant \u00e0 la poursuite de la concr\u00e9tisation, au quotidien, de ces op\u00e9rations \u00e0 travers l\u2019ensemble des immeubles et des quartiers de la wilaya d\u2019Alger, et ce dans le cadre des mesures prises par la wilaya visant \u00e0 prot\u00e9ger la sant\u00e9 des citoyens du danger du Covid-19.<\/p>\n<p>Auteur: Boudjedri<br \/>\n<a href=\"http:\/\/www.jeune-independant.net\/Desinfection-et-sterilisation-La.html\">Cliquez ici pour lire l&rsquo;article depuis sa source.<\/a><\/p>\n","protected":false},"excerpt":{"rendered":"<p>La R\u00e9gie fonci\u00e8re de la ville d\u2019Alger (RFVA) poursuit les op\u00e9rations de d\u00e9sinfection et de st\u00e9rilisation des diff\u00e9rentes cit\u00e9s et quartiers et des structures au niveau des communes de la wilaya d\u2019Alger. En application de l\u2019arr\u00eat\u00e9 de wilaya stipulant la d\u00e9sinfection et la st\u00e9rilisation des structures publiques et des quartiers dans le but de limiter [&hellip;]<\/p>\n","protected":false},"author":1737,"featured_media":0,"comment_status":"closed","ping_status":"closed","sticky":false,"template":"","format":"standard","meta":{"fifu_image_url":"","fifu_image_alt":"","footnotes":""},"categories":[73,53],"tags":[],"class_list":["post-80011","post","type-post","status-publish","format-standard","hentry","category-actualite","category-algerie"],"_links":{"self":[{"href":"https:\/\/linitiative.ca\/International\/wp-json\/wp\/v2\/posts\/80011","targetHints":{"allow":["GET"]}}],"collection":[{"href":"https:\/\/linitiative.ca\/International\/wp-json\/wp\/v2\/posts"}],"about":[{"href":"https:\/\/linitiative.ca\/International\/wp-json\/wp\/v2\/types\/post"}],"author":[{"embeddable":true,"href":"https:\/\/linitiative.ca\/International\/wp-json\/wp\/v2\/users\/1737"}],"replies":[{"embeddable":true,"href":"https:\/\/linitiative.ca\/International\/wp-json\/wp\/v2\/comments?post=80011"}],"version-history":[{"count":0,"href":"https:\/\/linitiative.ca\/International\/wp-json\/wp\/v2\/posts\/80011\/revisions"}],"wp:attachment":[{"href":"https:\/\/linitiative.ca\/International\/wp-json\/wp\/v2\/media?parent=80011"}],"wp:term":[{"taxonomy":"category","embeddable":true,"href":"https:\/\/linitiative.ca\/International\/wp-json\/wp\/v2\/categories?post=80011"},{"taxonomy":"post_tag","embeddable":true,"href":"https:\/\/linitiative.ca\/International\/wp-json\/wp\/v2\/tags?post=80011"}],"curies":[{"name":"wp","href":"https:\/\/api.w.org\/{rel}","templated":true}]}}