{"id":80013,"date":"2020-03-23T17:29:42","date_gmt":"2020-03-23T21:29:42","guid":{"rendered":"https:\/\/linitiative.ca\/International\/230-cas-et-aucun-deces-en-24-heures\/"},"modified":"2020-03-23T17:29:42","modified_gmt":"2020-03-23T21:29:42","slug":"230-cas-et-aucun-deces-en-24-heures","status":"publish","type":"post","link":"https:\/\/linitiative.ca\/International\/230-cas-et-aucun-deces-en-24-heures\/","title":{"rendered":"230 cas et aucun d\u00e9c\u00e8s en 24 heures"},"content":{"rendered":"<p><strong>La pand\u00e9mie du coronavirus bouleverse le quotidien des Alg\u00e9riens, de plus en plus inquiets quant \u00e0 la propagation du virus dans le pays, o\u00f9 230 cas sont confirm\u00e9s selon le porte-parole du Comit\u00e9 scientifique de suivi de l\u2019\u00e9volution de la pand\u00e9mie du Coronavirus.<\/strong><\/p>\n<p>Le Pr Djamel Fourar a fait \u00e9tat ce , lors d\u2019un point de presse, de 29 nouveaux cas confirm\u00e9s au nouveau coronavirus, portant le nombre total des personnes contamin\u00e9es \u00e0 230.<\/p>\n<blockquote readability=\"9\">\n<p><em><strong><span class=\"c5\">Il a aussi affirm\u00e9 qu\u2019aucun d\u00e9c\u00e8s n\u2019a \u00e9t\u00e9 enregistr\u00e9 ces derni\u00e8res 24 heures. \u00ab\u00a0Le nombre demeure inchang\u00e9, soit 17 d\u00e9c\u00e8s, dont 8 \u00e0 Blida, soit 47% du nombre total.\u00a0\u00bb<\/span><\/strong><\/em><\/p>\n<\/blockquote>\n<p>Il a fait \u00e9galement \u00e9tat de trois-cent trente-deux (332) cas suspects en observation dans les h\u00f4pitaux. Et de pr\u00e9ciser que 45% des malades sont \u00e2g\u00e9s entre 25 et 49 ans, tandis que 30\u00a0% font partie des plus de 60 ans.<\/p>\n<p>Il est n\u00e9cessaire de noter que 90% des cas sont import\u00e9s d\u2019Europe.<\/p>\n<p>Le communiqu\u00e9 du minist\u00e8re de la Sant\u00e9 et de la Population r\u00e9v\u00e8le \u00e9galement que \u00ab\u00a0sur le total des cas confirm\u00e9s, 125 ont \u00e9t\u00e9 enregistr\u00e9s \u00e0 Blida, soit 54% du nombre total\u00a0\u00bb.<\/p>\n<p>Les autorit\u00e9s de la wilaya de Blida ont d\u2019ailleurs \u00e9mis une nouvelle d\u00e9cision pr\u00e9ventive portant fermeture de tous les commerces \u00e0 l\u2019exception des locaux de vente d\u2019alimentation g\u00e9n\u00e9rale, jusqu\u2019\u00e0 nouvel ordre, dans le but de freiner la propagation du Covid-19. Il est aussi dor\u00e9navant interdit de se d\u00e9placer en moto dans la wilaya de Blida.<\/p>\n<p>Dans le cadre des mesures prises pour lutter contre la propagation du nouveau coronavirus, le pr\u00e9sident de la R\u00e9publique a ordonn\u00e9 de consacrer 100 millions de dollars pour acc\u00e9l\u00e9rer l\u2019importation de tous les produits pharmaceutiques en quantit\u00e9 suffisante, voire davantage d\u2019\u00e9quipements de protection et d\u2019appareils d\u2019analyse chimique (test), avec la mise \u00e0 contribution de nos missions diplomatiques dans la recherche de leurs exportateurs \u00e0 travers le monde.<\/p>\n<p>Plus de 1,7 milliard de de personnes au total sont appel\u00e9es par les autorit\u00e9s dans de nombreux pays \u00e0 rester confin\u00e9es chez elles pour lutter contre la propagation du Covid-19.<\/p>\n<p>Le virologue chinois et chef du groupe d\u2019experts de Shanghai sur le Covid-19 Zhang Wenhong, a fait savoir que la Chine \u00e9tait parvenue \u00e0 stopper la propagation du virus apr\u00e8s avoir confin\u00e9 rapidement son \u00e9picentre, Wuhan, car la flamb\u00e9e initiale avait co\u00efncid\u00e9 avec les vacances du Nouvel An lunaire, lorsque les \u00e9coles et les entreprises devaient de toute fa\u00e7on fermer. Il a aussi soulign\u00e9 que taux de mortalit\u00e9 li\u00e9e au Covid-19 serait plus bas en Chine que dans le reste du monde.<\/p>\n<p>M.\u00a0Zhang a estim\u00e9 que l\u2019Europe doit se faire \u00e0 l\u2019id\u00e9e que la pand\u00e9mie du coronavirus ne se terminera pas prochainement, et se pr\u00e9parer \u00e0 un combat qui pourrait durer jusqu\u2019\u00e0 deux ans. Le virus pourrait m\u00eame r\u00e9appara\u00eetre apr\u00e8s sa disparition.<\/p>\n<p>Pour rappel, le COVID-19 a touch\u00e9 plus de 360 000 personnes dans 168 pays, faisant plus de 16 000 morts.<\/p>\n<p><span class=\"c6\">A lire aussi\u00a0:\u00a0<\/span><a data-cke-saved-=\"\" target=\"_blank\" href=\"http:\/\/www.jeune-independant.net\/Coronavirus-201-cas-confirmes-dont.html\" rel=\"noopener noreferrer\"><span class=\"c6\">CORONAVIRUS\u00a0: 201 CAS CONFIRM\u00c9S DONT 17 D\u00c9C\u00c8S<\/span><\/a><\/p>\n<p>Auteur: Boudjedri<br \/>\n<a href=\"http:\/\/www.jeune-independant.net\/230-cas-et-aucun-deces-en-24.html\">Cliquez ici pour lire l&rsquo;article depuis sa source.<\/a><\/p>\n","protected":false},"excerpt":{"rendered":"<p>La pand\u00e9mie du coronavirus bouleverse le quotidien des Alg\u00e9riens, de plus en plus inquiets quant \u00e0 la propagation du virus dans le pays, o\u00f9 230 cas sont confirm\u00e9s selon le porte-parole du Comit\u00e9 scientifique de suivi de l\u2019\u00e9volution de la pand\u00e9mie du Coronavirus. Le Pr Djamel Fourar a fait \u00e9tat ce , lors d\u2019un point [&hellip;]<\/p>\n","protected":false},"author":1737,"featured_media":0,"comment_status":"closed","ping_status":"closed","sticky":false,"template":"","format":"standard","meta":{"fifu_image_url":"","fifu_image_alt":"","footnotes":""},"categories":[73,53],"tags":[],"class_list":["post-80013","post","type-post","status-publish","format-standard","hentry","category-actualite","category-algerie"],"_links":{"self":[{"href":"https:\/\/linitiative.ca\/International\/wp-json\/wp\/v2\/posts\/80013","targetHints":{"allow":["GET"]}}],"collection":[{"href":"https:\/\/linitiative.ca\/International\/wp-json\/wp\/v2\/posts"}],"about":[{"href":"https:\/\/linitiative.ca\/International\/wp-json\/wp\/v2\/types\/post"}],"author":[{"embeddable":true,"href":"https:\/\/linitiative.ca\/International\/wp-json\/wp\/v2\/users\/1737"}],"replies":[{"embeddable":true,"href":"https:\/\/linitiative.ca\/International\/wp-json\/wp\/v2\/comments?post=80013"}],"version-history":[{"count":0,"href":"https:\/\/linitiative.ca\/International\/wp-json\/wp\/v2\/posts\/80013\/revisions"}],"wp:attachment":[{"href":"https:\/\/linitiative.ca\/International\/wp-json\/wp\/v2\/media?parent=80013"}],"wp:term":[{"taxonomy":"category","embeddable":true,"href":"https:\/\/linitiative.ca\/International\/wp-json\/wp\/v2\/categories?post=80013"},{"taxonomy":"post_tag","embeddable":true,"href":"https:\/\/linitiative.ca\/International\/wp-json\/wp\/v2\/tags?post=80013"}],"curies":[{"name":"wp","href":"https:\/\/api.w.org\/{rel}","templated":true}]}}