{"id":80014,"date":"2020-03-24T05:13:08","date_gmt":"2020-03-24T09:13:08","guid":{"rendered":"https:\/\/linitiative.ca\/International\/face-a-la-propagation-du-covid-19-couvre-feu-a-alger-et-blida-en-confinement-total\/"},"modified":"2020-03-24T05:13:08","modified_gmt":"2020-03-24T09:13:08","slug":"face-a-la-propagation-du-covid-19-couvre-feu-a-alger-et-blida-en-confinement-total","status":"publish","type":"post","link":"https:\/\/linitiative.ca\/International\/face-a-la-propagation-du-covid-19-couvre-feu-a-alger-et-blida-en-confinement-total\/","title":{"rendered":"Face \u00e0 la propagation du Covid-19 : Couvre-feu \u00e0 Alger et Blida en confinement total"},"content":{"rendered":"<h4 class=\"title-14\"\/>\n<div class=\"featured_image\"><img loading=\"lazy\" decoding=\"async\" width=\"1000\" height=\"530\" src=\"https:\/\/www.elwatan.com\/wp-content\/uploads\/2020\/03\/UNEEEE.jpg\" class=\"attachment-post-thumbnail size-post-thumbnail wp-post-image\" alt=\"\" srcset=\"https:\/\/www.elwatan.com\/wp-content\/uploads\/2020\/03\/UNEEEE.jpg 1000w, https:\/\/www.elwatan.com\/wp-content\/uploads\/2020\/03\/UNEEEE-300x159.jpg 300w, https:\/\/www.elwatan.com\/wp-content\/uploads\/2020\/03\/UNEEEE-768x407.jpg 768w\" sizes=\"auto, (max-width: 1000px) 100vw, 1000px\"\/><\/div>\n<p class=\"p1\"><span class=\"s1\"><strong>Le pr\u00e9sident Tebboune a, \u00e0 l\u2019issue d\u2019une r\u00e9union du Haut Conseil de s\u00e9curit\u00e9 hier, d\u00e9cid\u00e9 un certain nombre de mesures plus rigoureuses \u00e0 l\u2019effet de lutter contre la propagation de la pand\u00e9mie en Alg\u00e9rie.<\/strong><\/span><\/p>\n<p class=\"p1\"><span class=\"s1\"><strong>L<\/strong><\/span>es autorit\u00e9s annoncent de nouvelles mesures pour lutter contre la propagation du coronavirus dans le pays. R\u00e9uni hier \u00e0 Alger, le Haut Conseil de s\u00e9curit\u00e9 d\u00e9cide d\u2019abord de proc\u00e9der \u00e0 un confinement total de la wilaya de Blida pour une dur\u00e9e de 10 jours renouvelable, avec interdiction de sortie, sauf n\u00e9cessit\u00e9 absolue et sur autorisation de la gendarmerie ou de la police.<\/p>\n<p class=\"p2\">Selon le communiqu\u00e9 du Haut Conseil de s\u00e9curit\u00e9, des barrages seront dress\u00e9s \u00e0 l\u2019entr\u00e9e de la wilaya pour faire respecter cette d\u00e9cision et emp\u00eacher les entr\u00e9es et sorties. <span class=\"s2\"><em>\u00abDes mesures d\u2019exception seront prises pour assurer l\u2019approvisionnement de la population en produits sanitaires et alimentaires\u00bb<\/em>, lit-on dans ce communiqu\u00e9.<\/span><\/p>\n<p class=\"p2\"><span class=\"s2\">L\u2019autre mesure importante annonc\u00e9e porte sur l\u2019instauration d\u2019un couvre-feu, de 19h \u00e0 7h, \u00e0 Alger. <em>\u00abCette mesure sera \u00e9tendue \u00e0 toutes les wilayas o\u00f9 est apparu et o\u00f9 appara\u00eetra le virus, conform\u00e9ment aux observations quotidiennes du minist\u00e8re de la Sant\u00e9, de la Population et de la R\u00e9forme hospitali\u00e8re\u00bb,<\/em> ajoute-t-on dans le m\u00eame communiqu\u00e9, pr\u00e9cisant qu\u2019<em>\u00abun d\u00e9cret ex\u00e9cutif sera publi\u00e9 pour pr\u00e9ciser les dispositions pr\u00e9vues \u00e0 travers cet ensemble de mesures\u00bb<\/em>.<\/span><\/p>\n<p class=\"p2\"><span class=\"s2\">Le Haut Conseil de s\u00e9curit\u00e9 d\u00e9cide \u00e9galement d\u2019interdire tout rassemblement de plus de deux personnes. Cette mesure s\u2019appliquera aussi aux taxis ou tout autre moyen de transport priv\u00e9.<\/span><\/p>\n<p class=\"p2\"><span class=\"s2\">De plus, la mesure de lib\u00e9ration de 50% des effectifs est, selon la m\u00eame source, applicable \u00e9galement aux secteurs \u00e9conomiques et services publics et priv\u00e9s, dont les pertes occasionn\u00e9es seront examin\u00e9es et \u00e9valu\u00e9es pour une prise en charge ult\u00e9rieure par l\u2019Etat. D\u2019autres mesures avec effet imm\u00e9diat ont \u00e9t\u00e9 aussi prises.<\/span><\/p>\n<p class=\"p2\"><span class=\"s2\">Elles portent sur la fermeture de tous les caf\u00e9s, restaurants et magasins, \u00e0 l\u2019exception de ceux d\u2019alimentation (boulangeries, laiteries, \u00e9piceries, \u00e9tals de fruits et l\u00e9gumes). <em>\u00abTout contrevenant \u00e0 cette mesure de fermeture se verra retirer sa licence et porter sur une liste noire (blacklist\u00e9) et n\u2019aura plus aucune licence d\u2019exploitation\u00a0; pour les autres commer\u00e7ants, il s\u2019agira de la fermeture du local avec retrait du registre du commerce et interdiction d\u00e9finitive d\u2019exercer\u00bb,<\/em> pr\u00e9cise la m\u00eame source.<\/span><\/p>\n<p class=\"p2\"><span class=\"s2\">Les autorit\u00e9s ordonnent aussi la fermeture des salles des f\u00eates, de c\u00e9l\u00e9bration de festivit\u00e9s familiales et autres. <em>\u00abTout contrevenant s\u2019exposera, en cas de r\u00e9cidive, \u00e0 interpellation et sanction au motif de mise en danger d\u2019autrui\u00bb<\/em>, met en garde le communiqu\u00e9.<\/span><\/p>\n<p class=\"p2\"><span class=\"s2\">Selon le m\u00eame document, dans tout \u00e9tablissement et lieu recevant le public, doit \u00eatre respect\u00e9e une distance de s\u00e9curit\u00e9 obligatoire d\u2019au moins un m\u00e8tre entre les personnes, \u00e0 charge pour les administrations concern\u00e9es de veiller au respect de cette distance de s\u00e9curit\u00e9, au besoin en faisant appel \u00e0 la force publique.<\/span><\/p>\n<p class=\"p2\"><span class=\"s2\">Les taxis seront \u00e9galement interdits de circuler \u00e0 travers tout le territoire national. En cas d\u2019infraction, la licence de taxi sera retir\u00e9e au contrevenant. Les services des Douanes sont instruits, selon le m\u00eame document, \u00e0 l\u2019effet d\u2019all\u00e9ger les proc\u00e9dures de d\u00e9douanement des \u00e9quipements m\u00e9dicaux et produits sanitaires d\u00e9di\u00e9s \u00e0 la lutte contre le coronavirus Covid-19 \u00e0 travers la mise en place d\u2019un couloir vert.<\/span><\/p>\n<p><span class=\"post-views-label\">Post Views:<\/span> <span class=\"post-views-count\">2\u00a0884<\/span><\/p>\n<p><br class=\"c2\"\/><br class=\"c6\"\/><\/p>\n<p>Auteur: Anis Khecheba<br \/>\n<a href=\"https:\/\/www.elwatan.com\/edition\/actualite\/face-a-la-propagation-du-covid-19-couvre-feu-a-alger-et-blida-en-confinement-total-24-03-2020\">Cliquez ici pour lire l&rsquo;article depuis sa source.<\/a><\/p>\n","protected":false},"excerpt":{"rendered":"<p>Le pr\u00e9sident Tebboune a, \u00e0 l\u2019issue d\u2019une r\u00e9union du Haut Conseil de s\u00e9curit\u00e9 hier, d\u00e9cid\u00e9 un certain nombre de mesures plus rigoureuses \u00e0 l\u2019effet de lutter contre la propagation de la pand\u00e9mie en Alg\u00e9rie. Les autorit\u00e9s annoncent de nouvelles mesures pour lutter contre la propagation du coronavirus dans le pays. R\u00e9uni hier \u00e0 Alger, le [&hellip;]<\/p>\n","protected":false},"author":1743,"featured_media":80015,"comment_status":"closed","ping_status":"closed","sticky":false,"template":"","format":"standard","meta":{"fifu_image_url":"","fifu_image_alt":"","footnotes":""},"categories":[73,53],"tags":[],"class_list":["post-80014","post","type-post","status-publish","format-standard","has-post-thumbnail","hentry","category-actualite","category-algerie"],"_links":{"self":[{"href":"https:\/\/linitiative.ca\/International\/wp-json\/wp\/v2\/posts\/80014","targetHints":{"allow":["GET"]}}],"collection":[{"href":"https:\/\/linitiative.ca\/International\/wp-json\/wp\/v2\/posts"}],"about":[{"href":"https:\/\/linitiative.ca\/International\/wp-json\/wp\/v2\/types\/post"}],"author":[{"embeddable":true,"href":"https:\/\/linitiative.ca\/International\/wp-json\/wp\/v2\/users\/1743"}],"replies":[{"embeddable":true,"href":"https:\/\/linitiative.ca\/International\/wp-json\/wp\/v2\/comments?post=80014"}],"version-history":[{"count":0,"href":"https:\/\/linitiative.ca\/International\/wp-json\/wp\/v2\/posts\/80014\/revisions"}],"wp:featuredmedia":[{"embeddable":true,"href":"https:\/\/linitiative.ca\/International\/wp-json\/"}],"wp:attachment":[{"href":"https:\/\/linitiative.ca\/International\/wp-json\/wp\/v2\/media?parent=80014"}],"wp:term":[{"taxonomy":"category","embeddable":true,"href":"https:\/\/linitiative.ca\/International\/wp-json\/wp\/v2\/categories?post=80014"},{"taxonomy":"post_tag","embeddable":true,"href":"https:\/\/linitiative.ca\/International\/wp-json\/wp\/v2\/tags?post=80014"}],"curies":[{"name":"wp","href":"https:\/\/api.w.org\/{rel}","templated":true}]}}