{"id":80017,"date":"2020-03-23T17:48:41","date_gmt":"2020-03-23T21:48:41","guid":{"rendered":"https:\/\/linitiative.ca\/International\/covid-19-la-chine-a-t-elle-reellement-omis-de-declarer-lepidemie\/"},"modified":"2020-03-23T17:48:41","modified_gmt":"2020-03-23T21:48:41","slug":"covid-19-la-chine-a-t-elle-reellement-omis-de-declarer-lepidemie","status":"publish","type":"post","link":"https:\/\/linitiative.ca\/International\/covid-19-la-chine-a-t-elle-reellement-omis-de-declarer-lepidemie\/","title":{"rendered":"<div>Covid-19 : La Chine a-t-elle r\u00e9ellement omis de d\u00e9clarer l&rsquo;\u00e9pid\u00e9mie ?<\/div>"},"content":{"rendered":"<p><br class=\"autobr\"\/><strong>Depuis l\u2019apparition de l\u2019\u00e9pid\u00e9mie de pneumonie caus\u00e9e par le nouveau coronavirus, COVID-19, certains politiciens et m\u00e9dias am\u00e9ricains ne cessent, sans aucune preuve, d\u2019accuser la Chine de n\u2019avoir pas \u00ab\u00a0d\u00e9clarer \u00e0 temps l\u2019apparition de l\u2019\u00e9pid\u00e9mie\u00a0\u00bb.<\/strong><\/p>\n<p><br class=\"autobr\"\/><br \/>\nCe qui, selon eux, a rendu difficile \u00ab\u00a0la pr\u00e9vention de l\u2019\u00e9pid\u00e9mie \u00e0 l\u2019\u00e9chelle mondiale\u00a0\u00bb et \u00ab\u00a0caus\u00e9 des troubles et des pertes en vies humaines\u00a0\u00bb. Ces accusations qui visent \u00e0 culpabiliser la Chine, ne sont que des subterfuges de la part des Etats-Unis, tendant \u00e0 justifier leur retard et incapacit\u00e9 dans la riposte de la pand\u00e9mie de COVID-19. Une attitude malveillante qui ne cherche qu\u2019\u00e0 nuire \u00e0 l\u2019image de la Chine et cacher leur m\u00e9diocrit\u00e9.<\/p>\n<blockquote readability=\"12\">\n<p><br class=\"autobr\"\/><em><span class=\"c5\"><strong>Comment la Chine a-t-elle r\u00e9agi face \u00e0 l\u2019\u00e9pid\u00e9mie\u00a0? Les faits parlent d\u2019eux-m\u00eames. Depuis l\u2019apparition de l\u2019\u00e9pid\u00e9mie, la Chine a, sans tarder et en toute transparence, publi\u00e9 toutes les informations li\u00e9es \u00e0 cette \u00e9pid\u00e9mie. Elle a aussi men\u00e9 activement des coop\u00e9rations internationales, dans le souci d\u2019assurer la sant\u00e9 des Chinois et de sauvegarder la s\u00e9curit\u00e9 de la sant\u00e9 publique au niveau mondial.<\/strong><\/span><\/em><\/p>\n<\/blockquote>\n<p><br class=\"autobr\"\/><br \/>\nGr\u00e2ce aux efforts inlassables de tous les Chinois, la Chine a r\u00e9ussi \u00e0 contr\u00f4ler la propagation de l\u2019\u00e9pid\u00e9mie dans un peu plus d\u2019un moi. Le 18 mars, aucun cas n\u2019a \u00e9t\u00e9 signal\u00e9 dans la province du Hubei, autrefois consid\u00e9r\u00e9e comme l\u2019\u00e9picentre de l\u2019\u00e9pid\u00e9mie en Chine. Cette statistique confirme la tendance au mieux que connait actuellement la situation de l\u2019\u00e9pid\u00e9mie en Chine.<\/p>\n<p><br class=\"autobr\"\/><br \/>\nAvec autant d\u2019efforts et sacrifices, la Chine a cr\u00e9\u00e9 la premi\u00e8re ligne de d\u00e9fense pour la pr\u00e9vention et le contr\u00f4le de l\u2019\u00e9pid\u00e9mie dans le monde entier. Des sacrifices qui lui ont valu des \u00e9loges de la part de la communaut\u00e9 internationale. Le repr\u00e9sentant de l\u2019Organisation mondiale de la Sant\u00e9 (OMS) en Chine, Gauden Galea, qui, a vu de ses propres yeux de l\u2019\u00e9tat de la mise en \u0153uvre des mesures de pr\u00e9vention et de contr\u00f4le de l\u2019\u00e9pid\u00e9mie en Chine, n\u2019est pas rest\u00e9 sans commentaire, relevant quelques d\u00e9tails importants.<\/p>\n<p><br class=\"autobr\"\/><br \/>\nSelon lui, le bureau de l\u2019OMS en Chine a re\u00e7u le 31 d\u00e9cembre 2019, un jour avant la fermeture du March\u00e9 des fruits de mer du Sud de la Chine \u00e0 Wuhan, dans la province du Hubei, la premi\u00e8re annonce de la partie chinoise. Le 1er janvier, l\u2019OMS a organis\u00e9 une t\u00e9l\u00e9conf\u00e9rence \u00e0 laquelle ont particip\u00e9 son bureau en Chine, ses bureaux r\u00e9gionaux et son headquarter. Ils ont ensuite convenu d\u2019organiser un groupe de r\u00e9ponse \u00e0 la situation \u00e9pid\u00e9mique, en attendant la fin de la r\u00e9daction du rapport officiel de la Chine, pr\u00e9vue le 3 janvier. Les 20 et 21 janvier, les personnels de l\u2019OMS en Chine ont men\u00e9 des \u00e9tudes sur place \u00e0 Wuhan.<\/p>\n<p><br class=\"autobr\"\/><br \/>\nC\u2019est justement, gr\u00e2ce aux informations que la Chine a partag\u00e9es en temps opportun \u00e0 l\u2019OMS, que cette derni\u00e8re a pu analyser et \u00e9valuer la situation, et tirer la sonnette d\u2019alarme sur ce qui devrait \u00eatre une maladie d\u2019envergure mondiale. Gauden Galea a exp\u00e9riment\u00e9 les r\u00e9actions rapides de la Chine, dont l\u2019identification du virus et le partage de la s\u00e9quence g\u00e9nomique dans un bref d\u00e9lai, la mise en quarantaine d\u2019une ville enti\u00e8re, l\u2019\u00e9tablissement du m\u00e9canisme commun de pr\u00e9vention et de contr\u00f4le, ainsi que d\u2019autres mesures prouv\u00e9es efficaces. Wuhan s\u2019est sacrifi\u00e9, afin de laisser le temps de pr\u00e9paration \u00e0 d\u2019autres provinces de la Chine, ainsi qu\u2019\u00e0 d\u2019autres pays du monde.<\/p>\n<p><br class=\"autobr\"\/><br \/>\nLors d\u2019une r\u00e9union de l\u2019organe supr\u00eame de la Chine, le 18 mars \u00e0 Beijing, le pr\u00e9sident chinois Xi Jinping a r\u00e9it\u00e9r\u00e9 l\u2019importance \u00ab\u00a0d\u2019intensifier les coop\u00e9rations internationales dans la pr\u00e9vention et le contr\u00f4le de l\u2019\u00e9pid\u00e9mie, de travailler \u00e9troitement avec l\u2019OMS, et de renforcer l\u2019analyse et la pr\u00e9vision de l\u2019\u00e9volution de l\u2019\u00e9pid\u00e9mie\u00a0\u00bb. Il a aussi mis l\u2019accent sur la n\u00e9cessit\u00e9 \u00ab\u00a0de multiplier les \u00e9changes et les coop\u00e9rations sur la pr\u00e9vention et le contr\u00f4le de l\u2019\u00e9pid\u00e9mie avec tous les pays concern\u00e9s, et sur les possibilit\u00e9s d\u2019offrir davantage de soutiens\u00a0\u00bb. Ce qui a r\u00e9affirm\u00e9 les principes d\u2019ouverture, de transparence et de coop\u00e9ration, qui ont accompagn\u00e9 la Chine dans la lutte globale contre l\u2019\u00e9pid\u00e9mie.<\/p>\n<p><br class=\"autobr\"\/><br \/>\nAlors que certains politiciens continuent de discr\u00e9diter la Chine, la situation dans leur pays va de mal en pis.<\/p>\n<p><br class=\"autobr\"\/><br \/>\nOn s\u2019est aper\u00e7u que le gouvernement f\u00e9d\u00e9ral am\u00e9ricain a attendu environ deux mois avant d\u2019envisager l\u2019\u00ab\u00a0\u00e9tat d\u2019urgence\u00a0\u00bb pour faire face au COVID-19, pendant que le premier cas confirm\u00e9 \u00e9tait d\u00e9j\u00e0 port\u00e9 \u00e0 la connaissance du public le 20 janvier, p\u00e9riode durant laquelle la Chine a commenc\u00e9 sa lutte g\u00e9n\u00e9rale contre l\u2019\u00e9pid\u00e9mie. Pour l\u2019heure ce sont les Etats-Unis qui sont plus dans une situation \u00e9pid\u00e9mique que la Chine. On peut tout dire, mais la v\u00e9rit\u00e9 est que les responsables am\u00e9ricains ne veulent pas admettre que leur gouvernement ne s\u2019est pas montr\u00e9 responsable et r\u00e9actifs dans le d\u00e9pistage et le suivi des cas infect\u00e9s. On a \u00e9galement not\u00e9 des lacunes en mati\u00e8re de publication des informations relative \u00e0 la situation de COVID-19.<\/p>\n<p><br class=\"autobr\"\/><br \/>\nLe directeur du Centre am\u00e9ricain de Contr\u00f4le et de Pr\u00e9vention des maladies, Robert Redfield, avait r\u00e9cemment admis que son pays ne savait pas distinguer les morts de la grippe de ceux de COVID-19.<\/p>\n<p><br class=\"autobr\"\/><br \/>\n\u00a0<\/p>\n<p><br class=\"autobr\"\/><br \/>\nVoulant cacher les informations concernant la situation \u00e9pid\u00e9mique de leur propre pays, en interdisant des vols depuis les autres pays vers les Etats-Unis\u00a0; aussi en qualifiant le COVID-19 de \u00ab\u00a0virus de Wuhan\u00a0\u00bb ou \u00ab\u00a0virus chinois\u00a0\u00bb, les politiciens am\u00e9ricains sont devenus des \u00e9l\u00e9ments dangereux et d\u00e9stabilisateurs des efforts de lutte contre l\u2019\u00e9pid\u00e9mie de COVID-19 dans le monde.<\/p>\n<p>Auteur: Boudjedri<br \/>\n<a href=\"http:\/\/www.jeune-independant.net\/Depuis-l-apparition-de-l-epidemie.html\">Cliquez ici pour lire l&rsquo;article depuis sa source.<\/a><\/p>\n","protected":false},"excerpt":{"rendered":"<p>Depuis l\u2019apparition de l\u2019\u00e9pid\u00e9mie de pneumonie caus\u00e9e par le nouveau coronavirus, COVID-19, certains politiciens et m\u00e9dias am\u00e9ricains ne cessent, sans aucune preuve, d\u2019accuser la Chine de n\u2019avoir pas \u00ab\u00a0d\u00e9clarer \u00e0 temps l\u2019apparition de l\u2019\u00e9pid\u00e9mie\u00a0\u00bb. Ce qui, selon eux, a rendu difficile \u00ab\u00a0la pr\u00e9vention de l\u2019\u00e9pid\u00e9mie \u00e0 l\u2019\u00e9chelle mondiale\u00a0\u00bb et \u00ab\u00a0caus\u00e9 des troubles et des pertes [&hellip;]<\/p>\n","protected":false},"author":1737,"featured_media":0,"comment_status":"closed","ping_status":"closed","sticky":false,"template":"","format":"standard","meta":{"fifu_image_url":"","fifu_image_alt":"","footnotes":""},"categories":[73,53],"tags":[],"class_list":["post-80017","post","type-post","status-publish","format-standard","hentry","category-actualite","category-algerie"],"_links":{"self":[{"href":"https:\/\/linitiative.ca\/International\/wp-json\/wp\/v2\/posts\/80017","targetHints":{"allow":["GET"]}}],"collection":[{"href":"https:\/\/linitiative.ca\/International\/wp-json\/wp\/v2\/posts"}],"about":[{"href":"https:\/\/linitiative.ca\/International\/wp-json\/wp\/v2\/types\/post"}],"author":[{"embeddable":true,"href":"https:\/\/linitiative.ca\/International\/wp-json\/wp\/v2\/users\/1737"}],"replies":[{"embeddable":true,"href":"https:\/\/linitiative.ca\/International\/wp-json\/wp\/v2\/comments?post=80017"}],"version-history":[{"count":0,"href":"https:\/\/linitiative.ca\/International\/wp-json\/wp\/v2\/posts\/80017\/revisions"}],"wp:attachment":[{"href":"https:\/\/linitiative.ca\/International\/wp-json\/wp\/v2\/media?parent=80017"}],"wp:term":[{"taxonomy":"category","embeddable":true,"href":"https:\/\/linitiative.ca\/International\/wp-json\/wp\/v2\/categories?post=80017"},{"taxonomy":"post_tag","embeddable":true,"href":"https:\/\/linitiative.ca\/International\/wp-json\/wp\/v2\/tags?post=80017"}],"curies":[{"name":"wp","href":"https:\/\/api.w.org\/{rel}","templated":true}]}}