{"id":80024,"date":"2020-03-24T09:44:14","date_gmt":"2020-03-24T13:44:14","guid":{"rendered":"https:\/\/linitiative.ca\/International\/coronavirus-les-jeux-olympiques-de-tokyo-reportes\/"},"modified":"2020-03-24T09:44:14","modified_gmt":"2020-03-24T13:44:14","slug":"coronavirus-les-jeux-olympiques-de-tokyo-reportes","status":"publish","type":"post","link":"https:\/\/linitiative.ca\/International\/coronavirus-les-jeux-olympiques-de-tokyo-reportes\/","title":{"rendered":"Coronavirus : Les Jeux olympiques de Tokyo report\u00e9s"},"content":{"rendered":"<header>\n<div class=\"entry-post-meta\">\n<div class=\"author-link\">Publi\u00e9 par <a itemprop=\"author\" itemscope=\"\" itemtype=\"https:\/\/schema.org\/Person\" href=\"http:\/\/aujourdhui.ma\/profile\/kaid\" rel=\"author\"><span itemprop=\"name\">ALM<\/span><\/a><\/div>\n<p>Date\u00a0:<time content=\"2020-03-24T14:44:14+00:00\" class=\"entry-date updated\" datetime=\"2020-03-24T14:44:14+00:00\">mars 24, 2020<\/time><\/p>\n<div class=\"entry-cat\">dans:<a href=\"http:\/\/aujourdhui.ma\/category\/sports\" rel=\"category tag\">Sports<\/a>, <a href=\"http:\/\/aujourdhui.ma\/category\/une\" rel=\"category tag\">Une<\/a><\/div>\n<p>0 Vues<\/p>\n<\/div>\n<\/header>\n<div class=\"entry-content clearfix\" readability=\"49\"><img decoding=\"async\" class=\"post_layout_5_img\" src=\"http:\/\/aujourdhui.ma\/wp-content\/uploads\/2020\/03\/Japon-Jeux-Olympiques.jpg?x29840\" alt=\"Coronavirus : Les Jeux olympiques de Tokyo report&#xE9;s\"\/><\/p>\n<p><span class=\"c4\"><strong>C\u2019est sans grande surprise que l\u2019on apprend le report des Jeux olympiques de Tokyo , pr\u00e9vus du 24 juillet au 9 ao\u00fbt \u00ab\u00a0au plus tard \u00e0 l\u2019\u00e9t\u00e9 2021\u00a0\u00bb en raison de la pand\u00e9mie de coronavirus. C\u2019est le Comit\u00e9 international olympique (CIO) qui a fait cette annonce.<\/strong><\/span><span id=\"more-338144\"\/><\/p>\n<p>Depuis la premi\u00e8re \u00e9dition en 1896, il s\u2019agit du premier report des Jeux olympiques en dehors d\u2019une p\u00e9riode de guerre.<br \/>Face \u00e0 la pand\u00e9mie de coronavirus, le Japon a demand\u00e9 mardi un report d\u2019un an des Jeux olympiques d\u2019\u00e9t\u00e9 de Tokyo 2020, ce que le Comit\u00e9 international olympique (CIO) a accept\u00e9.<br \/>\u00ab\u00a0J\u2019ai propos\u00e9 de les reporter d\u2019environ un an et le pr\u00e9sident du Comit\u00e9 international olympique (Thomas) Bach a accept\u00e9 \u00e0 100%.\u00a0\u00bb, a annonc\u00e9 le Premier ministre japonais Shinzo Abe devant les cam\u00e9ras de t\u00e9l\u00e9vision, \u00e0 l\u2019issue d\u2019une conf\u00e9rence t\u00e9l\u00e9phonique avec M. Bach.<br \/>C\u2019est un \u00e9norme coup dur pour la ville de Tokyo et le Japon, qui se pr\u00e9paraient minutieusement depuis des ann\u00e9es \u00e0 accueillir le plus grand \u00e9v\u00e9nement sportif de la plan\u00e8te du 24 juillet au 9 ao\u00fbt, suivis des Paralympiques du 25 ao\u00fbt au 6 septembre.<br \/>Le CIO avait indiqu\u00e9 dimanche qu\u2019il se donnait quatre semaines pour prendre une d\u00e9cision mais la pression d\u2019athl\u00e8tes, puis de f\u00e9d\u00e9rations sportives nationales et internationales, devenait de jour en jour plus forte avec la propagation inexorable du coronavirus.<\/p>\n<\/div>\n<p>Auteur: ALM<br \/>\n<a href=\"http:\/\/aujourdhui.ma\/une\/coronavirus-les-jeux-olympiques-de-tokyo-reportes\">Cliquez ici pour lire l&rsquo;article depuis sa source.<\/a><\/p>\n","protected":false},"excerpt":{"rendered":"<p>Publi\u00e9 par ALM Date\u00a0:mars 24, 2020 dans:Sports, Une 0 Vues C\u2019est sans grande surprise que l\u2019on apprend le report des Jeux olympiques de Tokyo , pr\u00e9vus du 24 juillet au 9 ao\u00fbt \u00ab\u00a0au plus tard \u00e0 l\u2019\u00e9t\u00e9 2021\u00a0\u00bb en raison de la pand\u00e9mie de coronavirus. C\u2019est le Comit\u00e9 international olympique (CIO) qui a fait cette [&hellip;]<\/p>\n","protected":false},"author":1759,"featured_media":0,"comment_status":"closed","ping_status":"closed","sticky":false,"template":"","format":"standard","meta":{"fifu_image_url":"","fifu_image_alt":"","footnotes":""},"categories":[73,54],"tags":[],"class_list":["post-80024","post","type-post","status-publish","format-standard","hentry","category-actualite","category-maroc"],"_links":{"self":[{"href":"https:\/\/linitiative.ca\/International\/wp-json\/wp\/v2\/posts\/80024","targetHints":{"allow":["GET"]}}],"collection":[{"href":"https:\/\/linitiative.ca\/International\/wp-json\/wp\/v2\/posts"}],"about":[{"href":"https:\/\/linitiative.ca\/International\/wp-json\/wp\/v2\/types\/post"}],"author":[{"embeddable":true,"href":"https:\/\/linitiative.ca\/International\/wp-json\/wp\/v2\/users\/1759"}],"replies":[{"embeddable":true,"href":"https:\/\/linitiative.ca\/International\/wp-json\/wp\/v2\/comments?post=80024"}],"version-history":[{"count":0,"href":"https:\/\/linitiative.ca\/International\/wp-json\/wp\/v2\/posts\/80024\/revisions"}],"wp:attachment":[{"href":"https:\/\/linitiative.ca\/International\/wp-json\/wp\/v2\/media?parent=80024"}],"wp:term":[{"taxonomy":"category","embeddable":true,"href":"https:\/\/linitiative.ca\/International\/wp-json\/wp\/v2\/categories?post=80024"},{"taxonomy":"post_tag","embeddable":true,"href":"https:\/\/linitiative.ca\/International\/wp-json\/wp\/v2\/tags?post=80024"}],"curies":[{"name":"wp","href":"https:\/\/api.w.org\/{rel}","templated":true}]}}