{"id":80032,"date":"2020-03-24T09:38:58","date_gmt":"2020-03-24T13:38:58","guid":{"rendered":"https:\/\/linitiative.ca\/International\/assurances-automobiles-prorogation-des-contrats-arrives-a-terme-jusquau-11-avril\/"},"modified":"2020-03-24T09:38:58","modified_gmt":"2020-03-24T13:38:58","slug":"assurances-automobiles-prorogation-des-contrats-arrives-a-terme-jusquau-11-avril","status":"publish","type":"post","link":"https:\/\/linitiative.ca\/International\/assurances-automobiles-prorogation-des-contrats-arrives-a-terme-jusquau-11-avril\/","title":{"rendered":"Assurances automobiles :  Prorogation des contrats arriv\u00e9s \u00e0 terme jusqu\u2019au 11 avril"},"content":{"rendered":"<p>La F\u00e9d\u00e9ration tunisienne des soci\u00e9t\u00e9s d\u2019assurances (FTUSA) a d\u00e9cid\u00e9 de prolonger la validit\u00e9 des contrats d\u2019assurances automobiles qui arrivent \u00e0 terme, jusqu\u2019au 11 avril 2020, soit de 7 jours apr\u00e8s la fin du confinement sanitaire g\u00e9n\u00e9ral d\u00e9clar\u00e9 par les autorit\u00e9s officielles.<\/p>\n<p>Dans un communiqu\u00e9 publi\u00e9, lundi, la f\u00e9d\u00e9ration a appel\u00e9 les services du minist\u00e8re de l\u2019Int\u00e9rieur \u00e0 donner les instructions n\u00e9cessaires \u00e0 ses diff\u00e9rents services afin d\u2019assurer la bonne application de cette proc\u00e9dure li\u00e9e \u00e0 la prorogation de la validit\u00e9 des contrats d\u2019assurances.<\/p>\n<p>Pour les autres contrats et services, la FTUSA a appel\u00e9 les assur\u00e9s \u00e0 contacter les services centraux des soci\u00e9t\u00e9s d\u2019assurances ou leurs agences pour obtenir les informations n\u00e9cessaires; et ce via les moyens de communication \u00e0 distance (t\u00e9l\u00e9phone, web, courrier \u00e9lectronique, r\u00e9seaux sociaux, \u2026).<\/p>\n<p>La FTUSA a exprim\u00e9, en outre, son engagement \u00e0 se conformer appliquer les r\u00e8gles de la quarantaine publique tout en assurant le service minimum, pour la p\u00e9riode allant du lundi, 23 mars 2020 jusqu\u2019au 4 avril 2020, pr\u00e9cisant que ces d\u00e9cisions ont \u00e9t\u00e9 prises dans le cadre de la pr\u00e9vention de Covid-19 et la pr\u00e9servation des int\u00e9r\u00eats des assur\u00e9s durant ce contexte exceptionnel que connait la Tunisie.<\/p>\n<div class=\"wp-post-author-wrap wp-post-author-shortcode left\">\n<h3 class=\"awpa-title\"\/>\n<div class=\"wp-post-author\">\n<div class=\"awpa-img awpa-author-block square\"><a href=\"http:\/\/lexpertjournal.net\/fr\/?author=5\"><img loading=\"lazy\" decoding=\"async\" alt=\"\" src=\"http:\/\/0.gravatar.com\/avatar\/97f8e10a1c1125ba104a76514ee07b16?s=150&amp;d=mm&amp;r=g\" srcset=\"http:\/\/0.gravatar.com\/avatar\/97f8e10a1c1125ba104a76514ee07b16?s=300&amp;d=mm&amp;r=g 2x\" class=\"avatar avatar-150 photo\" height=\"150\" width=\"150\"\/><\/a><\/div>\n<\/div>\n<\/div>\n<aside class=\"mashsb-container mashsb-main mashsb-stretched\">\n<\/aside>\n<p>Auteur: L&rsquo;expert<br \/>\n<a href=\"http:\/\/lexpertjournal.net\/fr\/?p=13182\">Cliquez ici pour lire l&rsquo;article depuis sa source.<\/a><\/p>\n","protected":false},"excerpt":{"rendered":"<p>La F\u00e9d\u00e9ration tunisienne des soci\u00e9t\u00e9s d\u2019assurances (FTUSA) a d\u00e9cid\u00e9 de prolonger la validit\u00e9 des contrats d\u2019assurances automobiles qui arrivent \u00e0 terme, jusqu\u2019au 11 avril 2020, soit de 7 jours apr\u00e8s la fin du confinement sanitaire g\u00e9n\u00e9ral d\u00e9clar\u00e9 par les autorit\u00e9s officielles. Dans un communiqu\u00e9 publi\u00e9, lundi, la f\u00e9d\u00e9ration a appel\u00e9 les services du minist\u00e8re de [&hellip;]<\/p>\n","protected":false},"author":1775,"featured_media":0,"comment_status":"closed","ping_status":"closed","sticky":false,"template":"","format":"standard","meta":{"fifu_image_url":"","fifu_image_alt":"","footnotes":""},"categories":[78,55],"tags":[],"class_list":["post-80032","post","type-post","status-publish","format-standard","hentry","category-economie","category-tunisie"],"_links":{"self":[{"href":"https:\/\/linitiative.ca\/International\/wp-json\/wp\/v2\/posts\/80032","targetHints":{"allow":["GET"]}}],"collection":[{"href":"https:\/\/linitiative.ca\/International\/wp-json\/wp\/v2\/posts"}],"about":[{"href":"https:\/\/linitiative.ca\/International\/wp-json\/wp\/v2\/types\/post"}],"author":[{"embeddable":true,"href":"https:\/\/linitiative.ca\/International\/wp-json\/wp\/v2\/users\/1775"}],"replies":[{"embeddable":true,"href":"https:\/\/linitiative.ca\/International\/wp-json\/wp\/v2\/comments?post=80032"}],"version-history":[{"count":0,"href":"https:\/\/linitiative.ca\/International\/wp-json\/wp\/v2\/posts\/80032\/revisions"}],"wp:attachment":[{"href":"https:\/\/linitiative.ca\/International\/wp-json\/wp\/v2\/media?parent=80032"}],"wp:term":[{"taxonomy":"category","embeddable":true,"href":"https:\/\/linitiative.ca\/International\/wp-json\/wp\/v2\/categories?post=80032"},{"taxonomy":"post_tag","embeddable":true,"href":"https:\/\/linitiative.ca\/International\/wp-json\/wp\/v2\/tags?post=80032"}],"curies":[{"name":"wp","href":"https:\/\/api.w.org\/{rel}","templated":true}]}}