{"id":80033,"date":"2020-03-24T09:41:31","date_gmt":"2020-03-24T13:41:31","guid":{"rendered":"https:\/\/linitiative.ca\/International\/fakhfakh-et-les-organisations-nationales-tout-pour-la-preservation-de-la-securite-sanitaire\/"},"modified":"2020-03-24T09:41:31","modified_gmt":"2020-03-24T13:41:31","slug":"fakhfakh-et-les-organisations-nationales-tout-pour-la-preservation-de-la-securite-sanitaire","status":"publish","type":"post","link":"https:\/\/linitiative.ca\/International\/fakhfakh-et-les-organisations-nationales-tout-pour-la-preservation-de-la-securite-sanitaire\/","title":{"rendered":"Fakhfakh et les organisations nationales : Tout pour la pr\u00e9servation de la s\u00e9curit\u00e9 sanitaire"},"content":{"rendered":"<p>Le chef du gouvernement, Elyes Fakhfakh s\u2019est entretenu, lundi au palais du gouvernement \u00e0 La Kasbah avec le secr\u00e9taire g\u00e9n\u00e9ral de l\u2019union g\u00e9n\u00e9rale tunisienne du travail (UGTT), Noureddine Taboubi, le pr\u00e9sident de l\u2019Union Tunisienne de l\u2019Industrie, du Commerce et de l\u2019Artisanat (UTICA), Samir Majoul et le pr\u00e9sident de l\u2019Union Tunisienne de l\u2019Agriculture et de la p\u00eache (UTAP), Abdelmajid Zar.<\/p>\n<p>Le chef du gouvernement a soulign\u00e9, \u00e0 cette occasion, l\u2019importance d\u2019intensifier les consultations avec les organisations nationales en cette phase d\u00e9licate que traverse le pays pour faire face aux cons\u00e9quences sanitaires, sociales et \u00e9conomiques du Coronavirus.<\/p>\n<p>Il a, \u00e9galement, mis l\u2019accent sur la n\u00e9cessit\u00e9 de consacrer l\u2019unit\u00e9 nationale et de donner la priorit\u00e9 \u00e0 la pr\u00e9servation de la s\u00e9curit\u00e9 sanitaire des Tunisiens et \u00e0 la r\u00e9duction des r\u00e9percussions de cette pand\u00e9mie sur le pays.<\/p>\n<div class=\"wp-post-author-wrap wp-post-author-shortcode left\">\n<h3 class=\"awpa-title\"\/>\n<div class=\"wp-post-author\">\n<div class=\"awpa-img awpa-author-block square\"><a href=\"http:\/\/lexpertjournal.net\/fr\/?author=5\"><img loading=\"lazy\" decoding=\"async\" alt=\"\" src=\"http:\/\/0.gravatar.com\/avatar\/97f8e10a1c1125ba104a76514ee07b16?s=150&amp;d=mm&amp;r=g\" srcset=\"http:\/\/0.gravatar.com\/avatar\/97f8e10a1c1125ba104a76514ee07b16?s=300&amp;d=mm&amp;r=g 2x\" class=\"avatar avatar-150 photo\" height=\"150\" width=\"150\"\/><\/a><\/div>\n<\/div>\n<\/div>\n<aside class=\"mashsb-container mashsb-main mashsb-stretched\">\n<\/aside>\n<p>Auteur: L&rsquo;expert<br \/>\n<a href=\"http:\/\/lexpertjournal.net\/fr\/?p=13185\">Cliquez ici pour lire l&rsquo;article depuis sa source.<\/a><\/p>\n","protected":false},"excerpt":{"rendered":"<p>Le chef du gouvernement, Elyes Fakhfakh s\u2019est entretenu, lundi au palais du gouvernement \u00e0 La Kasbah avec le secr\u00e9taire g\u00e9n\u00e9ral de l\u2019union g\u00e9n\u00e9rale tunisienne du travail (UGTT), Noureddine Taboubi, le pr\u00e9sident de l\u2019Union Tunisienne de l\u2019Industrie, du Commerce et de l\u2019Artisanat (UTICA), Samir Majoul et le pr\u00e9sident de l\u2019Union Tunisienne de l\u2019Agriculture et de la [&hellip;]<\/p>\n","protected":false},"author":1775,"featured_media":0,"comment_status":"closed","ping_status":"closed","sticky":false,"template":"","format":"standard","meta":{"fifu_image_url":"","fifu_image_alt":"","footnotes":""},"categories":[78,55],"tags":[],"class_list":["post-80033","post","type-post","status-publish","format-standard","hentry","category-economie","category-tunisie"],"_links":{"self":[{"href":"https:\/\/linitiative.ca\/International\/wp-json\/wp\/v2\/posts\/80033","targetHints":{"allow":["GET"]}}],"collection":[{"href":"https:\/\/linitiative.ca\/International\/wp-json\/wp\/v2\/posts"}],"about":[{"href":"https:\/\/linitiative.ca\/International\/wp-json\/wp\/v2\/types\/post"}],"author":[{"embeddable":true,"href":"https:\/\/linitiative.ca\/International\/wp-json\/wp\/v2\/users\/1775"}],"replies":[{"embeddable":true,"href":"https:\/\/linitiative.ca\/International\/wp-json\/wp\/v2\/comments?post=80033"}],"version-history":[{"count":0,"href":"https:\/\/linitiative.ca\/International\/wp-json\/wp\/v2\/posts\/80033\/revisions"}],"wp:attachment":[{"href":"https:\/\/linitiative.ca\/International\/wp-json\/wp\/v2\/media?parent=80033"}],"wp:term":[{"taxonomy":"category","embeddable":true,"href":"https:\/\/linitiative.ca\/International\/wp-json\/wp\/v2\/categories?post=80033"},{"taxonomy":"post_tag","embeddable":true,"href":"https:\/\/linitiative.ca\/International\/wp-json\/wp\/v2\/tags?post=80033"}],"curies":[{"name":"wp","href":"https:\/\/api.w.org\/{rel}","templated":true}]}}